{"id":1889148,"date":"2026-04-17T10:25:02","date_gmt":"2026-04-17T07:25:02","guid":{"rendered":"https:\/\/analyse.optim.biz\/?p=1889148"},"modified":"2026-04-17T10:25:02","modified_gmt":"2026-04-17T07:25:02","slug":"a-viii-a-editie-a-concursului-national-comunicam-prin-gest-culoare-si-miscare-a-debutat-la-liceul-tehnologic-special-bivolarie-din-suceava","status":"publish","type":"post","link":"https:\/\/analyse.optim.biz\/?p=1889148","title":{"rendered":"A VIII-a edi\u021bie a Concursului Na\u021bional \u201eComunic\u0103m prin gest, culoare \u0219i mi\u0219care\u201d a debutat la Liceul Tehnologic Special Bivol\u0103rie din Suceava"},"content":{"rendered":"<p>[analyse_image type=&#8221;featured&#8221; src=&#8221;https:\/\/www.newsbucovina.ro\/wp-content\/uploads\/2026\/04\/672674973_1447767800694555_728713909896828665_n.jpghttps:\/\/cdn.newsbucovina.ro\/wp-content\/uploads\/2026\/04\/672674973_1447767800694555_728713909896828665_n.jpg&#8221;]<\/p>\n<div class=\"td-post-content tagdiv-type\">\n<div class=\"td-a-rec td-a-rec-id-content_top  tdi_3 td_block_template_1\"><strong>Intr\u0103 acum \u0219i \u00een grupul de <\/p>\n<div class=\"wp-block-button\"><a class=\"wp-block-button__link wp-element-button\" href=\"https:\/\/t.me\/+TH8wcfnp8fw5NWI0\">Telegram News Bucovina<\/a><\/div>\n<p><\/strong><\/div>\n<p>Inspectoratul \u0218colar Jude\u021bean Suceava \u0219i Liceul Tehnologic Special Bivol\u0103rie g\u0103zduiesc, \u00een perioada <strong>16-19 aprilie 2026<\/strong>, cea de-a VIII-a edi\u021bie a Concursului Na\u021bional \u201eComunic\u0103m prin gest, culoare \u0219i mi\u0219care\u201d, un eveniment de referin\u021b\u0103 pentru \u00eenv\u0103\u021b\u0103m\u00e2ntul special din Rom\u00e2nia.<\/p>\n<figure class=\"wp-block-image size-large\"><a href=\"https:\/\/cdn.newsbucovina.ro\/wp-content\/uploads\/2026\/04\/672674973_1447767800694555_728713909896828665_n.jpg\"><img loading=\"lazy\" decoding=\"async\" width=\"1024\" height=\"576\" src=\"https:\/\/cdn.newsbucovina.ro\/wp-content\/uploads\/2026\/04\/672674973_1447767800694555_728713909896828665_n-1024x576.jpg\" alt class=\"wp-image-436380\"><\/a><\/figure>\n<p>Concursul, \u00eenscris \u00een Calendarul Proiectelor de Educa\u021bie Extra\u0219colar\u0103 Na\u021bionale (CPEEN 2026), celebreaz\u0103 talentul, creativitatea \u0219i rezilien\u021ba elevilor cu deficien\u021be de auz, oferindu-le oportunitatea de a se exprima prin trei sec\u021biuni pline de expresivitate: <strong>pantomim\u0103<\/strong>, <strong>arte plastice<\/strong> \u0219i <strong>probe sportive<\/strong> (triatlon \u0219i tenis de mas\u0103).<\/p>\n<p>La aceast\u0103 edi\u021bie particip\u0103 <strong>10 unit\u0103\u021bi \u0219colare de elit\u0103<\/strong> din \u00eentreaga \u021bar\u0103: Liceul Tehnologic Special Bivol\u0103rie, Liceul Tehnologic Special nr. 3 Bucure\u0219ti, Liceul Special pentru Deficien\u021bi de Auz \u201eSf\u00e2nta Maria\u201d Bucure\u0219ti, \u0218coala Gimnazial\u0103 Special\u0103 pentru surzi nr. 1 Bucure\u0219ti, Liceul Tehnologic Special pentru copii cu Deficien\u021be Auditive Buz\u0103u, CSEI \u201eElena Doamna\u201d Foc\u0219ani, Liceul Tehnologic Special pentru Deficien\u021bi de Auz Cluj-Napoca, Liceul Tehnologic \u201eVasile Pavelcu\u201d Ia\u0219i, CSEI nr. 2 Sibiu \u0219i CSEI \u201eConstantin Pufan\u201d Timi\u0219oara.<\/p>\n<p>Evenimentul a debutat \u00eentr-o atmosfer\u0103 festiv\u0103, onorat\u0103 de prezen\u021ba unor invita\u021bi de seam\u0103, printre care:<\/p>\n<ul class=\"wp-block-list\">\n<li>prof. univ. dr. <strong>Alois Ghergu\u021b<\/strong> (Universitatea \u201eAlexandru Ioan Cuza\u201d Ia\u0219i) \u2013 pre\u0219edintele Comisiei centrale;<\/li>\n<li>prof. <strong>Nicolae-Ciprian Anton<\/strong> \u2013 inspector \u0219colar general al ISJ Suceava;<\/li>\n<li>prof. <strong>Tatiana V\u00eentur<\/strong> \u2013 inspector \u0219colar pentru educa\u021bie permanent\u0103;<\/li>\n<li>prof. <strong>Ciprian-Ionu\u021b Manolache<\/strong> \u2013 inspector \u0219colar pentru \u00eenv\u0103\u021b\u0103m\u00e2nt special;<\/li>\n<li>Alina Chifan, director comercial EGGER Tehnologia SRL R\u0103d\u0103u\u021bi \u2013 sponsorul unic al concursului;<\/li>\n<li>reprezentan\u021bi ai Asocia\u021biei \u201eAripi de lini\u0219te\u201d.<\/li>\n<\/ul>\n<p>Prin acest concurs, organizatorii \u00ee\u0219i propun s\u0103 promoveze incluziunea, spiritul de echip\u0103 \u0219i dezvoltarea armonioas\u0103 a elevilor cu cerin\u021be educa\u021bionale speciale, demonstr\u00e2nd c\u0103 talentul \u0219i determinarea pot dep\u0103\u0219i orice barier\u0103.<\/p>\n<div class=\"td-a-rec td-a-rec-id-content_bottom  tdi_4 td_block_template_1\"><strong>Intr\u0103 acum \u0219i \u00een grupul de <\/p>\n<div class=\"wp-block-button\"><a class=\"wp-block-button__link wp-element-button\" href=\"https:\/\/t.me\/+TH8wcfnp8fw5NWI0\">Telegram News Bucovina<\/a><\/div>\n<p><\/strong><\/div>\n<\/div>\n<div class=\"td-post-content tagdiv-type\">\n<div class=\"td-a-rec td-a-rec-id-content_top  tdi_3 td_block_template_1\"><strong>Intr\u0103 acum \u0219i \u00een grupul de <\/p>\n<div class=\"wp-block-button\"><a class=\"wp-block-button__link wp-element-button\" href=\"https:\/\/t.me\/+TH8wcfnp8fw5NWI0\">Telegram News Bucovina<\/a><\/div>\n<p><\/strong><\/div>\n<p>Inspectoratul \u0218colar Jude\u021bean Suceava \u0219i Liceul Tehnologic Special Bivol\u0103rie g\u0103zduiesc, \u00een perioada <strong>16-19 aprilie 2026<\/strong>, cea de-a VIII-a edi\u021bie a Concursului Na\u021bional \u201eComunic\u0103m prin gest, culoare \u0219i mi\u0219care\u201d, un eveniment de referin\u021b\u0103 pentru \u00eenv\u0103\u021b\u0103m\u00e2ntul special din Rom\u00e2nia.<\/p>\n<figure class=\"wp-block-image size-large\"><a href=\"https:\/\/cdn.newsbucovina.ro\/wp-content\/uploads\/2026\/04\/672674973_1447767800694555_728713909896828665_n.jpg\"><img loading=\"lazy\" decoding=\"async\" width=\"1024\" height=\"576\" src=\"https:\/\/cdn.newsbucovina.ro\/wp-content\/uploads\/2026\/04\/672674973_1447767800694555_728713909896828665_n-1024x576.jpg\" alt class=\"wp-image-436380\"><\/a><\/figure>\n<p>Concursul, \u00eenscris \u00een Calendarul Proiectelor de Educa\u021bie Extra\u0219colar\u0103 Na\u021bionale (CPEEN 2026), celebreaz\u0103 talentul, creativitatea \u0219i rezilien\u021ba elevilor cu deficien\u021be de auz, oferindu-le oportunitatea de a se exprima prin trei sec\u021biuni pline de expresivitate: <strong>pantomim\u0103<\/strong>, <strong>arte plastice<\/strong> \u0219i <strong>probe sportive<\/strong> (triatlon \u0219i tenis de mas\u0103).<\/p>\n<p>La aceast\u0103 edi\u021bie particip\u0103 <strong>10 unit\u0103\u021bi \u0219colare de elit\u0103<\/strong> din \u00eentreaga \u021bar\u0103: Liceul Tehnologic Special Bivol\u0103rie, Liceul Tehnologic Special nr. 3 Bucure\u0219ti, Liceul Special pentru Deficien\u021bi de Auz \u201eSf\u00e2nta Maria\u201d Bucure\u0219ti, \u0218coala Gimnazial\u0103 Special\u0103 pentru surzi nr. 1 Bucure\u0219ti, Liceul Tehnologic Special pentru copii cu Deficien\u021be Auditive Buz\u0103u, CSEI \u201eElena Doamna\u201d Foc\u0219ani, Liceul Tehnologic Special pentru Deficien\u021bi de Auz Cluj-Napoca, Liceul Tehnologic \u201eVasile Pavelcu\u201d Ia\u0219i, CSEI nr. 2 Sibiu \u0219i CSEI \u201eConstantin Pufan\u201d Timi\u0219oara.<\/p>\n<p>Evenimentul a debutat \u00eentr-o atmosfer\u0103 festiv\u0103, onorat\u0103 de prezen\u021ba unor invita\u021bi de seam\u0103, printre care:<\/p>\n<ul class=\"wp-block-list\">\n<li>prof. univ. dr. <strong>Alois Ghergu\u021b<\/strong> (Universitatea \u201eAlexandru Ioan Cuza\u201d Ia\u0219i) \u2013 pre\u0219edintele Comisiei centrale;<\/li>\n<li>prof. <strong>Nicolae-Ciprian Anton<\/strong> \u2013 inspector \u0219colar general al ISJ Suceava;<\/li>\n<li>prof. <strong>Tatiana V\u00eentur<\/strong> \u2013 inspector \u0219colar pentru educa\u021bie permanent\u0103;<\/li>\n<li>prof. <strong>Ciprian-Ionu\u021b Manolache<\/strong> \u2013 inspector \u0219colar pentru \u00eenv\u0103\u021b\u0103m\u00e2nt special;<\/li>\n<li>Alina Chifan, director comercial EGGER Tehnologia SRL R\u0103d\u0103u\u021bi \u2013 sponsorul unic al concursului;<\/li>\n<li>reprezentan\u021bi ai Asocia\u021biei \u201eAripi de lini\u0219te\u201d.<\/li>\n<\/ul>\n<p>Prin acest concurs, organizatorii \u00ee\u0219i propun s\u0103 promoveze incluziunea, spiritul de echip\u0103 \u0219i dezvoltarea armonioas\u0103 a elevilor cu cerin\u021be educa\u021bionale speciale, demonstr\u00e2nd c\u0103 talentul \u0219i determinarea pot dep\u0103\u0219i orice barier\u0103.<\/p>\n<div class=\"td-a-rec td-a-rec-id-content_bottom  tdi_4 td_block_template_1\"><strong>Intr\u0103 acum \u0219i \u00een grupul de <\/p>\n<div class=\"wp-block-button\"><a class=\"wp-block-button__link wp-element-button\" href=\"https:\/\/t.me\/+TH8wcfnp8fw5NWI0\">Telegram News Bucovina<\/a><\/div>\n<p><\/strong><\/div>\n<\/div>\n<p>[analyse_source url=&#8221;https:\/\/www.newsbucovina.ro\/actualitate\/436379\/a-viii-a-editie-a-concursului-national-comunicam-prin-gest-culoare-si-miscare-a-debutat-la-liceul-tehnologic-special-bivolarie-din-suceava&#8221;]<\/p>\n","protected":false},"excerpt":{"rendered":"<p>[analyse_image type=&#8221;featured&#8221; src=&#8221;https:\/\/www.newsbucovina.ro\/wp-content\/uploads\/2026\/04\/672674973_1447767800694555_728713909896828665_n.jpghttps:\/\/cdn.newsbucovina.ro\/wp-content\/uploads\/2026\/04\/672674973_1447767800694555_728713909896828665_n.jpg&#8221;] Intr\u0103 acum \u0219i \u00een grupul de Telegram News Bucovina Inspectoratul \u0218colar Jude\u021bean Suceava \u0219i Liceul Tehnologic Special Bivol\u0103rie g\u0103zduiesc, \u00een perioada 16-19 aprilie 2026, cea de-a VIII-a edi\u021bie a Concursului Na\u021bional \u201eComunic\u0103m prin gest, culoare \u0219i mi\u0219care\u201d, un eveniment de referin\u021b\u0103 pentru \u00eenv\u0103\u021b\u0103m\u00e2ntul special din Rom\u00e2nia. Concursul, \u00eenscris \u00een Calendarul Proiectelor de [&hellip;]<\/p>\n","protected":false},"author":1,"featured_media":0,"comment_status":"open","ping_status":"","sticky":false,"template":"","format":"standard","meta":{"footnotes":""},"categories":[89],"tags":[226,165],"class_list":["post-1889148","post","type-post","status-publish","format-standard","hentry","category-romania","tag-crawlmanager","tag-newsbucovina-ro"],"_links":{"self":[{"href":"https:\/\/analyse.optim.biz\/index.php?rest_route=\/wp\/v2\/posts\/1889148","targetHints":{"allow":["GET"]}}],"collection":[{"href":"https:\/\/analyse.optim.biz\/index.php?rest_route=\/wp\/v2\/posts"}],"about":[{"href":"https:\/\/analyse.optim.biz\/index.php?rest_route=\/wp\/v2\/types\/post"}],"author":[{"embeddable":true,"href":"https:\/\/analyse.optim.biz\/index.php?rest_route=\/wp\/v2\/users\/1"}],"replies":[{"embeddable":true,"href":"https:\/\/analyse.optim.biz\/index.php?rest_route=%2Fwp%2Fv2%2Fcomments&post=1889148"}],"version-history":[{"count":0,"href":"https:\/\/analyse.optim.biz\/index.php?rest_route=\/wp\/v2\/posts\/1889148\/revisions"}],"wp:attachment":[{"href":"https:\/\/analyse.optim.biz\/index.php?rest_route=%2Fwp%2Fv2%2Fmedia&parent=1889148"}],"wp:term":[{"taxonomy":"category","embeddable":true,"href":"https:\/\/analyse.optim.biz\/index.php?rest_route=%2Fwp%2Fv2%2Fcategories&post=1889148"},{"taxonomy":"post_tag","embeddable":true,"href":"https:\/\/analyse.optim.biz\/index.php?rest_route=%2Fwp%2Fv2%2Ftags&post=1889148"}],"curies":[{"name":"wp","href":"https:\/\/api.w.org\/{rel}","templated":true}]}}