{"id":1889147,"date":"2026-04-17T07:49:22","date_gmt":"2026-04-17T04:49:22","guid":{"rendered":"https:\/\/analyse.optim.biz\/?p=1889147"},"modified":"2026-04-17T07:49:22","modified_gmt":"2026-04-17T04:49:22","slug":"incendiu-violent-la-o-casa-de-locuit-din-orasul-cajvana-pompierii-intervin-cu-7-autospeciale","status":"publish","type":"post","link":"https:\/\/analyse.optim.biz\/?p=1889147","title":{"rendered":"Incendiu violent la o cas\u0103 de locuit din ora\u0219ul Cajvana. Pompierii intervin cu 7 autospeciale"},"content":{"rendered":"<p>[analyse_image type=&#8221;featured&#8221; src=&#8221;https:\/\/www.newsbucovina.ro\/wp-content\/uploads\/2026\/04\/WhatsApp-Image-2026-04-17-at-10.45.45.jpeghttps:\/\/cdn.newsbucovina.ro\/wp-content\/uploads\/2026\/04\/WhatsApp-Image-2026-04-17-at-10.45.45-e1776424875612.jpeg&#8221;]<\/p>\n<div class=\"td-post-content tagdiv-type\">\n<div class=\"td-a-rec td-a-rec-id-content_top  tdi_3 td_block_template_1\"><strong>Intr\u0103 acum \u0219i \u00een grupul de <\/p>\n<div class=\"wp-block-button\"><a class=\"wp-block-button__link wp-element-button\" href=\"https:\/\/t.me\/+TH8wcfnp8fw5NWI0\">Telegram News Bucovina<\/a><\/div>\n<p><\/strong><\/div>\n<p>Un incendiu de propor\u021bii a izbucnit vineri, 16 aprilie 2026, la o cas\u0103 de locuit din ora\u0219ul Cajvana.<\/p>\n<figure class=\"wp-block-gallery has-nested-images columns-default is-cropped wp-block-gallery-1 is-layout-flex wp-block-gallery-is-layout-flex\">\n<figure class=\"wp-block-image size-large\"><a href=\"https:\/\/cdn.newsbucovina.ro\/wp-content\/uploads\/2026\/04\/WhatsApp-Image-2026-04-17-at-10.45.45.jpeg\"><img decoding=\"async\" data-id=\"436364\" src=\"https:\/\/cdn.newsbucovina.ro\/wp-content\/uploads\/2026\/04\/WhatsApp-Image-2026-04-17-at-10.45.45-1024x771.jpeg\" alt class=\"wp-image-436364\"><\/a><\/figure>\n<figure class=\"wp-block-image size-large\"><a href=\"https:\/\/cdn.newsbucovina.ro\/wp-content\/uploads\/2026\/04\/WhatsApp-Image-2026-04-17-at-10.45.451.jpeg\"><img loading=\"lazy\" decoding=\"async\" width=\"1024\" height=\"771\" data-id=\"436365\" src=\"https:\/\/cdn.newsbucovina.ro\/wp-content\/uploads\/2026\/04\/WhatsApp-Image-2026-04-17-at-10.45.451-1024x771.jpeg\" alt class=\"wp-image-436365\"><\/a><\/figure>\n<\/figure>\n<p>Potrivit slt. Radu Gabriel din cadrul ISU Suceava, la fa\u021ba locului s-au deplasat pompierii militari din cadrul G\u0103rzii de Interven\u021bie Solca \u0219i voluntarii Serviciilor Voluntare pentru Situa\u021bii de Urgen\u021b\u0103 din Cajvana, Arbore \u0219i Boto\u0219ana, cu un efectiv important format din <strong>7 autospeciale de stingere<\/strong>.<\/p>\n<p>La sosirea echipajelor, fl\u0103c\u0103rile se manifestau cu violen\u021b\u0103 la acoperi\u0219ul casei de locuit \u0219i la o anex\u0103, exist\u00e2nd un pericol real de propagare la \u00eentreaga construc\u021bie.<\/p>\n<p>Pompierii au ac\u021bionat pentru localizarea incendiului, reu\u0219ind s\u0103 \u00eel \u021bin\u0103 sub control. La acest moment, incendiul este localizat \u0219i se lucreaz\u0103 intens pentru lichidarea complet\u0103 a focarului.<\/p>\n<p>Din fericire, p\u00e2n\u0103 \u00een prezent nu au fost \u00eenregistrate victime omene\u0219ti.<\/p>\n<p>Cauza exact\u0103 a incendiului \u0219i pagubele provocate vor fi stabilite \u00een urma cercet\u0103rilor efectuate de speciali\u0219tii ISU Suceava.<\/p>\n<div class=\"td-a-rec td-a-rec-id-content_bottom  tdi_4 td_block_template_1\"><strong>Intr\u0103 acum \u0219i \u00een grupul de <\/p>\n<div class=\"wp-block-button\"><a class=\"wp-block-button__link wp-element-button\" href=\"https:\/\/t.me\/+TH8wcfnp8fw5NWI0\">Telegram News Bucovina<\/a><\/div>\n<p><\/strong><\/div>\n<\/div>\n<div class=\"td-post-content tagdiv-type\">\n<div class=\"td-a-rec td-a-rec-id-content_top  tdi_3 td_block_template_1\"><strong>Intr\u0103 acum \u0219i \u00een grupul de <\/p>\n<div class=\"wp-block-button\"><a class=\"wp-block-button__link wp-element-button\" href=\"https:\/\/t.me\/+TH8wcfnp8fw5NWI0\">Telegram News Bucovina<\/a><\/div>\n<p><\/strong><\/div>\n<p>Un incendiu de propor\u021bii a izbucnit vineri, 16 aprilie 2026, la o cas\u0103 de locuit din ora\u0219ul Cajvana.<\/p>\n<figure class=\"wp-block-gallery has-nested-images columns-default is-cropped wp-block-gallery-1 is-layout-flex wp-block-gallery-is-layout-flex\">\n<figure class=\"wp-block-image size-large\"><a href=\"https:\/\/cdn.newsbucovina.ro\/wp-content\/uploads\/2026\/04\/WhatsApp-Image-2026-04-17-at-10.45.45.jpeg\"><img decoding=\"async\" data-id=\"436364\" src=\"https:\/\/cdn.newsbucovina.ro\/wp-content\/uploads\/2026\/04\/WhatsApp-Image-2026-04-17-at-10.45.45-1024x771.jpeg\" alt class=\"wp-image-436364\"><\/a><\/figure>\n<figure class=\"wp-block-image size-large\"><a href=\"https:\/\/cdn.newsbucovina.ro\/wp-content\/uploads\/2026\/04\/WhatsApp-Image-2026-04-17-at-10.45.451.jpeg\"><img loading=\"lazy\" decoding=\"async\" width=\"1024\" height=\"771\" data-id=\"436365\" src=\"https:\/\/cdn.newsbucovina.ro\/wp-content\/uploads\/2026\/04\/WhatsApp-Image-2026-04-17-at-10.45.451-1024x771.jpeg\" alt class=\"wp-image-436365\"><\/a><\/figure>\n<\/figure>\n<p>Potrivit slt. Radu Gabriel din cadrul ISU Suceava, la fa\u021ba locului s-au deplasat pompierii militari din cadrul G\u0103rzii de Interven\u021bie Solca \u0219i voluntarii Serviciilor Voluntare pentru Situa\u021bii de Urgen\u021b\u0103 din Cajvana, Arbore \u0219i Boto\u0219ana, cu un efectiv important format din <strong>7 autospeciale de stingere<\/strong>.<\/p>\n<p>La sosirea echipajelor, fl\u0103c\u0103rile se manifestau cu violen\u021b\u0103 la acoperi\u0219ul casei de locuit \u0219i la o anex\u0103, exist\u00e2nd un pericol real de propagare la \u00eentreaga construc\u021bie.<\/p>\n<p>Pompierii au ac\u021bionat pentru localizarea incendiului, reu\u0219ind s\u0103 \u00eel \u021bin\u0103 sub control. La acest moment, incendiul este localizat \u0219i se lucreaz\u0103 intens pentru lichidarea complet\u0103 a focarului.<\/p>\n<p>Din fericire, p\u00e2n\u0103 \u00een prezent nu au fost \u00eenregistrate victime omene\u0219ti.<\/p>\n<p>Cauza exact\u0103 a incendiului \u0219i pagubele provocate vor fi stabilite \u00een urma cercet\u0103rilor efectuate de speciali\u0219tii ISU Suceava.<\/p>\n<div class=\"td-a-rec td-a-rec-id-content_bottom  tdi_4 td_block_template_1\"><strong>Intr\u0103 acum \u0219i \u00een grupul de <\/p>\n<div class=\"wp-block-button\"><a class=\"wp-block-button__link wp-element-button\" href=\"https:\/\/t.me\/+TH8wcfnp8fw5NWI0\">Telegram News Bucovina<\/a><\/div>\n<p><\/strong><\/div>\n<\/div>\n<p>[analyse_source url=&#8221;https:\/\/www.newsbucovina.ro\/actualitate\/436363\/incendiu-violent-la-o-casa-de-locuit-din-orasul-cajvana-pompierii-intervin-cu-7-autospeciale&#8221;]<\/p>\n","protected":false},"excerpt":{"rendered":"<p>[analyse_image type=&#8221;featured&#8221; src=&#8221;https:\/\/www.newsbucovina.ro\/wp-content\/uploads\/2026\/04\/WhatsApp-Image-2026-04-17-at-10.45.45.jpeghttps:\/\/cdn.newsbucovina.ro\/wp-content\/uploads\/2026\/04\/WhatsApp-Image-2026-04-17-at-10.45.45-e1776424875612.jpeg&#8221;] Intr\u0103 acum \u0219i \u00een grupul de Telegram News Bucovina Un incendiu de propor\u021bii a izbucnit vineri, 16 aprilie 2026, la o cas\u0103 de locuit din ora\u0219ul Cajvana. Potrivit slt. Radu Gabriel din cadrul ISU Suceava, la fa\u021ba locului s-au deplasat pompierii militari din cadrul G\u0103rzii de Interven\u021bie Solca \u0219i voluntarii Serviciilor Voluntare [&hellip;]<\/p>\n","protected":false},"author":1,"featured_media":0,"comment_status":"open","ping_status":"","sticky":false,"template":"","format":"standard","meta":{"footnotes":""},"categories":[89],"tags":[226,165],"class_list":["post-1889147","post","type-post","status-publish","format-standard","hentry","category-romania","tag-crawlmanager","tag-newsbucovina-ro"],"_links":{"self":[{"href":"https:\/\/analyse.optim.biz\/index.php?rest_route=\/wp\/v2\/posts\/1889147","targetHints":{"allow":["GET"]}}],"collection":[{"href":"https:\/\/analyse.optim.biz\/index.php?rest_route=\/wp\/v2\/posts"}],"about":[{"href":"https:\/\/analyse.optim.biz\/index.php?rest_route=\/wp\/v2\/types\/post"}],"author":[{"embeddable":true,"href":"https:\/\/analyse.optim.biz\/index.php?rest_route=\/wp\/v2\/users\/1"}],"replies":[{"embeddable":true,"href":"https:\/\/analyse.optim.biz\/index.php?rest_route=%2Fwp%2Fv2%2Fcomments&post=1889147"}],"version-history":[{"count":0,"href":"https:\/\/analyse.optim.biz\/index.php?rest_route=\/wp\/v2\/posts\/1889147\/revisions"}],"wp:attachment":[{"href":"https:\/\/analyse.optim.biz\/index.php?rest_route=%2Fwp%2Fv2%2Fmedia&parent=1889147"}],"wp:term":[{"taxonomy":"category","embeddable":true,"href":"https:\/\/analyse.optim.biz\/index.php?rest_route=%2Fwp%2Fv2%2Fcategories&post=1889147"},{"taxonomy":"post_tag","embeddable":true,"href":"https:\/\/analyse.optim.biz\/index.php?rest_route=%2Fwp%2Fv2%2Ftags&post=1889147"}],"curies":[{"name":"wp","href":"https:\/\/api.w.org\/{rel}","templated":true}]}}