{"id":1889146,"date":"2026-04-18T07:53:08","date_gmt":"2026-04-18T04:53:08","guid":{"rendered":"https:\/\/analyse.optim.biz\/?p=1889146"},"modified":"2026-04-18T07:53:08","modified_gmt":"2026-04-18T04:53:08","slug":"sofer-fara-permis-baut-si-itp-expirat-prins-la-volanul-unui-audi-in-frasin","status":"publish","type":"post","link":"https:\/\/analyse.optim.biz\/?p=1889146","title":{"rendered":"\u0218ofer f\u0103r\u0103 permis, b\u0103ut \u0219i ITP expirat, prins la volanul unui Audi \u00een Frasin"},"content":{"rendered":"<p>[analyse_image type=&#8221;featured&#8221; src=&#8221;https:\/\/www.newsbucovina.ro\/wp-content\/uploads\/2026\/03\/politia-razie-2.jpeghttps:\/\/cdn.newsbucovina.ro\/wp-content\/uploads\/2026\/03\/politia-razie-2.jpeg&#8221;]<\/p>\n<div class=\"td-post-content tagdiv-type\">\n<div class=\"td-a-rec td-a-rec-id-content_top  tdi_3 td_block_template_1\"><strong>Intr\u0103 acum \u0219i \u00een grupul de <\/p>\n<div class=\"wp-block-button\"><a class=\"wp-block-button__link wp-element-button\" href=\"https:\/\/t.me\/+TH8wcfnp8fw5NWI0\">Telegram News Bucovina<\/a><\/div>\n<p><\/strong><\/div>\n<p>Poli\u021bi\u0219tii ora\u0219ului Frasin au depistat, vineri sear\u0103, un t\u00e2n\u0103r de 20 de ani care conducea un autoturism Audi f\u0103r\u0103 permis de conducere, sub influen\u021ba alcoolului \u0219i cu documentele tehnice expirate.<\/p>\n<figure class=\"wp-block-image size-large\"><a href=\"https:\/\/cdn.newsbucovina.ro\/wp-content\/uploads\/2026\/03\/politia-razie-2.jpeg\"><img loading=\"lazy\" decoding=\"async\" width=\"1024\" height=\"768\" src=\"https:\/\/cdn.newsbucovina.ro\/wp-content\/uploads\/2026\/03\/politia-razie-2-1024x768.jpeg\" alt class=\"wp-image-433964\"><\/a><\/figure>\n<p>Evenimentul a avut loc \u00een jurul orei 22:30, pe DJ 177A, \u00een localitatea Frasin, \u00een timp ce echipajul de poli\u021bie efectua serviciul de patrulare \u0219i supraveghere a traficului rutier. La semnalul regulamentar de oprire, conduc\u0103torul autoturismului marca Audi care se deplasa pe direc\u021bia Frasin \u2013 Stulpicani, a \u00eencercat s\u0103 evite controlul.<\/p>\n<p>Acesta a s\u0103rit de la volan pe bancheta din spate, unde a fost identificat de poli\u021bi\u0219ti.<\/p>\n<p>T\u00e2n\u0103rul a recunoscut c\u0103 a \u00eencercat s\u0103 se sustrag\u0103 controlului deoarece nu de\u021bine permis de conducere valabil. El a fost condus la sediul Poli\u021biei ora\u0219ului Frasin pentru cercet\u0103ri.<\/p>\n<p>\u00cen urma test\u0103rii cu aparatul etilotest, conduc\u0103torul auto a prezentat o concentra\u021bie de 0,20 mg\/l alcool pur \u00een aerul expirat, fiind sanc\u021bionat contraven\u021bional conform OUG 195\/2002. Verific\u0103rile \u00een bazele de date au confirmat c\u0103 acesta nu figureaz\u0103 ca posesor al unui permis de conducere valabil pentru nicio categorie de vehicule.<\/p>\n<p>Totodat\u0103, au fost legitimate toate persoanele aflate \u00een autoturism, respectiv patru pasageri cu v\u00e2rste cuprinse \u00eentre 17 \u0219i 28 de ani, to\u021bi domicilia\u021bi \u00een comuna Stulpicani.<\/p>\n<p>Poli\u021bi\u0219tii au constatat c\u0103 autoturismul nu avea inspec\u021bia tehnic\u0103 periodic\u0103 (ITP) valabil\u0103, motiv pentru care a fost re\u021binut certificatul de \u00eenmatriculare \u0219i a fost aplicat\u0103 o sanc\u021biune contraven\u021bional\u0103. De asemenea, au fost retrase pl\u0103cu\u021bele cu numerele de \u00eenmatriculare, deoarece vehiculul nu de\u021binea asigurare obligatorie RCA, fiind aplicat\u0103 o alt\u0103 amend\u0103 conform Legii 132\/2017.<\/p>\n<p>\u00cen cauz\u0103 a fost \u00eentocmit dosar penal sub aspectul s\u0103v\u00e2r\u0219irii infrac\u021biunii de \u201econducere a unui vehicul f\u0103r\u0103 permis de conducere\u201d. Cercet\u0103rile continu\u0103, urm\u00e2nd ca poli\u021bi\u0219tii s\u0103 fac\u0103 propunere procedural\u0103 prin Parchetul de pe l\u00e2ng\u0103 Judec\u0103toria Gura Humorului.<\/p>\n<div class=\"td-a-rec td-a-rec-id-content_bottom  tdi_4 td_block_template_1\"><strong>Intr\u0103 acum \u0219i \u00een grupul de <\/p>\n<div class=\"wp-block-button\"><a class=\"wp-block-button__link wp-element-button\" href=\"https:\/\/t.me\/+TH8wcfnp8fw5NWI0\">Telegram News Bucovina<\/a><\/div>\n<p><\/strong><\/div>\n<\/div>\n<div class=\"td-post-content tagdiv-type\">\n<div class=\"td-a-rec td-a-rec-id-content_top  tdi_3 td_block_template_1\"><strong>Intr\u0103 acum \u0219i \u00een grupul de <\/p>\n<div class=\"wp-block-button\"><a class=\"wp-block-button__link wp-element-button\" href=\"https:\/\/t.me\/+TH8wcfnp8fw5NWI0\">Telegram News Bucovina<\/a><\/div>\n<p><\/strong><\/div>\n<p>Poli\u021bi\u0219tii ora\u0219ului Frasin au depistat, vineri sear\u0103, un t\u00e2n\u0103r de 20 de ani care conducea un autoturism Audi f\u0103r\u0103 permis de conducere, sub influen\u021ba alcoolului \u0219i cu documentele tehnice expirate.<\/p>\n<figure class=\"wp-block-image size-large\"><a href=\"https:\/\/cdn.newsbucovina.ro\/wp-content\/uploads\/2026\/03\/politia-razie-2.jpeg\"><img loading=\"lazy\" decoding=\"async\" width=\"1024\" height=\"768\" src=\"https:\/\/cdn.newsbucovina.ro\/wp-content\/uploads\/2026\/03\/politia-razie-2-1024x768.jpeg\" alt class=\"wp-image-433964\"><\/a><\/figure>\n<p>Evenimentul a avut loc \u00een jurul orei 22:30, pe DJ 177A, \u00een localitatea Frasin, \u00een timp ce echipajul de poli\u021bie efectua serviciul de patrulare \u0219i supraveghere a traficului rutier. La semnalul regulamentar de oprire, conduc\u0103torul autoturismului marca Audi care se deplasa pe direc\u021bia Frasin \u2013 Stulpicani, a \u00eencercat s\u0103 evite controlul.<\/p>\n<p>Acesta a s\u0103rit de la volan pe bancheta din spate, unde a fost identificat de poli\u021bi\u0219ti.<\/p>\n<p>T\u00e2n\u0103rul a recunoscut c\u0103 a \u00eencercat s\u0103 se sustrag\u0103 controlului deoarece nu de\u021bine permis de conducere valabil. El a fost condus la sediul Poli\u021biei ora\u0219ului Frasin pentru cercet\u0103ri.<\/p>\n<p>\u00cen urma test\u0103rii cu aparatul etilotest, conduc\u0103torul auto a prezentat o concentra\u021bie de 0,20 mg\/l alcool pur \u00een aerul expirat, fiind sanc\u021bionat contraven\u021bional conform OUG 195\/2002. Verific\u0103rile \u00een bazele de date au confirmat c\u0103 acesta nu figureaz\u0103 ca posesor al unui permis de conducere valabil pentru nicio categorie de vehicule.<\/p>\n<p>Totodat\u0103, au fost legitimate toate persoanele aflate \u00een autoturism, respectiv patru pasageri cu v\u00e2rste cuprinse \u00eentre 17 \u0219i 28 de ani, to\u021bi domicilia\u021bi \u00een comuna Stulpicani.<\/p>\n<p>Poli\u021bi\u0219tii au constatat c\u0103 autoturismul nu avea inspec\u021bia tehnic\u0103 periodic\u0103 (ITP) valabil\u0103, motiv pentru care a fost re\u021binut certificatul de \u00eenmatriculare \u0219i a fost aplicat\u0103 o sanc\u021biune contraven\u021bional\u0103. De asemenea, au fost retrase pl\u0103cu\u021bele cu numerele de \u00eenmatriculare, deoarece vehiculul nu de\u021binea asigurare obligatorie RCA, fiind aplicat\u0103 o alt\u0103 amend\u0103 conform Legii 132\/2017.<\/p>\n<p>\u00cen cauz\u0103 a fost \u00eentocmit dosar penal sub aspectul s\u0103v\u00e2r\u0219irii infrac\u021biunii de \u201econducere a unui vehicul f\u0103r\u0103 permis de conducere\u201d. Cercet\u0103rile continu\u0103, urm\u00e2nd ca poli\u021bi\u0219tii s\u0103 fac\u0103 propunere procedural\u0103 prin Parchetul de pe l\u00e2ng\u0103 Judec\u0103toria Gura Humorului.<\/p>\n<div class=\"td-a-rec td-a-rec-id-content_bottom  tdi_4 td_block_template_1\"><strong>Intr\u0103 acum \u0219i \u00een grupul de <\/p>\n<div class=\"wp-block-button\"><a class=\"wp-block-button__link wp-element-button\" href=\"https:\/\/t.me\/+TH8wcfnp8fw5NWI0\">Telegram News Bucovina<\/a><\/div>\n<p><\/strong><\/div>\n<\/div>\n<p>[analyse_source url=&#8221;https:\/\/www.newsbucovina.ro\/social\/436446\/sofer-fara-permis-baut-si-itp-expirat-prins-la-volanul-unui-audi-in-frasin&#8221;]<\/p>\n","protected":false},"excerpt":{"rendered":"<p>[analyse_image type=&#8221;featured&#8221; src=&#8221;https:\/\/www.newsbucovina.ro\/wp-content\/uploads\/2026\/03\/politia-razie-2.jpeghttps:\/\/cdn.newsbucovina.ro\/wp-content\/uploads\/2026\/03\/politia-razie-2.jpeg&#8221;] Intr\u0103 acum \u0219i \u00een grupul de Telegram News Bucovina Poli\u021bi\u0219tii ora\u0219ului Frasin au depistat, vineri sear\u0103, un t\u00e2n\u0103r de 20 de ani care conducea un autoturism Audi f\u0103r\u0103 permis de conducere, sub influen\u021ba alcoolului \u0219i cu documentele tehnice expirate. Evenimentul a avut loc \u00een jurul orei 22:30, pe DJ 177A, \u00een localitatea [&hellip;]<\/p>\n","protected":false},"author":1,"featured_media":0,"comment_status":"open","ping_status":"","sticky":false,"template":"","format":"standard","meta":{"footnotes":""},"categories":[89],"tags":[226,165],"class_list":["post-1889146","post","type-post","status-publish","format-standard","hentry","category-romania","tag-crawlmanager","tag-newsbucovina-ro"],"_links":{"self":[{"href":"https:\/\/analyse.optim.biz\/index.php?rest_route=\/wp\/v2\/posts\/1889146","targetHints":{"allow":["GET"]}}],"collection":[{"href":"https:\/\/analyse.optim.biz\/index.php?rest_route=\/wp\/v2\/posts"}],"about":[{"href":"https:\/\/analyse.optim.biz\/index.php?rest_route=\/wp\/v2\/types\/post"}],"author":[{"embeddable":true,"href":"https:\/\/analyse.optim.biz\/index.php?rest_route=\/wp\/v2\/users\/1"}],"replies":[{"embeddable":true,"href":"https:\/\/analyse.optim.biz\/index.php?rest_route=%2Fwp%2Fv2%2Fcomments&post=1889146"}],"version-history":[{"count":0,"href":"https:\/\/analyse.optim.biz\/index.php?rest_route=\/wp\/v2\/posts\/1889146\/revisions"}],"wp:attachment":[{"href":"https:\/\/analyse.optim.biz\/index.php?rest_route=%2Fwp%2Fv2%2Fmedia&parent=1889146"}],"wp:term":[{"taxonomy":"category","embeddable":true,"href":"https:\/\/analyse.optim.biz\/index.php?rest_route=%2Fwp%2Fv2%2Fcategories&post=1889146"},{"taxonomy":"post_tag","embeddable":true,"href":"https:\/\/analyse.optim.biz\/index.php?rest_route=%2Fwp%2Fv2%2Ftags&post=1889146"}],"curies":[{"name":"wp","href":"https:\/\/api.w.org\/{rel}","templated":true}]}}