{"id":1889144,"date":"2026-04-18T07:47:36","date_gmt":"2026-04-18T04:47:36","guid":{"rendered":"https:\/\/analyse.optim.biz\/?p=1889144"},"modified":"2026-04-18T07:47:36","modified_gmt":"2026-04-18T04:47:36","slug":"accident-rutier-in-centrul-comunei-ilisesti-o-femeie-de-83-de-ani-lovita-de-un-autoturism-pe-trecerea-de-pietoni","status":"publish","type":"post","link":"https:\/\/analyse.optim.biz\/?p=1889144","title":{"rendered":"Accident rutier \u00een centrul comunei Ili\u0219e\u0219ti: o femeie de 83 de ani, lovit\u0103 de un autoturism pe trecerea de pietoni"},"content":{"rendered":"<p>[analyse_image type=&#8221;featured&#8221; src=&#8221;https:\/\/www.newsbucovina.ro\/wp-content\/uploads\/2026\/04\/pietoni-dn-17-Ilisesti.pnghttps:\/\/cdn.newsbucovina.ro\/wp-content\/uploads\/2026\/04\/pietoni-dn-17-Ilisesti.png&#8221;]<\/p>\n<div class=\"td-post-content tagdiv-type\">\n<div class=\"td-a-rec td-a-rec-id-content_top  tdi_3 td_block_template_1\"><strong>Intr\u0103 acum \u0219i \u00een grupul de <\/p>\n<div class=\"wp-block-button\"><a class=\"wp-block-button__link wp-element-button\" href=\"https:\/\/t.me\/+TH8wcfnp8fw5NWI0\">Telegram News Bucovina<\/a><\/div>\n<p><\/strong><\/div>\n<p>Un accident rutier soldat cu o victim\u0103 a avut loc vineri, 17 aprilie 2026, \u00een jurul orei 13:35, \u00een centrul comunei Ili\u0219e\u0219ti, pe DN17.<\/p>\n<div class=\"wp-block-image\">\n<figure class=\"aligncenter size-full\"><a href=\"https:\/\/cdn.newsbucovina.ro\/wp-content\/uploads\/2026\/04\/pietoni-dn-17-Ilisesti.png\"><img loading=\"lazy\" decoding=\"async\" width=\"609\" height=\"324\" src=\"https:\/\/cdn.newsbucovina.ro\/wp-content\/uploads\/2026\/04\/pietoni-dn-17-Ilisesti.png\" alt class=\"wp-image-436444\"><\/a><\/figure>\n<\/div>\n<p>Potrivit primelor verific\u0103ri efectuate de poli\u021bi\u0219ti, un b\u0103rbat din Republica Moldova, aflat la volanul unui autoturism marca Peugeot, se deplasa pe direc\u021bia Ili\u0219e\u0219ti \u2013 Gura Humorului. Ajuns \u00een centrul localit\u0103\u021bii Stroie\u0219ti, conduc\u0103torul auto nu a acordat prioritate de trecere unei femei \u00een v\u00e2rst\u0103 de 83 de ani, care traversa regulamentar trecerea de pietoni semnalizat\u0103 prin marcaj \u0219i indicator rutier. Autoturismul a acro\u0219at u\u0219or femeia.<\/p>\n<p>La fa\u021ba locului s-a deplasat o ambulan\u021b\u0103 din cadrul Serviciului Jude\u021bean de Urgen\u021b\u0103 Suceava, care a transportat-o pe femeia r\u0103nit\u0103 la Spitalul Clinic Jude\u021bean de Urgen\u021b\u0103 \u201eSf. Ioan cel Nou\u201d din Suceava. Examin\u0103rile medicale au stabilit c\u0103 aceasta a suferit contuzie la pumnul drept \u0219i o ran\u0103 u\u0219oar\u0103 la cotul st\u00e2ng.<\/p>\n<p>Conduc\u0103torul auto a fost testat cu aparatul etilotest, rezultatul indic\u00e2nd o concentra\u021bie de 0,00 mg\/l alcool pur \u00een aerul expirat.<\/p>\n<p>\u00cen cauz\u0103, poli\u021bi\u0219tii au \u00eentocmit dosar penal sub aspectul s\u0103v\u00e2r\u0219irii infrac\u021biunii de \u201ev\u0103t\u0103mare corporal\u0103 din culp\u0103\u201d.<\/p>\n<div class=\"td-a-rec td-a-rec-id-content_bottom  tdi_4 td_block_template_1\"><strong>Intr\u0103 acum \u0219i \u00een grupul de <\/p>\n<div class=\"wp-block-button\"><a class=\"wp-block-button__link wp-element-button\" href=\"https:\/\/t.me\/+TH8wcfnp8fw5NWI0\">Telegram News Bucovina<\/a><\/div>\n<p><\/strong><\/div>\n<\/div>\n<div class=\"td-post-content tagdiv-type\">\n<div class=\"td-a-rec td-a-rec-id-content_top  tdi_3 td_block_template_1\"><strong>Intr\u0103 acum \u0219i \u00een grupul de <\/p>\n<div class=\"wp-block-button\"><a class=\"wp-block-button__link wp-element-button\" href=\"https:\/\/t.me\/+TH8wcfnp8fw5NWI0\">Telegram News Bucovina<\/a><\/div>\n<p><\/strong><\/div>\n<p>Un accident rutier soldat cu o victim\u0103 a avut loc vineri, 17 aprilie 2026, \u00een jurul orei 13:35, \u00een centrul comunei Ili\u0219e\u0219ti, pe DN17.<\/p>\n<div class=\"wp-block-image\">\n<figure class=\"aligncenter size-full\"><a href=\"https:\/\/cdn.newsbucovina.ro\/wp-content\/uploads\/2026\/04\/pietoni-dn-17-Ilisesti.png\"><img loading=\"lazy\" decoding=\"async\" width=\"609\" height=\"324\" src=\"https:\/\/cdn.newsbucovina.ro\/wp-content\/uploads\/2026\/04\/pietoni-dn-17-Ilisesti.png\" alt class=\"wp-image-436444\"><\/a><\/figure>\n<\/div>\n<p>Potrivit primelor verific\u0103ri efectuate de poli\u021bi\u0219ti, un b\u0103rbat din Republica Moldova, aflat la volanul unui autoturism marca Peugeot, se deplasa pe direc\u021bia Ili\u0219e\u0219ti \u2013 Gura Humorului. Ajuns \u00een centrul localit\u0103\u021bii Stroie\u0219ti, conduc\u0103torul auto nu a acordat prioritate de trecere unei femei \u00een v\u00e2rst\u0103 de 83 de ani, care traversa regulamentar trecerea de pietoni semnalizat\u0103 prin marcaj \u0219i indicator rutier. Autoturismul a acro\u0219at u\u0219or femeia.<\/p>\n<p>La fa\u021ba locului s-a deplasat o ambulan\u021b\u0103 din cadrul Serviciului Jude\u021bean de Urgen\u021b\u0103 Suceava, care a transportat-o pe femeia r\u0103nit\u0103 la Spitalul Clinic Jude\u021bean de Urgen\u021b\u0103 \u201eSf. Ioan cel Nou\u201d din Suceava. Examin\u0103rile medicale au stabilit c\u0103 aceasta a suferit contuzie la pumnul drept \u0219i o ran\u0103 u\u0219oar\u0103 la cotul st\u00e2ng.<\/p>\n<p>Conduc\u0103torul auto a fost testat cu aparatul etilotest, rezultatul indic\u00e2nd o concentra\u021bie de 0,00 mg\/l alcool pur \u00een aerul expirat.<\/p>\n<p>\u00cen cauz\u0103, poli\u021bi\u0219tii au \u00eentocmit dosar penal sub aspectul s\u0103v\u00e2r\u0219irii infrac\u021biunii de \u201ev\u0103t\u0103mare corporal\u0103 din culp\u0103\u201d.<\/p>\n<div class=\"td-a-rec td-a-rec-id-content_bottom  tdi_4 td_block_template_1\"><strong>Intr\u0103 acum \u0219i \u00een grupul de <\/p>\n<div class=\"wp-block-button\"><a class=\"wp-block-button__link wp-element-button\" href=\"https:\/\/t.me\/+TH8wcfnp8fw5NWI0\">Telegram News Bucovina<\/a><\/div>\n<p><\/strong><\/div>\n<\/div>\n<p>[analyse_source url=&#8221;https:\/\/www.newsbucovina.ro\/social\/436443\/accident-rutier-in-centrul-comunei-ilisesti-o-femeie-de-83-de-ani-lovita-de-un-autoturism-pe-trecerea-de-pietoni&#8221;]<\/p>\n","protected":false},"excerpt":{"rendered":"<p>[analyse_image type=&#8221;featured&#8221; src=&#8221;https:\/\/www.newsbucovina.ro\/wp-content\/uploads\/2026\/04\/pietoni-dn-17-Ilisesti.pnghttps:\/\/cdn.newsbucovina.ro\/wp-content\/uploads\/2026\/04\/pietoni-dn-17-Ilisesti.png&#8221;] Intr\u0103 acum \u0219i \u00een grupul de Telegram News Bucovina Un accident rutier soldat cu o victim\u0103 a avut loc vineri, 17 aprilie 2026, \u00een jurul orei 13:35, \u00een centrul comunei Ili\u0219e\u0219ti, pe DN17. Potrivit primelor verific\u0103ri efectuate de poli\u021bi\u0219ti, un b\u0103rbat din Republica Moldova, aflat la volanul unui autoturism marca Peugeot, se [&hellip;]<\/p>\n","protected":false},"author":1,"featured_media":0,"comment_status":"open","ping_status":"","sticky":false,"template":"","format":"standard","meta":{"footnotes":""},"categories":[89],"tags":[226,165],"class_list":["post-1889144","post","type-post","status-publish","format-standard","hentry","category-romania","tag-crawlmanager","tag-newsbucovina-ro"],"_links":{"self":[{"href":"https:\/\/analyse.optim.biz\/index.php?rest_route=\/wp\/v2\/posts\/1889144","targetHints":{"allow":["GET"]}}],"collection":[{"href":"https:\/\/analyse.optim.biz\/index.php?rest_route=\/wp\/v2\/posts"}],"about":[{"href":"https:\/\/analyse.optim.biz\/index.php?rest_route=\/wp\/v2\/types\/post"}],"author":[{"embeddable":true,"href":"https:\/\/analyse.optim.biz\/index.php?rest_route=\/wp\/v2\/users\/1"}],"replies":[{"embeddable":true,"href":"https:\/\/analyse.optim.biz\/index.php?rest_route=%2Fwp%2Fv2%2Fcomments&post=1889144"}],"version-history":[{"count":0,"href":"https:\/\/analyse.optim.biz\/index.php?rest_route=\/wp\/v2\/posts\/1889144\/revisions"}],"wp:attachment":[{"href":"https:\/\/analyse.optim.biz\/index.php?rest_route=%2Fwp%2Fv2%2Fmedia&parent=1889144"}],"wp:term":[{"taxonomy":"category","embeddable":true,"href":"https:\/\/analyse.optim.biz\/index.php?rest_route=%2Fwp%2Fv2%2Fcategories&post=1889144"},{"taxonomy":"post_tag","embeddable":true,"href":"https:\/\/analyse.optim.biz\/index.php?rest_route=%2Fwp%2Fv2%2Ftags&post=1889144"}],"curies":[{"name":"wp","href":"https:\/\/api.w.org\/{rel}","templated":true}]}}