{"id":1889143,"date":"2026-04-17T12:00:58","date_gmt":"2026-04-17T09:00:58","guid":{"rendered":"https:\/\/analyse.optim.biz\/?p=1889143"},"modified":"2026-04-17T12:00:58","modified_gmt":"2026-04-17T09:00:58","slug":"accident-rutier-urmat-de-fuga-de-la-locul-faptei-in-falticeni-soferul-nu-avea-permis-a-fost-identificat-ulterior-si-este-cercetat-penal","status":"publish","type":"post","link":"https:\/\/analyse.optim.biz\/?p=1889143","title":{"rendered":"Accident rutier urmat de fug\u0103 de la locul faptei \u00een F\u0103lticeni. \u0218oferul nu avea permis, a fost identificat ulterior \u0219i este cercetat penal"},"content":{"rendered":"<p>[analyse_image type=&#8221;featured&#8221; src=&#8221;https:\/\/www.newsbucovina.ro\/wp-content\/uploads\/2026\/04\/accident-stalp-bmw.jpghttps:\/\/cdn.newsbucovina.ro\/wp-content\/uploads\/2026\/04\/accident-stalp-bmw.jpg&#8221;]<\/p>\n<div class=\"td-post-content tagdiv-type\">\n<div class=\"td-a-rec td-a-rec-id-content_top  tdi_3 td_block_template_1\"><strong>Intr\u0103 acum \u0219i \u00een grupul de <\/p>\n<div class=\"wp-block-button\"><a class=\"wp-block-button__link wp-element-button\" href=\"https:\/\/t.me\/+TH8wcfnp8fw5NWI0\">Telegram News Bucovina<\/a><\/div>\n<p><\/strong><\/div>\n<p>Un accident rutier soldat doar cu pagube materiale a avut loc miercuri sear\u0103, 15 aprilie 2026, pe strada 2 Gr\u0103niceri din municipiul F\u0103lticeni. Conduc\u0103torul autoturismului care a provocat impactul a p\u0103r\u0103sit locul faptei, dar a fost identificat ulterior de poli\u021bi\u0219ti.<\/p>\n<figure class=\"wp-block-image size-full\"><a href=\"https:\/\/cdn.newsbucovina.ro\/wp-content\/uploads\/2026\/04\/accident-stalp-bmw.jpg\"><img loading=\"lazy\" decoding=\"async\" width=\"784\" height=\"441\" src=\"https:\/\/cdn.newsbucovina.ro\/wp-content\/uploads\/2026\/04\/accident-stalp-bmw.jpg\" alt class=\"wp-image-436400\"><\/a><\/figure>\n<p>Potrivit cercet\u0103rilor efectuate de poli\u021bi\u0219tii Compartimentului Rutier F\u0103lticeni, \u00een jurul orei 22:50, un autoturism Volkswagen circula pe banda a doua a str\u0103zii 2 Gr\u0103niceri, av\u00e2nd direc\u021bia Sp\u0103t\u0103re\u0219ti \u2013 F\u0103lticeni. Acesta a fost acro\u0219at \u00een partea lateral\u0103 dreapt\u0103 de un autoturism BMW care circula \u00een spatele s\u0103u, pe aceea\u0219i direc\u021bie.<\/p>\n<p>\u00cen urma impactului, BMW-ul a fost proiectat \u00eentr-un st\u00e2lp de iluminat public situat \u00een intersec\u021bia cu strada Buciumeni. Conduc\u0103torul auto al BMW-ului a p\u0103r\u0103sit locul accidentului.<\/p>\n<p>\u00cen autoturismul Volkswagen se mai afla, pe scaunul din dreapta fa\u021b\u0103, o t\u00e2n\u0103r\u0103. Din fericire, niciunul dintre ocupan\u021bi nu a suferit leziuni.<\/p>\n<p>\u00cen urma probatoriului administrat de poli\u021bi\u0219tii rutieri, la data de 16 aprilie 2026 a fost identificat conduc\u0103torul BMW-ului \u2013 un t\u00e2n\u0103r de 20 de ani din municipiul F\u0103lticeni. Verific\u0103rile \u00een bazele de date au confirmat c\u0103 acesta nu de\u021bine permis de conducere pentru nicio categorie de vehicule.<\/p>\n<p>\u00cen cauz\u0103 a fost \u00eentocmit dosar penal pentru s\u0103v\u00e2r\u0219irea infrac\u021biunii de <strong>\u201econducere a unui vehicul f\u0103r\u0103 permis de conducere\u201d<\/strong>. Cercet\u0103rile sunt continuate de poli\u021bi\u0219tii Compartimentului Rutier F\u0103lticeni.<\/p>\n<div class=\"td-a-rec td-a-rec-id-content_bottom  tdi_4 td_block_template_1\"><strong>Intr\u0103 acum \u0219i \u00een grupul de <\/p>\n<div class=\"wp-block-button\"><a class=\"wp-block-button__link wp-element-button\" href=\"https:\/\/t.me\/+TH8wcfnp8fw5NWI0\">Telegram News Bucovina<\/a><\/div>\n<p><\/strong><\/div>\n<\/div>\n<div class=\"td-post-content tagdiv-type\">\n<div class=\"td-a-rec td-a-rec-id-content_top  tdi_3 td_block_template_1\"><strong>Intr\u0103 acum \u0219i \u00een grupul de <\/p>\n<div class=\"wp-block-button\"><a class=\"wp-block-button__link wp-element-button\" href=\"https:\/\/t.me\/+TH8wcfnp8fw5NWI0\">Telegram News Bucovina<\/a><\/div>\n<p><\/strong><\/div>\n<p>Un accident rutier soldat doar cu pagube materiale a avut loc miercuri sear\u0103, 15 aprilie 2026, pe strada 2 Gr\u0103niceri din municipiul F\u0103lticeni. Conduc\u0103torul autoturismului care a provocat impactul a p\u0103r\u0103sit locul faptei, dar a fost identificat ulterior de poli\u021bi\u0219ti.<\/p>\n<figure class=\"wp-block-image size-full\"><a href=\"https:\/\/cdn.newsbucovina.ro\/wp-content\/uploads\/2026\/04\/accident-stalp-bmw.jpg\"><img loading=\"lazy\" decoding=\"async\" width=\"784\" height=\"441\" src=\"https:\/\/cdn.newsbucovina.ro\/wp-content\/uploads\/2026\/04\/accident-stalp-bmw.jpg\" alt class=\"wp-image-436400\"><\/a><\/figure>\n<p>Potrivit cercet\u0103rilor efectuate de poli\u021bi\u0219tii Compartimentului Rutier F\u0103lticeni, \u00een jurul orei 22:50, un autoturism Volkswagen circula pe banda a doua a str\u0103zii 2 Gr\u0103niceri, av\u00e2nd direc\u021bia Sp\u0103t\u0103re\u0219ti \u2013 F\u0103lticeni. Acesta a fost acro\u0219at \u00een partea lateral\u0103 dreapt\u0103 de un autoturism BMW care circula \u00een spatele s\u0103u, pe aceea\u0219i direc\u021bie.<\/p>\n<p>\u00cen urma impactului, BMW-ul a fost proiectat \u00eentr-un st\u00e2lp de iluminat public situat \u00een intersec\u021bia cu strada Buciumeni. Conduc\u0103torul auto al BMW-ului a p\u0103r\u0103sit locul accidentului.<\/p>\n<p>\u00cen autoturismul Volkswagen se mai afla, pe scaunul din dreapta fa\u021b\u0103, o t\u00e2n\u0103r\u0103. Din fericire, niciunul dintre ocupan\u021bi nu a suferit leziuni.<\/p>\n<p>\u00cen urma probatoriului administrat de poli\u021bi\u0219tii rutieri, la data de 16 aprilie 2026 a fost identificat conduc\u0103torul BMW-ului \u2013 un t\u00e2n\u0103r de 20 de ani din municipiul F\u0103lticeni. Verific\u0103rile \u00een bazele de date au confirmat c\u0103 acesta nu de\u021bine permis de conducere pentru nicio categorie de vehicule.<\/p>\n<p>\u00cen cauz\u0103 a fost \u00eentocmit dosar penal pentru s\u0103v\u00e2r\u0219irea infrac\u021biunii de <strong>\u201econducere a unui vehicul f\u0103r\u0103 permis de conducere\u201d<\/strong>. Cercet\u0103rile sunt continuate de poli\u021bi\u0219tii Compartimentului Rutier F\u0103lticeni.<\/p>\n<div class=\"td-a-rec td-a-rec-id-content_bottom  tdi_4 td_block_template_1\"><strong>Intr\u0103 acum \u0219i \u00een grupul de <\/p>\n<div class=\"wp-block-button\"><a class=\"wp-block-button__link wp-element-button\" href=\"https:\/\/t.me\/+TH8wcfnp8fw5NWI0\">Telegram News Bucovina<\/a><\/div>\n<p><\/strong><\/div>\n<\/div>\n<p>[analyse_source url=&#8221;https:\/\/www.newsbucovina.ro\/falticeni\/436395\/accident-rutier-urmat-de-fuga-de-la-locul-faptei-in-falticeni-soferul-nu-avea-permis-a-fost-identificat-ulterior-si-este-cercetat-penal&#8221;]<\/p>\n","protected":false},"excerpt":{"rendered":"<p>[analyse_image type=&#8221;featured&#8221; src=&#8221;https:\/\/www.newsbucovina.ro\/wp-content\/uploads\/2026\/04\/accident-stalp-bmw.jpghttps:\/\/cdn.newsbucovina.ro\/wp-content\/uploads\/2026\/04\/accident-stalp-bmw.jpg&#8221;] Intr\u0103 acum \u0219i \u00een grupul de Telegram News Bucovina Un accident rutier soldat doar cu pagube materiale a avut loc miercuri sear\u0103, 15 aprilie 2026, pe strada 2 Gr\u0103niceri din municipiul F\u0103lticeni. Conduc\u0103torul autoturismului care a provocat impactul a p\u0103r\u0103sit locul faptei, dar a fost identificat ulterior de poli\u021bi\u0219ti. Potrivit cercet\u0103rilor efectuate [&hellip;]<\/p>\n","protected":false},"author":1,"featured_media":0,"comment_status":"open","ping_status":"","sticky":false,"template":"","format":"standard","meta":{"footnotes":""},"categories":[89],"tags":[226,165],"class_list":["post-1889143","post","type-post","status-publish","format-standard","hentry","category-romania","tag-crawlmanager","tag-newsbucovina-ro"],"_links":{"self":[{"href":"https:\/\/analyse.optim.biz\/index.php?rest_route=\/wp\/v2\/posts\/1889143","targetHints":{"allow":["GET"]}}],"collection":[{"href":"https:\/\/analyse.optim.biz\/index.php?rest_route=\/wp\/v2\/posts"}],"about":[{"href":"https:\/\/analyse.optim.biz\/index.php?rest_route=\/wp\/v2\/types\/post"}],"author":[{"embeddable":true,"href":"https:\/\/analyse.optim.biz\/index.php?rest_route=\/wp\/v2\/users\/1"}],"replies":[{"embeddable":true,"href":"https:\/\/analyse.optim.biz\/index.php?rest_route=%2Fwp%2Fv2%2Fcomments&post=1889143"}],"version-history":[{"count":0,"href":"https:\/\/analyse.optim.biz\/index.php?rest_route=\/wp\/v2\/posts\/1889143\/revisions"}],"wp:attachment":[{"href":"https:\/\/analyse.optim.biz\/index.php?rest_route=%2Fwp%2Fv2%2Fmedia&parent=1889143"}],"wp:term":[{"taxonomy":"category","embeddable":true,"href":"https:\/\/analyse.optim.biz\/index.php?rest_route=%2Fwp%2Fv2%2Fcategories&post=1889143"},{"taxonomy":"post_tag","embeddable":true,"href":"https:\/\/analyse.optim.biz\/index.php?rest_route=%2Fwp%2Fv2%2Ftags&post=1889143"}],"curies":[{"name":"wp","href":"https:\/\/api.w.org\/{rel}","templated":true}]}}