{"id":1889141,"date":"2026-04-17T11:22:57","date_gmt":"2026-04-17T08:22:57","guid":{"rendered":"https:\/\/analyse.optim.biz\/?p=1889141"},"modified":"2026-04-17T11:22:57","modified_gmt":"2026-04-17T08:22:57","slug":"bilant-al-incendiului-din-cajvana-au-ars-acoperisul-casei-si-un-garaj-cu-un-autoturism-distrus-cauza-probabila-scurtcircuit-electric","status":"publish","type":"post","link":"https:\/\/analyse.optim.biz\/?p=1889141","title":{"rendered":"Bilan\u021b al incendiului din Cajvana: Au ars acoperi\u0219ul casei \u0219i un garaj, cu un autoturism distrus. Cauza probabil\u0103 \u2013 scurtcircuit electric"},"content":{"rendered":"<p>[analyse_image type=&#8221;featured&#8221; src=&#8221;https:\/\/www.newsbucovina.ro\/wp-content\/uploads\/2026\/04\/WhatsApp-Image-2026-04-17-at-10.45.45-e1776424875612.jpeghttps:\/\/cdn.newsbucovina.ro\/wp-content\/uploads\/2026\/04\/WhatsApp-Image-2026-04-17-at-10.45.45-e1776424875612.jpeg&#8221;]<\/p>\n<div class=\"td-post-content tagdiv-type\">\n<div class=\"td-a-rec td-a-rec-id-content_top  tdi_3 td_block_template_1\"><strong>Intr\u0103 acum \u0219i \u00een grupul de <\/p>\n<div class=\"wp-block-button\"><a class=\"wp-block-button__link wp-element-button\" href=\"https:\/\/t.me\/+TH8wcfnp8fw5NWI0\">Telegram News Bucovina<\/a><\/div>\n<p><\/strong><\/div>\n<p>Pompierii au finalizat interven\u021bia \u0219i au stabilit bilan\u021bul incendiului care a izbucnit vineri diminea\u021ba 17 aprilie 2026, la o cas\u0103 de locuit din ora\u0219ul Cajvana.<\/p>\n<figure class=\"wp-block-image size-large\"><a href=\"https:\/\/cdn.newsbucovina.ro\/wp-content\/uploads\/2026\/04\/WhatsApp-Image-2026-04-17-at-10.45.45-e1776424875612.jpeg\"><img loading=\"lazy\" decoding=\"async\" width=\"1024\" height=\"577\" src=\"https:\/\/cdn.newsbucovina.ro\/wp-content\/uploads\/2026\/04\/WhatsApp-Image-2026-04-17-at-10.45.45-e1776424875612-1024x577.jpeg\" alt class=\"wp-image-436364\"><\/a><\/figure>\n<p>Potrivit slt. Radu Gabriel din cadrul ISU Suceava, \u00een fl\u0103c\u0103ri au ars acoperi\u0219ul casei de locuit pe o suprafa\u021b\u0103 de aproximativ <strong>200 mp<\/strong> \u0219i un garaj corp comun pe circa <strong>50 mp<\/strong>. \u00cen interiorul garajului a fost distrus complet un autoturism \u0219i alte bunuri depozitate acolo.<\/p>\n<p>De asemenea, s-au degradat podul casei, pere\u021bii portan\u021bi, elemente de t\u00e2mpl\u0103rie \u0219i mai multe bunuri din interiorul locuin\u021bei.<\/p>\n<p>Ca urmare a radia\u021biei termice, au fost deteriorate aproximativ <strong>2 mp<\/strong> de lambriu \u0219i elemente de t\u00e2mpl\u0103rie la locuin\u021ba \u00eenvecinat\u0103.<\/p>\n<p>Cauza probabil\u0103 a incendiului a fost de natur\u0103 electric\u0103 \u2013 <strong>scurtcircuit<\/strong>.<\/p>\n<p>Din fericire, nu s-au \u00eenregistrat victime. Pompierii au reu\u0219it s\u0103 localizeze \u0219i s\u0103 lichideze incendiul la timp, salv\u00e2nd restul casei de locuit \u0219i protej\u00e2nd locuin\u021ba \u00eenvecinat\u0103 de propagarea fl\u0103c\u0103rilor.<\/p>\n<p>Interven\u021bia a fost efectuat\u0103 de pompierii militari din Garda de Interven\u021bie Solca \u0219i voluntarii SVSU Cajvana, Arbore \u0219i Boto\u0219ana, cu 7 autospeciale de stingere.<\/p>\n<div class=\"td-a-rec td-a-rec-id-content_bottom  tdi_4 td_block_template_1\"><strong>Intr\u0103 acum \u0219i \u00een grupul de <\/p>\n<div class=\"wp-block-button\"><a class=\"wp-block-button__link wp-element-button\" href=\"https:\/\/t.me\/+TH8wcfnp8fw5NWI0\">Telegram News Bucovina<\/a><\/div>\n<p><\/strong><\/div>\n<\/div>\n<div class=\"td-post-content tagdiv-type\">\n<div class=\"td-a-rec td-a-rec-id-content_top  tdi_3 td_block_template_1\"><strong>Intr\u0103 acum \u0219i \u00een grupul de <\/p>\n<div class=\"wp-block-button\"><a class=\"wp-block-button__link wp-element-button\" href=\"https:\/\/t.me\/+TH8wcfnp8fw5NWI0\">Telegram News Bucovina<\/a><\/div>\n<p><\/strong><\/div>\n<p>Pompierii au finalizat interven\u021bia \u0219i au stabilit bilan\u021bul incendiului care a izbucnit vineri diminea\u021ba 17 aprilie 2026, la o cas\u0103 de locuit din ora\u0219ul Cajvana.<\/p>\n<figure class=\"wp-block-image size-large\"><a href=\"https:\/\/cdn.newsbucovina.ro\/wp-content\/uploads\/2026\/04\/WhatsApp-Image-2026-04-17-at-10.45.45-e1776424875612.jpeg\"><img loading=\"lazy\" decoding=\"async\" width=\"1024\" height=\"577\" src=\"https:\/\/cdn.newsbucovina.ro\/wp-content\/uploads\/2026\/04\/WhatsApp-Image-2026-04-17-at-10.45.45-e1776424875612-1024x577.jpeg\" alt class=\"wp-image-436364\"><\/a><\/figure>\n<p>Potrivit slt. Radu Gabriel din cadrul ISU Suceava, \u00een fl\u0103c\u0103ri au ars acoperi\u0219ul casei de locuit pe o suprafa\u021b\u0103 de aproximativ <strong>200 mp<\/strong> \u0219i un garaj corp comun pe circa <strong>50 mp<\/strong>. \u00cen interiorul garajului a fost distrus complet un autoturism \u0219i alte bunuri depozitate acolo.<\/p>\n<p>De asemenea, s-au degradat podul casei, pere\u021bii portan\u021bi, elemente de t\u00e2mpl\u0103rie \u0219i mai multe bunuri din interiorul locuin\u021bei.<\/p>\n<p>Ca urmare a radia\u021biei termice, au fost deteriorate aproximativ <strong>2 mp<\/strong> de lambriu \u0219i elemente de t\u00e2mpl\u0103rie la locuin\u021ba \u00eenvecinat\u0103.<\/p>\n<p>Cauza probabil\u0103 a incendiului a fost de natur\u0103 electric\u0103 \u2013 <strong>scurtcircuit<\/strong>.<\/p>\n<p>Din fericire, nu s-au \u00eenregistrat victime. Pompierii au reu\u0219it s\u0103 localizeze \u0219i s\u0103 lichideze incendiul la timp, salv\u00e2nd restul casei de locuit \u0219i protej\u00e2nd locuin\u021ba \u00eenvecinat\u0103 de propagarea fl\u0103c\u0103rilor.<\/p>\n<p>Interven\u021bia a fost efectuat\u0103 de pompierii militari din Garda de Interven\u021bie Solca \u0219i voluntarii SVSU Cajvana, Arbore \u0219i Boto\u0219ana, cu 7 autospeciale de stingere.<\/p>\n<div class=\"td-a-rec td-a-rec-id-content_bottom  tdi_4 td_block_template_1\"><strong>Intr\u0103 acum \u0219i \u00een grupul de <\/p>\n<div class=\"wp-block-button\"><a class=\"wp-block-button__link wp-element-button\" href=\"https:\/\/t.me\/+TH8wcfnp8fw5NWI0\">Telegram News Bucovina<\/a><\/div>\n<p><\/strong><\/div>\n<\/div>\n<p>[analyse_source url=&#8221;https:\/\/www.newsbucovina.ro\/social\/436393\/bilant-al-incendiului-din-cajvana-au-ars-acoperisul-casei-si-un-garaj-cu-un-autoturism-distrus-cauza-probabila-scurtcircuit-electric&#8221;]<\/p>\n","protected":false},"excerpt":{"rendered":"<p>[analyse_image type=&#8221;featured&#8221; src=&#8221;https:\/\/www.newsbucovina.ro\/wp-content\/uploads\/2026\/04\/WhatsApp-Image-2026-04-17-at-10.45.45-e1776424875612.jpeghttps:\/\/cdn.newsbucovina.ro\/wp-content\/uploads\/2026\/04\/WhatsApp-Image-2026-04-17-at-10.45.45-e1776424875612.jpeg&#8221;] Intr\u0103 acum \u0219i \u00een grupul de Telegram News Bucovina Pompierii au finalizat interven\u021bia \u0219i au stabilit bilan\u021bul incendiului care a izbucnit vineri diminea\u021ba 17 aprilie 2026, la o cas\u0103 de locuit din ora\u0219ul Cajvana. Potrivit slt. Radu Gabriel din cadrul ISU Suceava, \u00een fl\u0103c\u0103ri au ars acoperi\u0219ul casei de locuit pe o [&hellip;]<\/p>\n","protected":false},"author":1,"featured_media":0,"comment_status":"open","ping_status":"","sticky":false,"template":"","format":"standard","meta":{"footnotes":""},"categories":[89],"tags":[226,165],"class_list":["post-1889141","post","type-post","status-publish","format-standard","hentry","category-romania","tag-crawlmanager","tag-newsbucovina-ro"],"_links":{"self":[{"href":"https:\/\/analyse.optim.biz\/index.php?rest_route=\/wp\/v2\/posts\/1889141","targetHints":{"allow":["GET"]}}],"collection":[{"href":"https:\/\/analyse.optim.biz\/index.php?rest_route=\/wp\/v2\/posts"}],"about":[{"href":"https:\/\/analyse.optim.biz\/index.php?rest_route=\/wp\/v2\/types\/post"}],"author":[{"embeddable":true,"href":"https:\/\/analyse.optim.biz\/index.php?rest_route=\/wp\/v2\/users\/1"}],"replies":[{"embeddable":true,"href":"https:\/\/analyse.optim.biz\/index.php?rest_route=%2Fwp%2Fv2%2Fcomments&post=1889141"}],"version-history":[{"count":0,"href":"https:\/\/analyse.optim.biz\/index.php?rest_route=\/wp\/v2\/posts\/1889141\/revisions"}],"wp:attachment":[{"href":"https:\/\/analyse.optim.biz\/index.php?rest_route=%2Fwp%2Fv2%2Fmedia&parent=1889141"}],"wp:term":[{"taxonomy":"category","embeddable":true,"href":"https:\/\/analyse.optim.biz\/index.php?rest_route=%2Fwp%2Fv2%2Fcategories&post=1889141"},{"taxonomy":"post_tag","embeddable":true,"href":"https:\/\/analyse.optim.biz\/index.php?rest_route=%2Fwp%2Fv2%2Ftags&post=1889141"}],"curies":[{"name":"wp","href":"https:\/\/api.w.org\/{rel}","templated":true}]}}