{"id":1889140,"date":"2026-04-17T06:12:01","date_gmt":"2026-04-17T03:12:01","guid":{"rendered":"https:\/\/analyse.optim.biz\/?p=1889140"},"modified":"2026-04-17T06:12:01","modified_gmt":"2026-04-17T03:12:01","slug":"inca-cinci-sectii-ale-spitalului-sucevean-au-dobindit-statut-clinic-larisa-blanari-acest-lucru-confirma-indeplinirea-conditiilor-necesare-pentru-desfasurarea-activitatilor-de-invatamint-medical-univ","status":"publish","type":"post","link":"https:\/\/analyse.optim.biz\/?p=1889140","title":{"rendered":"\u00cenc\u0103 cinci sec\u021bii ale spitalului sucevean au dob\u00eendit statut clinic. Larisa Blanari: Acest lucru confirm\u0103 \u00eendeplinirea condi\u021biilor necesare pentru desf\u0103\u0219urarea activit\u0103\u021bilor de \u00eenv\u0103\u021b\u0103m\u00eent medical universitar \u0219i postuniversitar"},"content":{"rendered":"<p>[analyse_image type=&#8221;featured&#8221; src=&#8221;https:\/\/www.radiotop.ro\/img\/media\/2026\/04\/larisa-blanari-spital.jpghttps:\/\/www.radiotop.ro\/img\/media\/2026\/04\/larisa-blanari-spital.jpg&#8221;]<\/p>\n<div class=\"entry-content no-share\">\n<div class=\"content-inner \">\n<p>Managerul Spitalului Clinic Jude\u021bean de Urgen\u021b\u0103 \u201eSf\u00eentul Ioan cel Nou\u201d Suceava, Larisa Blanari, anun\u021b\u0103 c\u0103 prin Ordinul Ministrului S\u0103n\u0103t\u0103\u021bii s-a aprobat \u00eenfiin\u021barea a cinci noi structuri clinice \u00een cadrul unit\u0103\u021bii spitalice\u0219ti. Conform doamnei Blanari, \u201dacest\u0103 decizie marcheaz\u0103 o etap\u0103 esen\u021bial\u0103 \u00een consolidarea parteneriatului cu Universitatea &lt;\u0218tefan cel Mare&gt; din Suceava \u0219i \u00een cre\u0219terea standardelor actului medical\u201d. Au dob\u00eendit statut clinic urm\u0103toarele sec\u021bii: ORL, Boli Infec\u021bioase, Medicin\u0103 Intern\u0103 \u0219i Neurologie, \u0219i Compartimentul\u00a0\u00a0 Dermatovenerologie.<\/p>\n<p>Aceast\u0103 transformare academic\u0103 a fost fundamentat\u0103 pe solicit\u0103rile transmise de Spitalul Clinic Jude\u021bean de Urgen\u021b\u0103 \u201eSf\u00eentul Ioan cel Nou\u201d Suceava \u0219i de Universitatea \u201e\u0218tefan ce Mare\u201d, av\u00eend la baz\u0103 Hot\u0103r\u00eerea Senatului USV nr. 196\/2025 \u0219i avizul favorabil al Ministerului Educa\u021biei. De asemenea, procesul a beneficiat de sus\u021binerea Consiliului Jude\u021bean Suceava, care a aprobat modificarea structurii organizatorice prin Hot\u0103r\u00e2rea nr. 217\/2025.<\/p>\n<p>Larisa Blanari a mai spus. \u201eDob\u00eendirea statutului clinic pentru aceste sec\u021bii confirm\u0103 \u00eendeplinirea condi\u021biilor necesare pentru desf\u0103\u0219urarea activit\u0103\u021bilor de \u00eenv\u0103\u021b\u0103m\u00eent medical universitar \u0219i postuniversitar. Aceast\u0103 evolu\u021bie va permite o integrare mai bun\u0103 a activit\u0103\u021bii de cercetare cu asisten\u021ba medical\u0103, oferind viitorilor medici o baz\u0103 de preg\u0103tire solid\u0103\u201d.<\/p>\n<\/div>\n<\/div>\n<div class=\"content-inner \">\n<p>Managerul Spitalului Clinic Jude\u021bean de Urgen\u021b\u0103 \u201eSf\u00eentul Ioan cel Nou\u201d Suceava, Larisa Blanari, anun\u021b\u0103 c\u0103 prin Ordinul Ministrului S\u0103n\u0103t\u0103\u021bii s-a aprobat \u00eenfiin\u021barea a cinci noi structuri clinice \u00een cadrul unit\u0103\u021bii spitalice\u0219ti. Conform doamnei Blanari, \u201dacest\u0103 decizie marcheaz\u0103 o etap\u0103 esen\u021bial\u0103 \u00een consolidarea parteneriatului cu Universitatea &lt;\u0218tefan cel Mare&gt; din Suceava \u0219i \u00een cre\u0219terea standardelor actului medical\u201d. Au dob\u00eendit statut clinic urm\u0103toarele sec\u021bii: ORL, Boli Infec\u021bioase, Medicin\u0103 Intern\u0103 \u0219i Neurologie, \u0219i Compartimentul\u00a0\u00a0 Dermatovenerologie.<\/p>\n<p>Aceast\u0103 transformare academic\u0103 a fost fundamentat\u0103 pe solicit\u0103rile transmise de Spitalul Clinic Jude\u021bean de Urgen\u021b\u0103 \u201eSf\u00eentul Ioan cel Nou\u201d Suceava \u0219i de Universitatea \u201e\u0218tefan ce Mare\u201d, av\u00eend la baz\u0103 Hot\u0103r\u00eerea Senatului USV nr. 196\/2025 \u0219i avizul favorabil al Ministerului Educa\u021biei. De asemenea, procesul a beneficiat de sus\u021binerea Consiliului Jude\u021bean Suceava, care a aprobat modificarea structurii organizatorice prin Hot\u0103r\u00e2rea nr. 217\/2025.<\/p>\n<p>Larisa Blanari a mai spus. \u201eDob\u00eendirea statutului clinic pentru aceste sec\u021bii confirm\u0103 \u00eendeplinirea condi\u021biilor necesare pentru desf\u0103\u0219urarea activit\u0103\u021bilor de \u00eenv\u0103\u021b\u0103m\u00eent medical universitar \u0219i postuniversitar. Aceast\u0103 evolu\u021bie va permite o integrare mai bun\u0103 a activit\u0103\u021bii de cercetare cu asisten\u021ba medical\u0103, oferind viitorilor medici o baz\u0103 de preg\u0103tire solid\u0103\u201d.<\/p>\n<\/div>\n<p>[analyse_source url=&#8221;https:\/\/www.radiotop.ro\/sanatate\/inca-cinci-sectii-ale-spitalului-sucevean-au-dobindit-statut-clinic-larisa-blanari-acest-lucru-confirma-indeplinirea-conditiilor-necesare-pentru-desfasurarea-activitatilor-de-invatamint-medical-univ.html&#8221;]<\/p>\n","protected":false},"excerpt":{"rendered":"<p>[analyse_image type=&#8221;featured&#8221; src=&#8221;https:\/\/www.radiotop.ro\/img\/media\/2026\/04\/larisa-blanari-spital.jpghttps:\/\/www.radiotop.ro\/img\/media\/2026\/04\/larisa-blanari-spital.jpg&#8221;] Managerul Spitalului Clinic Jude\u021bean de Urgen\u021b\u0103 \u201eSf\u00eentul Ioan cel Nou\u201d Suceava, Larisa Blanari, anun\u021b\u0103 c\u0103 prin Ordinul Ministrului S\u0103n\u0103t\u0103\u021bii s-a aprobat \u00eenfiin\u021barea a cinci noi structuri clinice \u00een cadrul unit\u0103\u021bii spitalice\u0219ti. Conform doamnei Blanari, \u201dacest\u0103 decizie marcheaz\u0103 o etap\u0103 esen\u021bial\u0103 \u00een consolidarea parteneriatului cu Universitatea &lt;\u0218tefan cel Mare&gt; din Suceava \u0219i \u00een [&hellip;]<\/p>\n","protected":false},"author":1,"featured_media":0,"comment_status":"open","ping_status":"","sticky":false,"template":"","format":"standard","meta":{"footnotes":""},"categories":[89],"tags":[226,163],"class_list":["post-1889140","post","type-post","status-publish","format-standard","hentry","category-romania","tag-crawlmanager","tag-radiotop-ro"],"_links":{"self":[{"href":"https:\/\/analyse.optim.biz\/index.php?rest_route=\/wp\/v2\/posts\/1889140","targetHints":{"allow":["GET"]}}],"collection":[{"href":"https:\/\/analyse.optim.biz\/index.php?rest_route=\/wp\/v2\/posts"}],"about":[{"href":"https:\/\/analyse.optim.biz\/index.php?rest_route=\/wp\/v2\/types\/post"}],"author":[{"embeddable":true,"href":"https:\/\/analyse.optim.biz\/index.php?rest_route=\/wp\/v2\/users\/1"}],"replies":[{"embeddable":true,"href":"https:\/\/analyse.optim.biz\/index.php?rest_route=%2Fwp%2Fv2%2Fcomments&post=1889140"}],"version-history":[{"count":0,"href":"https:\/\/analyse.optim.biz\/index.php?rest_route=\/wp\/v2\/posts\/1889140\/revisions"}],"wp:attachment":[{"href":"https:\/\/analyse.optim.biz\/index.php?rest_route=%2Fwp%2Fv2%2Fmedia&parent=1889140"}],"wp:term":[{"taxonomy":"category","embeddable":true,"href":"https:\/\/analyse.optim.biz\/index.php?rest_route=%2Fwp%2Fv2%2Fcategories&post=1889140"},{"taxonomy":"post_tag","embeddable":true,"href":"https:\/\/analyse.optim.biz\/index.php?rest_route=%2Fwp%2Fv2%2Ftags&post=1889140"}],"curies":[{"name":"wp","href":"https:\/\/api.w.org\/{rel}","templated":true}]}}