{"id":1889139,"date":"2026-04-17T11:19:35","date_gmt":"2026-04-17T08:19:35","guid":{"rendered":"https:\/\/analyse.optim.biz\/?p=1889139"},"modified":"2026-04-17T11:19:35","modified_gmt":"2026-04-17T08:19:35","slug":"barbat-retinut-in-arest-dupa-un-scandal-la-un-bar-din-dumbraveni-unde-a-agresat-fizic-si-a-amenintat-mai-multe-persoane","status":"publish","type":"post","link":"https:\/\/analyse.optim.biz\/?p=1889139","title":{"rendered":"B\u0103rbat re\u021binut \u00een arest dup\u0103 un scandal la un bar din Dumbr\u0103veni unde a agresat fizic \u0219i a amenin\u021bat mai multe persoane"},"content":{"rendered":"<p>[analyse_image type=&#8221;featured&#8221; src=&#8221;https:\/\/www.newsbucovina.ro\/wp-content\/uploads\/2026\/03\/politia-razie-5.jpeghttps:\/\/cdn.newsbucovina.ro\/wp-content\/uploads\/2026\/03\/politia-razie-5.jpeg&#8221;]<\/p>\n<div class=\"td-post-content tagdiv-type\">\n<div class=\"td-a-rec td-a-rec-id-content_top  tdi_3 td_block_template_1\"><strong>Intr\u0103 acum \u0219i \u00een grupul de <\/p>\n<div class=\"wp-block-button\"><a class=\"wp-block-button__link wp-element-button\" href=\"https:\/\/t.me\/+TH8wcfnp8fw5NWI0\">Telegram News Bucovina<\/a><\/div>\n<p><\/strong><\/div>\n<p>Poli\u021bi\u0219tii din Salcea au dispus re\u021binerea pentru 24 de ore a unui b\u0103rbat de 57 de ani, cercetat pentru lovire sau alte violen\u021be, amenin\u021bare \u0219i tulburarea ordinii \u0219i lini\u0219tii publice, dup\u0103 un scandal produs mar\u021bi sear\u0103, 12 aprilie 2026, \u00een parcarea unui bar din satul S\u0103l\u0103geni, comuna Dumbr\u0103veni.<\/p>\n<figure class=\"wp-block-image size-large\"><a href=\"https:\/\/cdn.newsbucovina.ro\/wp-content\/uploads\/2026\/03\/politia-razie-5.jpeg\"><img loading=\"lazy\" decoding=\"async\" width=\"1024\" height=\"558\" src=\"https:\/\/cdn.newsbucovina.ro\/wp-content\/uploads\/2026\/03\/politia-razie-5-1024x558.jpeg\" alt class=\"wp-image-433951\"><\/a><\/figure>\n<p>Potrivit anchetei, conflictul a izbucnit \u00een jurul orei 19:50, c\u00e2nd b\u0103rbatul, aflat \u00een stare de ebrietate, a devenit agresiv fa\u021b\u0103 de o femeie care lucra ca gestionar la bar. Acesta a lovit-o cu palma peste fa\u021b\u0103 dup\u0103 ce ea a refuzat s\u0103-l mai serveasc\u0103 cu b\u0103uturi alcoolice.<\/p>\n<p>Un alt b\u0103rbat de 25 de ani a intervenit pentru a calma situa\u021bia, ceea ce a dus la escaladarea conflictului. Agresorul a continuat s\u0103 se manifeste violent \u0219i s\u0103 profereze amenin\u021b\u0103ri cu acte de violen\u021b\u0103 at\u00e2t fa\u021b\u0103 de cei doi, c\u00e2t \u0219i fa\u021b\u0103 de alte persoane prezente.<\/p>\n<p>Echipajul de poli\u021bie ajuns la fa\u021ba locului a \u00eencercat s\u0103 aplaneze conflictul, \u00eens\u0103 din cauza comportamentului agresiv al b\u0103rbatului, a fost nevoit\u0103 s\u0103 \u00eel imobilizeze cu mijloacele din dotare \u0219i s\u0103 \u00eel conduc\u0103 la sediul Poli\u021biei ora\u0219ului Salcea.<\/p>\n<p>Av\u00e2nd \u00een vedere starea de agita\u021bie \u0219i comportamentul incoerent, s-a solicitat un echipaj medical pentru evaluarea sa de c\u0103tre un medic specialist psihiatru.<\/p>\n<p>Cele dou\u0103 persoane v\u0103t\u0103mate s-au prezentat ulterior la sediul poli\u021biei \u0219i au depus pl\u00e2ngere penal\u0103. Ele au refuzat completarea formularului de evaluare a riscului prev\u0103zut de Legea 26\/2024.<\/p>\n<p>\u00cen urma administr\u0103rii probatoriului, la data de 16 aprilie 2026, procurorul a dispus continuarea urm\u0103ririi penale fa\u021b\u0103 de suspect pentru s\u0103v\u00e2r\u0219irea infrac\u021biunilor de lovire sau alte violen\u021be, amenin\u021bare \u0219i tulburarea ordinii \u0219i lini\u0219tii publice.<\/p>\n<p>Suspectul a fost re\u021binut pentru 24 de ore \u0219i introdus \u00een Centrul de Re\u021binere \u0219i Arest Preventiv al IPJ Suceava. Vineri, 17 aprilie 2026, acesta urmeaz\u0103 s\u0103 fie prezentat Parchetului de pe l\u00e2ng\u0103 Judec\u0103toria Suceava pentru dispunerea m\u0103surilor preventive.<\/p>\n<div class=\"td-a-rec td-a-rec-id-content_bottom  tdi_4 td_block_template_1\"><strong>Intr\u0103 acum \u0219i \u00een grupul de <\/p>\n<div class=\"wp-block-button\"><a class=\"wp-block-button__link wp-element-button\" href=\"https:\/\/t.me\/+TH8wcfnp8fw5NWI0\">Telegram News Bucovina<\/a><\/div>\n<p><\/strong><\/div>\n<\/div>\n<div class=\"td-post-content tagdiv-type\">\n<div class=\"td-a-rec td-a-rec-id-content_top  tdi_3 td_block_template_1\"><strong>Intr\u0103 acum \u0219i \u00een grupul de <\/p>\n<div class=\"wp-block-button\"><a class=\"wp-block-button__link wp-element-button\" href=\"https:\/\/t.me\/+TH8wcfnp8fw5NWI0\">Telegram News Bucovina<\/a><\/div>\n<p><\/strong><\/div>\n<p>Poli\u021bi\u0219tii din Salcea au dispus re\u021binerea pentru 24 de ore a unui b\u0103rbat de 57 de ani, cercetat pentru lovire sau alte violen\u021be, amenin\u021bare \u0219i tulburarea ordinii \u0219i lini\u0219tii publice, dup\u0103 un scandal produs mar\u021bi sear\u0103, 12 aprilie 2026, \u00een parcarea unui bar din satul S\u0103l\u0103geni, comuna Dumbr\u0103veni.<\/p>\n<figure class=\"wp-block-image size-large\"><a href=\"https:\/\/cdn.newsbucovina.ro\/wp-content\/uploads\/2026\/03\/politia-razie-5.jpeg\"><img loading=\"lazy\" decoding=\"async\" width=\"1024\" height=\"558\" src=\"https:\/\/cdn.newsbucovina.ro\/wp-content\/uploads\/2026\/03\/politia-razie-5-1024x558.jpeg\" alt class=\"wp-image-433951\"><\/a><\/figure>\n<p>Potrivit anchetei, conflictul a izbucnit \u00een jurul orei 19:50, c\u00e2nd b\u0103rbatul, aflat \u00een stare de ebrietate, a devenit agresiv fa\u021b\u0103 de o femeie care lucra ca gestionar la bar. Acesta a lovit-o cu palma peste fa\u021b\u0103 dup\u0103 ce ea a refuzat s\u0103-l mai serveasc\u0103 cu b\u0103uturi alcoolice.<\/p>\n<p>Un alt b\u0103rbat de 25 de ani a intervenit pentru a calma situa\u021bia, ceea ce a dus la escaladarea conflictului. Agresorul a continuat s\u0103 se manifeste violent \u0219i s\u0103 profereze amenin\u021b\u0103ri cu acte de violen\u021b\u0103 at\u00e2t fa\u021b\u0103 de cei doi, c\u00e2t \u0219i fa\u021b\u0103 de alte persoane prezente.<\/p>\n<p>Echipajul de poli\u021bie ajuns la fa\u021ba locului a \u00eencercat s\u0103 aplaneze conflictul, \u00eens\u0103 din cauza comportamentului agresiv al b\u0103rbatului, a fost nevoit\u0103 s\u0103 \u00eel imobilizeze cu mijloacele din dotare \u0219i s\u0103 \u00eel conduc\u0103 la sediul Poli\u021biei ora\u0219ului Salcea.<\/p>\n<p>Av\u00e2nd \u00een vedere starea de agita\u021bie \u0219i comportamentul incoerent, s-a solicitat un echipaj medical pentru evaluarea sa de c\u0103tre un medic specialist psihiatru.<\/p>\n<p>Cele dou\u0103 persoane v\u0103t\u0103mate s-au prezentat ulterior la sediul poli\u021biei \u0219i au depus pl\u00e2ngere penal\u0103. Ele au refuzat completarea formularului de evaluare a riscului prev\u0103zut de Legea 26\/2024.<\/p>\n<p>\u00cen urma administr\u0103rii probatoriului, la data de 16 aprilie 2026, procurorul a dispus continuarea urm\u0103ririi penale fa\u021b\u0103 de suspect pentru s\u0103v\u00e2r\u0219irea infrac\u021biunilor de lovire sau alte violen\u021be, amenin\u021bare \u0219i tulburarea ordinii \u0219i lini\u0219tii publice.<\/p>\n<p>Suspectul a fost re\u021binut pentru 24 de ore \u0219i introdus \u00een Centrul de Re\u021binere \u0219i Arest Preventiv al IPJ Suceava. Vineri, 17 aprilie 2026, acesta urmeaz\u0103 s\u0103 fie prezentat Parchetului de pe l\u00e2ng\u0103 Judec\u0103toria Suceava pentru dispunerea m\u0103surilor preventive.<\/p>\n<div class=\"td-a-rec td-a-rec-id-content_bottom  tdi_4 td_block_template_1\"><strong>Intr\u0103 acum \u0219i \u00een grupul de <\/p>\n<div class=\"wp-block-button\"><a class=\"wp-block-button__link wp-element-button\" href=\"https:\/\/t.me\/+TH8wcfnp8fw5NWI0\">Telegram News Bucovina<\/a><\/div>\n<p><\/strong><\/div>\n<\/div>\n<p>[analyse_source url=&#8221;https:\/\/www.newsbucovina.ro\/social\/436391\/barbat-retinut-in-arest-dupa-un-scandal-la-un-bar-din-dumbraveni-unde-a-agresat-fizic-si-a-amenintat-mai-multe-persoane&#8221;]<\/p>\n","protected":false},"excerpt":{"rendered":"<p>[analyse_image type=&#8221;featured&#8221; src=&#8221;https:\/\/www.newsbucovina.ro\/wp-content\/uploads\/2026\/03\/politia-razie-5.jpeghttps:\/\/cdn.newsbucovina.ro\/wp-content\/uploads\/2026\/03\/politia-razie-5.jpeg&#8221;] Intr\u0103 acum \u0219i \u00een grupul de Telegram News Bucovina Poli\u021bi\u0219tii din Salcea au dispus re\u021binerea pentru 24 de ore a unui b\u0103rbat de 57 de ani, cercetat pentru lovire sau alte violen\u021be, amenin\u021bare \u0219i tulburarea ordinii \u0219i lini\u0219tii publice, dup\u0103 un scandal produs mar\u021bi sear\u0103, 12 aprilie 2026, \u00een parcarea unui bar [&hellip;]<\/p>\n","protected":false},"author":1,"featured_media":0,"comment_status":"open","ping_status":"","sticky":false,"template":"","format":"standard","meta":{"footnotes":""},"categories":[89],"tags":[226,165],"class_list":["post-1889139","post","type-post","status-publish","format-standard","hentry","category-romania","tag-crawlmanager","tag-newsbucovina-ro"],"_links":{"self":[{"href":"https:\/\/analyse.optim.biz\/index.php?rest_route=\/wp\/v2\/posts\/1889139","targetHints":{"allow":["GET"]}}],"collection":[{"href":"https:\/\/analyse.optim.biz\/index.php?rest_route=\/wp\/v2\/posts"}],"about":[{"href":"https:\/\/analyse.optim.biz\/index.php?rest_route=\/wp\/v2\/types\/post"}],"author":[{"embeddable":true,"href":"https:\/\/analyse.optim.biz\/index.php?rest_route=\/wp\/v2\/users\/1"}],"replies":[{"embeddable":true,"href":"https:\/\/analyse.optim.biz\/index.php?rest_route=%2Fwp%2Fv2%2Fcomments&post=1889139"}],"version-history":[{"count":0,"href":"https:\/\/analyse.optim.biz\/index.php?rest_route=\/wp\/v2\/posts\/1889139\/revisions"}],"wp:attachment":[{"href":"https:\/\/analyse.optim.biz\/index.php?rest_route=%2Fwp%2Fv2%2Fmedia&parent=1889139"}],"wp:term":[{"taxonomy":"category","embeddable":true,"href":"https:\/\/analyse.optim.biz\/index.php?rest_route=%2Fwp%2Fv2%2Fcategories&post=1889139"},{"taxonomy":"post_tag","embeddable":true,"href":"https:\/\/analyse.optim.biz\/index.php?rest_route=%2Fwp%2Fv2%2Ftags&post=1889139"}],"curies":[{"name":"wp","href":"https:\/\/api.w.org\/{rel}","templated":true}]}}