{"id":1888993,"date":"2026-04-18T04:45:21","date_gmt":"2026-04-18T01:45:21","guid":{"rendered":"https:\/\/analyse.optim.biz\/?p=1888993"},"modified":"2026-04-18T04:45:21","modified_gmt":"2026-04-18T01:45:21","slug":"simona-neumann-loveste-iar-banatul-a-castigat-titlu-de-regiune-gastronomica-2028","status":"publish","type":"post","link":"https:\/\/analyse.optim.biz\/?p=1888993","title":{"rendered":"Simona Neumann love\u0219te iar! Banatul a c\u00e2\u0219tigat titlu de Regiune Gastronomic\u0103 2028"},"content":{"rendered":"<p>[analyse_image type=&#8221;featured&#8221; src=&#8221;https:\/\/focustim.ro\/wp-content\/uploads\/2021\/12\/simona-neumann.jpg&#8221;]<\/p>\n<article id=\"post-40005\" class=\"penci-single-artcontent noloaddisqus post-40005 post type-post status-publish format-standard has-post-thumbnail hentry category-actualitate category-eveniment category-featured tag-banat-regiune-gastronomica tag-simona-neumann penci-post-item\">\n<header class=\"entry-header penci-entry-header penci-title-\">\n<div class=\"penci-entry-categories\"><span class=\"penci-cat-links\"><a href=\"https:\/\/focustim.ro\/category\/actualitate\/\" rel=\"category tag\">Actualitate<\/a><a href=\"https:\/\/focustim.ro\/category\/eveniment\/\" rel=\"category tag\">Eveniment<\/a><a href=\"https:\/\/focustim.ro\/category\/featured\/\" rel=\"category tag\">Featured<\/a><\/span><\/div>\n<h1 class=\"entry-title penci-entry-title penci-title-\">Simona Neumann love\u0219te iar! Banatul a c\u00e2\u0219tigat titlu de Regiune Gastronomic\u0103 2028<\/h1>\n<div class=\"entry-meta penci-entry-meta\"><span class=\"entry-meta-item penci-posted-on\"><time class=\"entry-date published\" datetime=\"2026-04-18T07:45:21+03:00\">18\/04\/2026<\/time><time class=\"updated\" datetime=\"2026-04-18T07:45:27+03:00\">18\/04\/2026<\/time><\/span><span class=\"entry-meta-item penci-comment-count\"><a class=\"penci_pmeta-link\" href=\"https:\/\/focustim.ro\/simona-neumann-loveste-iar-banatul-a-castigat-titlu-de-regiune-gastronomica-2028\/#respond\">0<\/a><\/span><\/div>\n<p><span class=\"penci-social-buttons penci-social-share-footer\"><span class=\"penci-social-share-text\">Distribuie<\/span><a href=\"https:\/\/focustim.ro\/simona-neumann-loveste-iar-banatul-a-castigat-titlu-de-regiune-gastronomica-2028\/\" class=\"penci-post-like penci_post-meta_item  single-like-button penci-social-item like\" data-post_id=\"40005\" title=\"Like\" data-like=\"Like\" data-unlike=\"Unlike\"><span class=\"penci-share-number\">0<\/span><\/a><\/span><\/header>\n<div class=\"entry-media penci-entry-media\">\n<div class=\"post-format-meta \">\n<div class=\"post-image penci-standard-format\"><img decoding=\"async\" width=\"400\" height=\"400\" src=\"https:\/\/focustim.ro\/wp-content\/uploads\/2021\/12\/simona-neumann.jpg\" class=\"attachment-penci-thumb-960-auto size-penci-thumb-960-auto wp-post-image\" alt loading=\"lazy\"><\/div>\n<\/div>\n<\/div>\n<div class=\"penci-entry-content entry-content\">\n<p><strong>Simona Neumann, fosta \u0219ef\u0103 a Asocia\u021biei Timi\u0219oara Capital\u0103 Cultural\u0103 European\u0103, love\u0219te din nou. Banatul a c\u00e2\u0219tigat titlul de Regiune Gastronomic\u0103 \u00een anul 2028. Echipa condus\u0103 de Neumann a convins un juriu interna\u021bional.<\/strong><\/p>\n<p><strong>Iat\u0103 anun\u021bul Simonei Neumann<\/strong><\/p>\n<p>Ast\u0103zi, \u00een cadrul conferin\u021bei de pres\u0103 organizate la Consiliul Jude\u021bean Timi\u0219, juriul interna\u021bional IGCAT a prezentat concluziile evalu\u0103rii candidaturii Banatului.\ud835\udc01\ud835\udc1a\ud835\udc27\ud835\udc1a\ud835\udc2d\ud835\udc2e\ud835\udc25 \ud835\udc1a \ud835\udc1c\ud835\udc1a\u0302\ud835\udc2c\u0326\ud835\udc2d\ud835\udc22\ud835\udc20\ud835\udc1a\ud835\udc2d \ud835\udc28\ud835\udc1f\ud835\udc22\ud835\udc1c\ud835\udc22\ud835\udc1a\ud835\udc25 \ud835\udc2d\ud835\udc22\ud835\udc2d\ud835\udc25\ud835\udc2e\ud835\udc25 \ud835\udc1d\ud835\udc1e \ud835\udc11\ud835\udc1e\ud835\udc20\ud835\udc22\ud835\udc2e\ud835\udc27\ud835\udc1e \ud835\udc06\ud835\udc1a\ud835\udc2c\ud835\udc2d\ud835\udc2b\ud835\udc28\ud835\udc27\ud835\udc28\ud835\udc26\ud835\udc22\ud835\udc1c\ud835\udc1a\u0306 \ud835\udc04\ud835\udc2e\ud835\udc2b\ud835\udc28\ud835\udc29\ud835\udc1e\ud835\udc1a\ud835\udc27\ud835\udc1a\u0306 \ud835\udfd0\ud835\udfce\ud835\udfd0\ud835\udfd6! <\/p>\n<p>Nu este doar un titlu, ci o recunoa\u0219tere profund\u0103 a unei pove\u0219ti despre oameni, gusturi, tradi\u021bii \u0219i identitate. O poveste a diversit\u0103\u021bii care define\u0219te Banatul \u0219i care ne aduce \u00eempreun\u0103.De la produc\u0103tori locali la chefi, de la comunit\u0103\u021bi la parteneri din \u00eentreaga regiune, aceast\u0103 reu\u0219it\u0103 apar\u021bine tuturor.Arome curajoase. Origini diverse. O mas\u0103 comun\u0103.Recomandarea ferm\u0103 a juriului confirm\u0103 valoarea autentic\u0103 a regiunii noastre \u0219i efortul comun al jude\u021belor Timi\u0219, Arad \u0219i Cara\u0219-Severin. Este o realizare major\u0103, dar \u0219i o responsabilitate: s\u0103 continu\u0103m munca \u0219i s\u0103 fim preg\u0103ti\u021bi pentru anul 2028, c\u00e2nd vom \u00eent\u00e2mpina oaspe\u021bi din \u00eentreaga Europ\u0103.Banatul nu a c\u00e2\u0219tigat doar prin gust, ci \u0219i prin viziune: capacitatea de a construi \u00een jurul gastronomiei o strategie de dezvoltare, de a conecta tradi\u021biile culinare cu turismul \u0219i de a valorifica diversitatea \u0219i calitatea produselor locale.Acest titlu \u00eenseamn\u0103 vizibilitate european\u0103, oportunit\u0103\u021bi pentru produc\u0103tori, dezvoltarea turismului \u0219i organizarea de evenimente gastronomice care vor pune regiunea pe harta internationala.Transmitem recuno\u0219tin\u021ba noastr\u0103 juriului IGCAT pentru \u00eencredere \u0219i pentru recunoa\u0219terea valorii \u0219i autenticit\u0103\u021bii Banatului.<\/p>\n<p>Mul\u021bumim partenerilor din consor\u021biu, ambasadorilor, precum \u0219i tuturor institu\u021biilor \u0219i organiza\u021biilor implicate.Aceast\u0103 reu\u0219it\u0103 este rezultatul unei munci \u00eendelungate, al colabor\u0103rii \u0219i al unei viziuni comune.V\u0103 mul\u021bumim!Proiectul <a href=\"https:\/\/www.facebook.com\/tasteofbanat2028?__cft__%5B0%5D=AZZn2k0mQWryaWewJ_-4vj8z2AtJWdzX3whdHKm0D1KVgrG_xaAENHPJbU-JflI9m1B3BUcL2VIStWaejCTsV11KdTPmwr5c5HqQK4Vw9qh7gQ0f0twCfLDLanwfIysQHlpP57i6YdET1_2cOp4zGnaw8TsrMBEhfLBgUo3_QE0k1pMPhlnCJBULFogwVXh0ynE&amp;__tn__=-%5DK-R\">Banat \u2013 Regiune Gastronomic\u0103 European\u0103<\/a> 2028 este ini\u021biat de <a href=\"https:\/\/www.facebook.com\/cjtimis?__cft__%5B0%5D=AZZn2k0mQWryaWewJ_-4vj8z2AtJWdzX3whdHKm0D1KVgrG_xaAENHPJbU-JflI9m1B3BUcL2VIStWaejCTsV11KdTPmwr5c5HqQK4Vw9qh7gQ0f0twCfLDLanwfIysQHlpP57i6YdET1_2cOp4zGnaw8TsrMBEhfLBgUo3_QE0k1pMPhlnCJBULFogwVXh0ynE&amp;__tn__=-%5DK-R\">Consiliul Jude\u0163ean Timi\u015f<\/a>\u015f (lider de proiect), <a href=\"https:\/\/www.facebook.com\/turismtimis?__cft__%5B0%5D=AZZn2k0mQWryaWewJ_-4vj8z2AtJWdzX3whdHKm0D1KVgrG_xaAENHPJbU-JflI9m1B3BUcL2VIStWaejCTsV11KdTPmwr5c5HqQK4Vw9qh7gQ0f0twCfLDLanwfIysQHlpP57i6YdET1_2cOp4zGnaw8TsrMBEhfLBgUo3_QE0k1pMPhlnCJBULFogwVXh0ynE&amp;__tn__=-%5DK-R\">Visit Timi\u0219<\/a> (implementare) al\u0103turi de partenerii din consor\u021biu: IGCAT, <a href=\"https:\/\/www.facebook.com\/horetim.org?__cft__%5B0%5D=AZZn2k0mQWryaWewJ_-4vj8z2AtJWdzX3whdHKm0D1KVgrG_xaAENHPJbU-JflI9m1B3BUcL2VIStWaejCTsV11KdTPmwr5c5HqQK4Vw9qh7gQ0f0twCfLDLanwfIysQHlpP57i6YdET1_2cOp4zGnaw8TsrMBEhfLBgUo3_QE0k1pMPhlnCJBULFogwVXh0ynE&amp;__tn__=-%5DK-R\">HORETIM<\/a>, <a href=\"https:\/\/www.facebook.com\/USVTimisoara?__cft__%5B0%5D=AZZn2k0mQWryaWewJ_-4vj8z2AtJWdzX3whdHKm0D1KVgrG_xaAENHPJbU-JflI9m1B3BUcL2VIStWaejCTsV11KdTPmwr5c5HqQK4Vw9qh7gQ0f0twCfLDLanwfIysQHlpP57i6YdET1_2cOp4zGnaw8TsrMBEhfLBgUo3_QE0k1pMPhlnCJBULFogwVXh0ynE&amp;__tn__=-%5DK-R\">Universitatea de \u0218tiin\u021bele Vie\u021bii \u201cRegele Mihai I\u201d din Timi\u0219oara<\/a>, <a href=\"https:\/\/www.facebook.com\/produsbanat?__cft__%5B0%5D=AZZn2k0mQWryaWewJ_-4vj8z2AtJWdzX3whdHKm0D1KVgrG_xaAENHPJbU-JflI9m1B3BUcL2VIStWaejCTsV11KdTPmwr5c5HqQK4Vw9qh7gQ0f0twCfLDLanwfIysQHlpP57i6YdET1_2cOp4zGnaw8TsrMBEhfLBgUo3_QE0k1pMPhlnCJBULFogwVXh0ynE&amp;__tn__=-%5DK-R\">Produs in Banat<\/a>\u2013 <a href=\"https:\/\/www.facebook.com\/colinelerecas?__cft__%5B0%5D=AZZn2k0mQWryaWewJ_-4vj8z2AtJWdzX3whdHKm0D1KVgrG_xaAENHPJbU-JflI9m1B3BUcL2VIStWaejCTsV11KdTPmwr5c5HqQK4Vw9qh7gQ0f0twCfLDLanwfIysQHlpP57i6YdET1_2cOp4zGnaw8TsrMBEhfLBgUo3_QE0k1pMPhlnCJBULFogwVXh0ynE&amp;__tn__=-%5DK-R\">GAL Colinele Reca\u0219<\/a>, Asocia\u021bia <a href=\"https:\/\/www.facebook.com\/profile.php?id=100089473202162&amp;__cft__%5B0%5D=AZZn2k0mQWryaWewJ_-4vj8z2AtJWdzX3whdHKm0D1KVgrG_xaAENHPJbU-JflI9m1B3BUcL2VIStWaejCTsV11KdTPmwr5c5HqQK4Vw9qh7gQ0f0twCfLDLanwfIysQHlpP57i6YdET1_2cOp4zGnaw8TsrMBEhfLBgUo3_QE0k1pMPhlnCJBULFogwVXh0ynE&amp;__tn__=-%5DK-R\">My Banat<\/a>, Degustaria \u2013 <a href=\"https:\/\/www.facebook.com\/Retetecalamama?__cft__%5B0%5D=AZZn2k0mQWryaWewJ_-4vj8z2AtJWdzX3whdHKm0D1KVgrG_xaAENHPJbU-JflI9m1B3BUcL2VIStWaejCTsV11KdTPmwr5c5HqQK4Vw9qh7gQ0f0twCfLDLanwfIysQHlpP57i6YdET1_2cOp4zGnaw8TsrMBEhfLBgUo3_QE0k1pMPhlnCJBULFogwVXh0ynE&amp;__tn__=-%5DK-R\">Retete cu Laura Laurentiu<\/a>, <a href=\"https:\/\/www.facebook.com\/AsociatiaCRIES?__cft__%5B0%5D=AZZn2k0mQWryaWewJ_-4vj8z2AtJWdzX3whdHKm0D1KVgrG_xaAENHPJbU-JflI9m1B3BUcL2VIStWaejCTsV11KdTPmwr5c5HqQK4Vw9qh7gQ0f0twCfLDLanwfIysQHlpP57i6YdET1_2cOp4zGnaw8TsrMBEhfLBgUo3_QE0k1pMPhlnCJBULFogwVXh0ynE&amp;__tn__=-%5DK-R\">CRIES \u2013 Centrul de Resurse pentru Ini\u021biative Etice &amp; Solidare<\/a>, partener @Asociatia GIDE.<\/p>\n<div class=\"sharedaddy sd-sharing-enabled\">\n<div class=\"robots-nocontent sd-block sd-social sd-social-icon-text sd-sharing\">\n<h3 class=\"sd-title\">Partajeaz\u0103 asta:<\/h3>\n<div class=\"sd-content\">\n<ul>\n<li class=\"share-twitter\"><a rel=\"nofollow noopener noreferrer\" data-shared=\"sharing-twitter-40005\" class=\"share-twitter sd-button share-icon\" href=\"https:\/\/focustim.ro\/simona-neumann-loveste-iar-banatul-a-castigat-titlu-de-regiune-gastronomica-2028\/?share=twitter\" target=\"_blank\" title=\"D\u0103 clic pentru a partaja pe Twitter\"><span>Twitter<\/span><\/a><\/li>\n<li class=\"share-facebook\"><a rel=\"nofollow noopener noreferrer\" data-shared=\"sharing-facebook-40005\" class=\"share-facebook sd-button share-icon\" href=\"https:\/\/focustim.ro\/simona-neumann-loveste-iar-banatul-a-castigat-titlu-de-regiune-gastronomica-2028\/?share=facebook\" target=\"_blank\" title=\"D\u0103 clic pentru a partaja pe Facebook\"><span>Facebook<\/span><\/a><\/li>\n<li class=\"share-end\"><\/ul>\n<\/div>\n<\/div>\n<\/div>\n<div class=\"sharedaddy sd-block sd-like jetpack-likes-widget-wrapper jetpack-likes-widget-unloaded\" id=\"like-post-wrapper-167025405-40005-69e317daa4d69\" data-src=\"https:\/\/widgets.wp.com\/likes\/#blog_id=167025405&amp;post_id=40005&amp;origin=focustim.ro&amp;obj_id=167025405-40005-69e317daa4d69\" data-name=\"like-post-frame-167025405-40005-69e317daa4d69\" data-title=\"Apreciaz\u0103 sau republic\u0103\">\n<h3 class=\"sd-title\">Apreciaz\u0103:<\/h3>\n<div class=\"likes-widget-placeholder post-likes-widget-placeholder\"><span class=\"button\"><span>Apreciere<\/span><\/span><span class=\"loading\">\u00cencarc&#8230;<\/span><\/div>\n<\/div>\n<\/div>\n<footer class=\"penci-entry-footer\">\n<div class=\"penci-source-via-tags-wrap\"><span class=\"tags-links penci-tags-links\"><a href=\"https:\/\/focustim.ro\/tag\/banat-regiune-gastronomica\/\" rel=\"tag\">banat regiune gastronomica<\/a><a href=\"https:\/\/focustim.ro\/tag\/simona-neumann\/\" rel=\"tag\">Simona Neumann<\/a><\/span><\/div>\n<p><span class=\"penci-social-buttons penci-social-share-footer\"><span class=\"penci-social-share-text\">Distribuie<\/span><a href=\"https:\/\/focustim.ro\/simona-neumann-loveste-iar-banatul-a-castigat-titlu-de-regiune-gastronomica-2028\/\" class=\"penci-post-like penci_post-meta_item  single-like-button penci-social-item like\" data-post_id=\"40005\" title=\"Like\" data-like=\"Like\" data-unlike=\"Unlike\"><span class=\"penci-share-number\">0<\/span><\/a><\/span><\/footer>\n<\/article>\n<div class=\"penci-entry-content entry-content\">\n<p><strong>Simona Neumann, fosta \u0219ef\u0103 a Asocia\u021biei Timi\u0219oara Capital\u0103 Cultural\u0103 European\u0103, love\u0219te din nou. Banatul a c\u00e2\u0219tigat titlul de Regiune Gastronomic\u0103 \u00een anul 2028. Echipa condus\u0103 de Neumann a convins un juriu interna\u021bional.<\/strong><\/p>\n<p><strong>Iat\u0103 anun\u021bul Simonei Neumann<\/strong><\/p>\n<p>Ast\u0103zi, \u00een cadrul conferin\u021bei de pres\u0103 organizate la Consiliul Jude\u021bean Timi\u0219, juriul interna\u021bional IGCAT a prezentat concluziile evalu\u0103rii candidaturii Banatului.\ud835\udc01\ud835\udc1a\ud835\udc27\ud835\udc1a\ud835\udc2d\ud835\udc2e\ud835\udc25 \ud835\udc1a \ud835\udc1c\ud835\udc1a\u0302\ud835\udc2c\u0326\ud835\udc2d\ud835\udc22\ud835\udc20\ud835\udc1a\ud835\udc2d \ud835\udc28\ud835\udc1f\ud835\udc22\ud835\udc1c\ud835\udc22\ud835\udc1a\ud835\udc25 \ud835\udc2d\ud835\udc22\ud835\udc2d\ud835\udc25\ud835\udc2e\ud835\udc25 \ud835\udc1d\ud835\udc1e \ud835\udc11\ud835\udc1e\ud835\udc20\ud835\udc22\ud835\udc2e\ud835\udc27\ud835\udc1e \ud835\udc06\ud835\udc1a\ud835\udc2c\ud835\udc2d\ud835\udc2b\ud835\udc28\ud835\udc27\ud835\udc28\ud835\udc26\ud835\udc22\ud835\udc1c\ud835\udc1a\u0306 \ud835\udc04\ud835\udc2e\ud835\udc2b\ud835\udc28\ud835\udc29\ud835\udc1e\ud835\udc1a\ud835\udc27\ud835\udc1a\u0306 \ud835\udfd0\ud835\udfce\ud835\udfd0\ud835\udfd6! <\/p>\n<p>Nu este doar un titlu, ci o recunoa\u0219tere profund\u0103 a unei pove\u0219ti despre oameni, gusturi, tradi\u021bii \u0219i identitate. O poveste a diversit\u0103\u021bii care define\u0219te Banatul \u0219i care ne aduce \u00eempreun\u0103.De la produc\u0103tori locali la chefi, de la comunit\u0103\u021bi la parteneri din \u00eentreaga regiune, aceast\u0103 reu\u0219it\u0103 apar\u021bine tuturor.Arome curajoase. Origini diverse. O mas\u0103 comun\u0103.Recomandarea ferm\u0103 a juriului confirm\u0103 valoarea autentic\u0103 a regiunii noastre \u0219i efortul comun al jude\u021belor Timi\u0219, Arad \u0219i Cara\u0219-Severin. Este o realizare major\u0103, dar \u0219i o responsabilitate: s\u0103 continu\u0103m munca \u0219i s\u0103 fim preg\u0103ti\u021bi pentru anul 2028, c\u00e2nd vom \u00eent\u00e2mpina oaspe\u021bi din \u00eentreaga Europ\u0103.Banatul nu a c\u00e2\u0219tigat doar prin gust, ci \u0219i prin viziune: capacitatea de a construi \u00een jurul gastronomiei o strategie de dezvoltare, de a conecta tradi\u021biile culinare cu turismul \u0219i de a valorifica diversitatea \u0219i calitatea produselor locale.Acest titlu \u00eenseamn\u0103 vizibilitate european\u0103, oportunit\u0103\u021bi pentru produc\u0103tori, dezvoltarea turismului \u0219i organizarea de evenimente gastronomice care vor pune regiunea pe harta internationala.Transmitem recuno\u0219tin\u021ba noastr\u0103 juriului IGCAT pentru \u00eencredere \u0219i pentru recunoa\u0219terea valorii \u0219i autenticit\u0103\u021bii Banatului.<\/p>\n<p>Mul\u021bumim partenerilor din consor\u021biu, ambasadorilor, precum \u0219i tuturor institu\u021biilor \u0219i organiza\u021biilor implicate.Aceast\u0103 reu\u0219it\u0103 este rezultatul unei munci \u00eendelungate, al colabor\u0103rii \u0219i al unei viziuni comune.V\u0103 mul\u021bumim!Proiectul <a href=\"https:\/\/www.facebook.com\/tasteofbanat2028?__cft__%5B0%5D=AZZn2k0mQWryaWewJ_-4vj8z2AtJWdzX3whdHKm0D1KVgrG_xaAENHPJbU-JflI9m1B3BUcL2VIStWaejCTsV11KdTPmwr5c5HqQK4Vw9qh7gQ0f0twCfLDLanwfIysQHlpP57i6YdET1_2cOp4zGnaw8TsrMBEhfLBgUo3_QE0k1pMPhlnCJBULFogwVXh0ynE&amp;__tn__=-%5DK-R\">Banat \u2013 Regiune Gastronomic\u0103 European\u0103<\/a> 2028 este ini\u021biat de <a href=\"https:\/\/www.facebook.com\/cjtimis?__cft__%5B0%5D=AZZn2k0mQWryaWewJ_-4vj8z2AtJWdzX3whdHKm0D1KVgrG_xaAENHPJbU-JflI9m1B3BUcL2VIStWaejCTsV11KdTPmwr5c5HqQK4Vw9qh7gQ0f0twCfLDLanwfIysQHlpP57i6YdET1_2cOp4zGnaw8TsrMBEhfLBgUo3_QE0k1pMPhlnCJBULFogwVXh0ynE&amp;__tn__=-%5DK-R\">Consiliul Jude\u0163ean Timi\u015f<\/a>\u015f (lider de proiect), <a href=\"https:\/\/www.facebook.com\/turismtimis?__cft__%5B0%5D=AZZn2k0mQWryaWewJ_-4vj8z2AtJWdzX3whdHKm0D1KVgrG_xaAENHPJbU-JflI9m1B3BUcL2VIStWaejCTsV11KdTPmwr5c5HqQK4Vw9qh7gQ0f0twCfLDLanwfIysQHlpP57i6YdET1_2cOp4zGnaw8TsrMBEhfLBgUo3_QE0k1pMPhlnCJBULFogwVXh0ynE&amp;__tn__=-%5DK-R\">Visit Timi\u0219<\/a> (implementare) al\u0103turi de partenerii din consor\u021biu: IGCAT, <a href=\"https:\/\/www.facebook.com\/horetim.org?__cft__%5B0%5D=AZZn2k0mQWryaWewJ_-4vj8z2AtJWdzX3whdHKm0D1KVgrG_xaAENHPJbU-JflI9m1B3BUcL2VIStWaejCTsV11KdTPmwr5c5HqQK4Vw9qh7gQ0f0twCfLDLanwfIysQHlpP57i6YdET1_2cOp4zGnaw8TsrMBEhfLBgUo3_QE0k1pMPhlnCJBULFogwVXh0ynE&amp;__tn__=-%5DK-R\">HORETIM<\/a>, <a href=\"https:\/\/www.facebook.com\/USVTimisoara?__cft__%5B0%5D=AZZn2k0mQWryaWewJ_-4vj8z2AtJWdzX3whdHKm0D1KVgrG_xaAENHPJbU-JflI9m1B3BUcL2VIStWaejCTsV11KdTPmwr5c5HqQK4Vw9qh7gQ0f0twCfLDLanwfIysQHlpP57i6YdET1_2cOp4zGnaw8TsrMBEhfLBgUo3_QE0k1pMPhlnCJBULFogwVXh0ynE&amp;__tn__=-%5DK-R\">Universitatea de \u0218tiin\u021bele Vie\u021bii \u201cRegele Mihai I\u201d din Timi\u0219oara<\/a>, <a href=\"https:\/\/www.facebook.com\/produsbanat?__cft__%5B0%5D=AZZn2k0mQWryaWewJ_-4vj8z2AtJWdzX3whdHKm0D1KVgrG_xaAENHPJbU-JflI9m1B3BUcL2VIStWaejCTsV11KdTPmwr5c5HqQK4Vw9qh7gQ0f0twCfLDLanwfIysQHlpP57i6YdET1_2cOp4zGnaw8TsrMBEhfLBgUo3_QE0k1pMPhlnCJBULFogwVXh0ynE&amp;__tn__=-%5DK-R\">Produs in Banat<\/a>\u2013 <a href=\"https:\/\/www.facebook.com\/colinelerecas?__cft__%5B0%5D=AZZn2k0mQWryaWewJ_-4vj8z2AtJWdzX3whdHKm0D1KVgrG_xaAENHPJbU-JflI9m1B3BUcL2VIStWaejCTsV11KdTPmwr5c5HqQK4Vw9qh7gQ0f0twCfLDLanwfIysQHlpP57i6YdET1_2cOp4zGnaw8TsrMBEhfLBgUo3_QE0k1pMPhlnCJBULFogwVXh0ynE&amp;__tn__=-%5DK-R\">GAL Colinele Reca\u0219<\/a>, Asocia\u021bia <a href=\"https:\/\/www.facebook.com\/profile.php?id=100089473202162&amp;__cft__%5B0%5D=AZZn2k0mQWryaWewJ_-4vj8z2AtJWdzX3whdHKm0D1KVgrG_xaAENHPJbU-JflI9m1B3BUcL2VIStWaejCTsV11KdTPmwr5c5HqQK4Vw9qh7gQ0f0twCfLDLanwfIysQHlpP57i6YdET1_2cOp4zGnaw8TsrMBEhfLBgUo3_QE0k1pMPhlnCJBULFogwVXh0ynE&amp;__tn__=-%5DK-R\">My Banat<\/a>, Degustaria \u2013 <a href=\"https:\/\/www.facebook.com\/Retetecalamama?__cft__%5B0%5D=AZZn2k0mQWryaWewJ_-4vj8z2AtJWdzX3whdHKm0D1KVgrG_xaAENHPJbU-JflI9m1B3BUcL2VIStWaejCTsV11KdTPmwr5c5HqQK4Vw9qh7gQ0f0twCfLDLanwfIysQHlpP57i6YdET1_2cOp4zGnaw8TsrMBEhfLBgUo3_QE0k1pMPhlnCJBULFogwVXh0ynE&amp;__tn__=-%5DK-R\">Retete cu Laura Laurentiu<\/a>, <a href=\"https:\/\/www.facebook.com\/AsociatiaCRIES?__cft__%5B0%5D=AZZn2k0mQWryaWewJ_-4vj8z2AtJWdzX3whdHKm0D1KVgrG_xaAENHPJbU-JflI9m1B3BUcL2VIStWaejCTsV11KdTPmwr5c5HqQK4Vw9qh7gQ0f0twCfLDLanwfIysQHlpP57i6YdET1_2cOp4zGnaw8TsrMBEhfLBgUo3_QE0k1pMPhlnCJBULFogwVXh0ynE&amp;__tn__=-%5DK-R\">CRIES \u2013 Centrul de Resurse pentru Ini\u021biative Etice &amp; Solidare<\/a>, partener @Asociatia GIDE.<\/p>\n<div class=\"sharedaddy sd-sharing-enabled\">\n<div class=\"robots-nocontent sd-block sd-social sd-social-icon-text sd-sharing\">\n<h3 class=\"sd-title\">Partajeaz\u0103 asta:<\/h3>\n<div class=\"sd-content\">\n<ul>\n<li class=\"share-twitter\"><a rel=\"nofollow noopener noreferrer\" data-shared=\"sharing-twitter-40005\" class=\"share-twitter sd-button share-icon\" href=\"https:\/\/focustim.ro\/simona-neumann-loveste-iar-banatul-a-castigat-titlu-de-regiune-gastronomica-2028\/?share=twitter\" target=\"_blank\" title=\"D\u0103 clic pentru a partaja pe Twitter\"><span>Twitter<\/span><\/a><\/li>\n<li class=\"share-facebook\"><a rel=\"nofollow noopener noreferrer\" data-shared=\"sharing-facebook-40005\" class=\"share-facebook sd-button share-icon\" href=\"https:\/\/focustim.ro\/simona-neumann-loveste-iar-banatul-a-castigat-titlu-de-regiune-gastronomica-2028\/?share=facebook\" target=\"_blank\" title=\"D\u0103 clic pentru a partaja pe Facebook\"><span>Facebook<\/span><\/a><\/li>\n<li class=\"share-end\"><\/ul>\n<\/div>\n<\/div>\n<\/div>\n<div class=\"sharedaddy sd-block sd-like jetpack-likes-widget-wrapper jetpack-likes-widget-unloaded\" id=\"like-post-wrapper-167025405-40005-69e317daa4d69\" data-src=\"https:\/\/widgets.wp.com\/likes\/#blog_id=167025405&amp;post_id=40005&amp;origin=focustim.ro&amp;obj_id=167025405-40005-69e317daa4d69\" data-name=\"like-post-frame-167025405-40005-69e317daa4d69\" data-title=\"Apreciaz\u0103 sau republic\u0103\">\n<h3 class=\"sd-title\">Apreciaz\u0103:<\/h3>\n<div class=\"likes-widget-placeholder post-likes-widget-placeholder\"><span class=\"button\"><span>Apreciere<\/span><\/span><span class=\"loading\">\u00cencarc&#8230;<\/span><\/div>\n<\/div>\n<\/div>\n<p>[analyse_source url=&#8221;https:\/\/focustim.ro\/simona-neumann-loveste-iar-banatul-a-castigat-titlu-de-regiune-gastronomica-2028\/&#8221;]<\/p>\n","protected":false},"excerpt":{"rendered":"<p>[analyse_image type=&#8221;featured&#8221; src=&#8221;https:\/\/focustim.ro\/wp-content\/uploads\/2021\/12\/simona-neumann.jpg&#8221;] ActualitateEvenimentFeatured Simona Neumann love\u0219te iar! Banatul a c\u00e2\u0219tigat titlu de Regiune Gastronomic\u0103 2028 18\/04\/202618\/04\/20260 Distribuie0 Simona Neumann, fosta \u0219ef\u0103 a Asocia\u021biei Timi\u0219oara Capital\u0103 Cultural\u0103 European\u0103, love\u0219te din nou. Banatul a c\u00e2\u0219tigat titlul de Regiune Gastronomic\u0103 \u00een anul 2028. Echipa condus\u0103 de Neumann a convins un juriu interna\u021bional. Iat\u0103 anun\u021bul Simonei Neumann Ast\u0103zi, [&hellip;]<\/p>\n","protected":false},"author":1,"featured_media":0,"comment_status":"open","ping_status":"","sticky":false,"template":"","format":"standard","meta":{"footnotes":""},"categories":[89],"tags":[226,197],"class_list":["post-1888993","post","type-post","status-publish","format-standard","hentry","category-romania","tag-crawlmanager","tag-focustim-ro"],"_links":{"self":[{"href":"https:\/\/analyse.optim.biz\/index.php?rest_route=\/wp\/v2\/posts\/1888993","targetHints":{"allow":["GET"]}}],"collection":[{"href":"https:\/\/analyse.optim.biz\/index.php?rest_route=\/wp\/v2\/posts"}],"about":[{"href":"https:\/\/analyse.optim.biz\/index.php?rest_route=\/wp\/v2\/types\/post"}],"author":[{"embeddable":true,"href":"https:\/\/analyse.optim.biz\/index.php?rest_route=\/wp\/v2\/users\/1"}],"replies":[{"embeddable":true,"href":"https:\/\/analyse.optim.biz\/index.php?rest_route=%2Fwp%2Fv2%2Fcomments&post=1888993"}],"version-history":[{"count":0,"href":"https:\/\/analyse.optim.biz\/index.php?rest_route=\/wp\/v2\/posts\/1888993\/revisions"}],"wp:attachment":[{"href":"https:\/\/analyse.optim.biz\/index.php?rest_route=%2Fwp%2Fv2%2Fmedia&parent=1888993"}],"wp:term":[{"taxonomy":"category","embeddable":true,"href":"https:\/\/analyse.optim.biz\/index.php?rest_route=%2Fwp%2Fv2%2Fcategories&post=1888993"},{"taxonomy":"post_tag","embeddable":true,"href":"https:\/\/analyse.optim.biz\/index.php?rest_route=%2Fwp%2Fv2%2Ftags&post=1888993"}],"curies":[{"name":"wp","href":"https:\/\/api.w.org\/{rel}","templated":true}]}}