{"id":1888992,"date":"2026-04-18T05:25:30","date_gmt":"2026-04-18T02:25:30","guid":{"rendered":"https:\/\/analyse.optim.biz\/?p=1888992"},"modified":"2026-04-18T05:25:30","modified_gmt":"2026-04-18T02:25:30","slug":"usr-trece-la-amenintari-daca-psd-iese-de-la-guvernare-nu-votam-o-alta-coalitie-cu-ei","status":"publish","type":"post","link":"https:\/\/analyse.optim.biz\/?p=1888992","title":{"rendered":"USR trece la amenin\u021b\u0103ri: Dac\u0103 PSD iese de la guvernare, nu vot\u0103m o alt\u0103 coali\u021bie cu ei!"},"content":{"rendered":"<p>[analyse_image type=&#8221;featured&#8221; src=&#8221;https:\/\/focustim.ro\/wp-content\/uploads\/2024\/07\/fritz.jpeg&#8221;]<\/p>\n<article id=\"post-40007\" class=\"penci-single-artcontent noloaddisqus post-40007 post type-post status-publish format-standard has-post-thumbnail hentry category-actualitate category-administratie category-featured category-politica tag-consultare tag-psd tag-usr penci-post-item\">\n<header class=\"entry-header penci-entry-header penci-title-\">\n<div class=\"penci-entry-categories\"><span class=\"penci-cat-links\"><a href=\"https:\/\/focustim.ro\/category\/actualitate\/\" rel=\"category tag\">Actualitate<\/a><a href=\"https:\/\/focustim.ro\/category\/administratie\/\" rel=\"category tag\">Administra\u021bie<\/a><a href=\"https:\/\/focustim.ro\/category\/featured\/\" rel=\"category tag\">Featured<\/a><a href=\"https:\/\/focustim.ro\/category\/politica\/\" rel=\"category tag\">Politic\u0103<\/a><\/span><\/div>\n<h1 class=\"entry-title penci-entry-title penci-title-\">USR trece la amenin\u021b\u0103ri: Dac\u0103 PSD iese de la guvernare, nu vot\u0103m o alt\u0103 coali\u021bie cu ei!<\/h1>\n<div class=\"entry-meta penci-entry-meta\"><span class=\"entry-meta-item penci-posted-on\"><time class=\"entry-date published\" datetime=\"2026-04-18T08:25:30+03:00\">18\/04\/2026<\/time><time class=\"updated\" datetime=\"2026-04-18T08:25:36+03:00\">18\/04\/2026<\/time><\/span><span class=\"entry-meta-item penci-comment-count\"><a class=\"penci_pmeta-link\" href=\"https:\/\/focustim.ro\/usr-trece-la-amenintari-daca-psd-iese-de-la-guvernare-nu-votam-o-alta-coalitie-cu-ei\/#respond\">0<\/a><\/span><\/div>\n<p><span class=\"penci-social-buttons penci-social-share-footer\"><span class=\"penci-social-share-text\">Distribuie<\/span><a href=\"https:\/\/focustim.ro\/usr-trece-la-amenintari-daca-psd-iese-de-la-guvernare-nu-votam-o-alta-coalitie-cu-ei\/\" class=\"penci-post-like penci_post-meta_item  single-like-button penci-social-item like\" data-post_id=\"40007\" title=\"Like\" data-like=\"Like\" data-unlike=\"Unlike\"><span class=\"penci-share-number\">0<\/span><\/a><\/span><\/header>\n<div class=\"entry-media penci-entry-media\">\n<div class=\"post-format-meta \">\n<div class=\"post-image penci-standard-format\"><img decoding=\"async\" width=\"960\" height=\"1280\" src=\"https:\/\/focustim.ro\/wp-content\/uploads\/2024\/07\/fritz-960x1280.jpeg\" class=\"attachment-penci-thumb-960-auto size-penci-thumb-960-auto wp-post-image\" alt loading=\"lazy\"><\/div>\n<\/div>\n<\/div>\n<div class=\"penci-entry-content entry-content\">\n<p><strong>USR someaz\u0103 PSD s\u0103 renun\u021be la consultarea prin care partidul decide dac\u0103 vrea s\u0103 ias\u0103 de la guvernare sau nu. Useri\u0219tii spun c\u0103 nu vor vota un nou guvern cu PSD. Biroul Na\u021bional al USR\u00a0 a adoptat o rezolu\u021bie politic\u0103 prin care lanseaz\u0103 un apel public adresat Partidului Social Democrat la responsabilitate. USR cere PSD s\u0103 \u00eenceteze jocul cu economia Rom\u00e2niei \u0219i s\u0103 se \u00eentoarc\u0103 la munc\u0103, se arat\u0103 \u00eentr-un comunicat de pres\u0103 al USR.<\/strong><\/p>\n<p>Biroul Na\u021bional a reiterat azi decizia anterioar\u0103 a Comitetului Politic: dac\u0103 PSD va vota, \u00eempreun\u0103 cu AUR, o mo\u021biune de cenzur\u0103 \u00eempotriva Guvernului \u0219i va provoca instabilitate politic\u0103, USR nu va mai sus\u021bine refacerea unei majorit\u0103\u021bi al\u0103turi de PSD.<\/p>\n<p>Rezolu\u021bia USR expune\u00a0<strong>consecin\u021bele economice<\/strong>\u00a0ale instabilit\u0103\u021bii politice pe care ie\u0219irea PSD de la guvernare o va genera:<\/p>\n<ul>\n<li><strong>10 miliarde de euro pierdu\u021bi din PNRR<\/strong>. O schimbare de guvern \u00een etapa final\u0103 a PNRR expune Rom\u00e2nia la pierderea fondurilor europene destinate spitalelor, \u0219colilor \u0219i infrastructurii.<\/li>\n<li><strong>Deprecierea leului<\/strong>. Instabilitatea politic\u0103 alung\u0103 investitorii. C\u00e2nd capitalul se retrage, moneda na\u021bional\u0103 valoreaz\u0103 mai pu\u021bin.<\/li>\n<li><strong>Scumpiri \u00een lan\u021b<\/strong>. Un leu slab face ca tot ce import\u0103m s\u0103 coste mai mult \u2013 alimente, carburan\u021bi, medicamente, facturi la utilit\u0103\u021bi.<\/li>\n<li><strong>Cre\u0219terea ratelor la b\u0103nci<\/strong>. Retragerea investitorilor \u00eenseamn\u0103 c\u0103 dob\u00e2nzile cresc pentru familii cu credite ipotecare, pentru antreprenori \u0219i pentru statul rom\u00e2n.<\/li>\n<li><strong>Pierderea locurilor de munc\u0103<\/strong>. Sc\u0103derea consumului \u0219i creditarea mai scump\u0103 pun presiune pe angajatori. Primele afectate sunt firmele mici \u0219i mijlocii din HoReCa, comer\u021b, construc\u021bii, exact acolo unde lucreaz\u0103 milioane de rom\u00e2ni.<\/li>\n<\/ul>\n<p><strong><em>\u201eUSR face apel la PSD s\u0103-\u0219i evalueze deciziile prin prisma efectelor asupra cet\u0103\u021benilor. Avertizeaz\u0103 c\u0103 o criz\u0103 politic\u0103 declan\u0219at\u0103 acum ar lovi direct \u00een buzunarele rom\u00e2nilor, \u00eentr-un moment economic deja fragil. Ar destabiliza Rom\u00e2nia pe termen mediu \u0219i lung, pun\u00e2nd \u00een pericol dezvoltarea \u021b\u0103rii.\u201d,<\/em><\/strong>\u00a0mai transmite USR<\/p>\n<div class=\"sharedaddy sd-sharing-enabled\">\n<div class=\"robots-nocontent sd-block sd-social sd-social-icon-text sd-sharing\">\n<h3 class=\"sd-title\">Partajeaz\u0103 asta:<\/h3>\n<div class=\"sd-content\">\n<ul>\n<li class=\"share-twitter\"><a rel=\"nofollow noopener noreferrer\" data-shared=\"sharing-twitter-40007\" class=\"share-twitter sd-button share-icon\" href=\"https:\/\/focustim.ro\/usr-trece-la-amenintari-daca-psd-iese-de-la-guvernare-nu-votam-o-alta-coalitie-cu-ei\/?share=twitter\" target=\"_blank\" title=\"D\u0103 clic pentru a partaja pe Twitter\"><span>Twitter<\/span><\/a><\/li>\n<li class=\"share-facebook\"><a rel=\"nofollow noopener noreferrer\" data-shared=\"sharing-facebook-40007\" class=\"share-facebook sd-button share-icon\" href=\"https:\/\/focustim.ro\/usr-trece-la-amenintari-daca-psd-iese-de-la-guvernare-nu-votam-o-alta-coalitie-cu-ei\/?share=facebook\" target=\"_blank\" title=\"D\u0103 clic pentru a partaja pe Facebook\"><span>Facebook<\/span><\/a><\/li>\n<li class=\"share-end\"><\/ul>\n<\/div>\n<\/div>\n<\/div>\n<div class=\"sharedaddy sd-block sd-like jetpack-likes-widget-wrapper jetpack-likes-widget-unloaded\" id=\"like-post-wrapper-167025405-40007-69e315f5912f6\" data-src=\"https:\/\/widgets.wp.com\/likes\/#blog_id=167025405&amp;post_id=40007&amp;origin=focustim.ro&amp;obj_id=167025405-40007-69e315f5912f6\" data-name=\"like-post-frame-167025405-40007-69e315f5912f6\" data-title=\"Apreciaz\u0103 sau republic\u0103\">\n<h3 class=\"sd-title\">Apreciaz\u0103:<\/h3>\n<div class=\"likes-widget-placeholder post-likes-widget-placeholder\"><span class=\"button\"><span>Apreciere<\/span><\/span><span class=\"loading\">\u00cencarc&#8230;<\/span><\/div>\n<\/div>\n<\/div>\n<footer class=\"penci-entry-footer\">\n<div class=\"penci-source-via-tags-wrap\"><span class=\"tags-links penci-tags-links\"><a href=\"https:\/\/focustim.ro\/tag\/consultare\/\" rel=\"tag\">consultare<\/a><a href=\"https:\/\/focustim.ro\/tag\/psd\/\" rel=\"tag\">PSD<\/a><a href=\"https:\/\/focustim.ro\/tag\/usr\/\" rel=\"tag\">USR<\/a><\/span><\/div>\n<p><span class=\"penci-social-buttons penci-social-share-footer\"><span class=\"penci-social-share-text\">Distribuie<\/span><a href=\"https:\/\/focustim.ro\/usr-trece-la-amenintari-daca-psd-iese-de-la-guvernare-nu-votam-o-alta-coalitie-cu-ei\/\" class=\"penci-post-like penci_post-meta_item  single-like-button penci-social-item like\" data-post_id=\"40007\" title=\"Like\" data-like=\"Like\" data-unlike=\"Unlike\"><span class=\"penci-share-number\">0<\/span><\/a><\/span><\/footer>\n<\/article>\n<div class=\"penci-entry-content entry-content\">\n<p><strong>USR someaz\u0103 PSD s\u0103 renun\u021be la consultarea prin care partidul decide dac\u0103 vrea s\u0103 ias\u0103 de la guvernare sau nu. Useri\u0219tii spun c\u0103 nu vor vota un nou guvern cu PSD. Biroul Na\u021bional al USR\u00a0 a adoptat o rezolu\u021bie politic\u0103 prin care lanseaz\u0103 un apel public adresat Partidului Social Democrat la responsabilitate. USR cere PSD s\u0103 \u00eenceteze jocul cu economia Rom\u00e2niei \u0219i s\u0103 se \u00eentoarc\u0103 la munc\u0103, se arat\u0103 \u00eentr-un comunicat de pres\u0103 al USR.<\/strong><\/p>\n<p>Biroul Na\u021bional a reiterat azi decizia anterioar\u0103 a Comitetului Politic: dac\u0103 PSD va vota, \u00eempreun\u0103 cu AUR, o mo\u021biune de cenzur\u0103 \u00eempotriva Guvernului \u0219i va provoca instabilitate politic\u0103, USR nu va mai sus\u021bine refacerea unei majorit\u0103\u021bi al\u0103turi de PSD.<\/p>\n<p>Rezolu\u021bia USR expune\u00a0<strong>consecin\u021bele economice<\/strong>\u00a0ale instabilit\u0103\u021bii politice pe care ie\u0219irea PSD de la guvernare o va genera:<\/p>\n<ul>\n<li><strong>10 miliarde de euro pierdu\u021bi din PNRR<\/strong>. O schimbare de guvern \u00een etapa final\u0103 a PNRR expune Rom\u00e2nia la pierderea fondurilor europene destinate spitalelor, \u0219colilor \u0219i infrastructurii.<\/li>\n<li><strong>Deprecierea leului<\/strong>. Instabilitatea politic\u0103 alung\u0103 investitorii. C\u00e2nd capitalul se retrage, moneda na\u021bional\u0103 valoreaz\u0103 mai pu\u021bin.<\/li>\n<li><strong>Scumpiri \u00een lan\u021b<\/strong>. Un leu slab face ca tot ce import\u0103m s\u0103 coste mai mult \u2013 alimente, carburan\u021bi, medicamente, facturi la utilit\u0103\u021bi.<\/li>\n<li><strong>Cre\u0219terea ratelor la b\u0103nci<\/strong>. Retragerea investitorilor \u00eenseamn\u0103 c\u0103 dob\u00e2nzile cresc pentru familii cu credite ipotecare, pentru antreprenori \u0219i pentru statul rom\u00e2n.<\/li>\n<li><strong>Pierderea locurilor de munc\u0103<\/strong>. Sc\u0103derea consumului \u0219i creditarea mai scump\u0103 pun presiune pe angajatori. Primele afectate sunt firmele mici \u0219i mijlocii din HoReCa, comer\u021b, construc\u021bii, exact acolo unde lucreaz\u0103 milioane de rom\u00e2ni.<\/li>\n<\/ul>\n<p><strong><em>\u201eUSR face apel la PSD s\u0103-\u0219i evalueze deciziile prin prisma efectelor asupra cet\u0103\u021benilor. Avertizeaz\u0103 c\u0103 o criz\u0103 politic\u0103 declan\u0219at\u0103 acum ar lovi direct \u00een buzunarele rom\u00e2nilor, \u00eentr-un moment economic deja fragil. Ar destabiliza Rom\u00e2nia pe termen mediu \u0219i lung, pun\u00e2nd \u00een pericol dezvoltarea \u021b\u0103rii.\u201d,<\/em><\/strong>\u00a0mai transmite USR<\/p>\n<div class=\"sharedaddy sd-sharing-enabled\">\n<div class=\"robots-nocontent sd-block sd-social sd-social-icon-text sd-sharing\">\n<h3 class=\"sd-title\">Partajeaz\u0103 asta:<\/h3>\n<div class=\"sd-content\">\n<ul>\n<li class=\"share-twitter\"><a rel=\"nofollow noopener noreferrer\" data-shared=\"sharing-twitter-40007\" class=\"share-twitter sd-button share-icon\" href=\"https:\/\/focustim.ro\/usr-trece-la-amenintari-daca-psd-iese-de-la-guvernare-nu-votam-o-alta-coalitie-cu-ei\/?share=twitter\" target=\"_blank\" title=\"D\u0103 clic pentru a partaja pe Twitter\"><span>Twitter<\/span><\/a><\/li>\n<li class=\"share-facebook\"><a rel=\"nofollow noopener noreferrer\" data-shared=\"sharing-facebook-40007\" class=\"share-facebook sd-button share-icon\" href=\"https:\/\/focustim.ro\/usr-trece-la-amenintari-daca-psd-iese-de-la-guvernare-nu-votam-o-alta-coalitie-cu-ei\/?share=facebook\" target=\"_blank\" title=\"D\u0103 clic pentru a partaja pe Facebook\"><span>Facebook<\/span><\/a><\/li>\n<li class=\"share-end\"><\/ul>\n<\/div>\n<\/div>\n<\/div>\n<div class=\"sharedaddy sd-block sd-like jetpack-likes-widget-wrapper jetpack-likes-widget-unloaded\" id=\"like-post-wrapper-167025405-40007-69e315f5912f6\" data-src=\"https:\/\/widgets.wp.com\/likes\/#blog_id=167025405&amp;post_id=40007&amp;origin=focustim.ro&amp;obj_id=167025405-40007-69e315f5912f6\" data-name=\"like-post-frame-167025405-40007-69e315f5912f6\" data-title=\"Apreciaz\u0103 sau republic\u0103\">\n<h3 class=\"sd-title\">Apreciaz\u0103:<\/h3>\n<div class=\"likes-widget-placeholder post-likes-widget-placeholder\"><span class=\"button\"><span>Apreciere<\/span><\/span><span class=\"loading\">\u00cencarc&#8230;<\/span><\/div>\n<\/div>\n<\/div>\n<p>[analyse_source url=&#8221;https:\/\/focustim.ro\/usr-trece-la-amenintari-daca-psd-iese-de-la-guvernare-nu-votam-o-alta-coalitie-cu-ei\/&#8221;]<\/p>\n","protected":false},"excerpt":{"rendered":"<p>[analyse_image type=&#8221;featured&#8221; src=&#8221;https:\/\/focustim.ro\/wp-content\/uploads\/2024\/07\/fritz.jpeg&#8221;] ActualitateAdministra\u021bieFeaturedPolitic\u0103 USR trece la amenin\u021b\u0103ri: Dac\u0103 PSD iese de la guvernare, nu vot\u0103m o alt\u0103 coali\u021bie cu ei! 18\/04\/202618\/04\/20260 Distribuie0 USR someaz\u0103 PSD s\u0103 renun\u021be la consultarea prin care partidul decide dac\u0103 vrea s\u0103 ias\u0103 de la guvernare sau nu. Useri\u0219tii spun c\u0103 nu vor vota un nou guvern cu PSD. Biroul [&hellip;]<\/p>\n","protected":false},"author":1,"featured_media":0,"comment_status":"open","ping_status":"","sticky":false,"template":"","format":"standard","meta":{"footnotes":""},"categories":[89],"tags":[226,197],"class_list":["post-1888992","post","type-post","status-publish","format-standard","hentry","category-romania","tag-crawlmanager","tag-focustim-ro"],"_links":{"self":[{"href":"https:\/\/analyse.optim.biz\/index.php?rest_route=\/wp\/v2\/posts\/1888992","targetHints":{"allow":["GET"]}}],"collection":[{"href":"https:\/\/analyse.optim.biz\/index.php?rest_route=\/wp\/v2\/posts"}],"about":[{"href":"https:\/\/analyse.optim.biz\/index.php?rest_route=\/wp\/v2\/types\/post"}],"author":[{"embeddable":true,"href":"https:\/\/analyse.optim.biz\/index.php?rest_route=\/wp\/v2\/users\/1"}],"replies":[{"embeddable":true,"href":"https:\/\/analyse.optim.biz\/index.php?rest_route=%2Fwp%2Fv2%2Fcomments&post=1888992"}],"version-history":[{"count":0,"href":"https:\/\/analyse.optim.biz\/index.php?rest_route=\/wp\/v2\/posts\/1888992\/revisions"}],"wp:attachment":[{"href":"https:\/\/analyse.optim.biz\/index.php?rest_route=%2Fwp%2Fv2%2Fmedia&parent=1888992"}],"wp:term":[{"taxonomy":"category","embeddable":true,"href":"https:\/\/analyse.optim.biz\/index.php?rest_route=%2Fwp%2Fv2%2Fcategories&post=1888992"},{"taxonomy":"post_tag","embeddable":true,"href":"https:\/\/analyse.optim.biz\/index.php?rest_route=%2Fwp%2Fv2%2Ftags&post=1888992"}],"curies":[{"name":"wp","href":"https:\/\/api.w.org\/{rel}","templated":true}]}}