{"id":1888978,"date":"2026-04-03T07:44:00","date_gmt":"2026-04-03T04:44:00","guid":{"rendered":"https:\/\/analyse.optim.biz\/?p=1888978"},"modified":"2026-04-03T07:44:00","modified_gmt":"2026-04-03T04:44:00","slug":"conferinta-dedicata-interventiei-timpurii-in-tulburarile-din-spectrul-autist-organizata-de-gradinita-speciala-falticeni","status":"publish","type":"post","link":"https:\/\/analyse.optim.biz\/?p=1888978","title":{"rendered":"Conferin\u021b\u0103 dedicat\u0103 interven\u021biei timpurii \u00een tulbur\u0103rile din spectrul autist, organizat\u0103 de Gr\u0103dini\u021ba Special\u0103 F\u0103lticeni"},"content":{"rendered":"<p>[analyse_image type=&#8221;featured&#8221; src=&#8221;https:\/\/blogger.googleusercontent.com\/img\/b\/R29vZ2xl\/AVvXsEjQ3Nv0wZOMAJUpUL2QoBXisT9SL3XqAerJCSi3CnGOWrePaaZPzUETqti8TIFDFGTZNRWdmF_DAcisKD3qkBIwMq2hDn82aSIhzXTG0mKl-dnHYBb1ftMnNbFpWAb8NYqkAjaYLMafb14qKifJpbzSFBZ4xBVzOAhFDGYkQ4L575h_fv77OHsymAbSxZ4\/w1600\/autism.png&#8221;]<\/p>\n<div class=\"post-body entry-content\" id=\"post-body\">\n<div class=\"separator\"><a href=\"https:\/\/blogger.googleusercontent.com\/img\/b\/R29vZ2xl\/AVvXsEjQ3Nv0wZOMAJUpUL2QoBXisT9SL3XqAerJCSi3CnGOWrePaaZPzUETqti8TIFDFGTZNRWdmF_DAcisKD3qkBIwMq2hDn82aSIhzXTG0mKl-dnHYBb1ftMnNbFpWAb8NYqkAjaYLMafb14qKifJpbzSFBZ4xBVzOAhFDGYkQ4L575h_fv77OHsymAbSxZ4\/s1703\/autism.png\"><img decoding=\"async\" alt border=\"0\" loading=\"lazy\" src=\"https:\/\/blogger.googleusercontent.com\/img\/b\/R29vZ2xl\/AVvXsEjQ3Nv0wZOMAJUpUL2QoBXisT9SL3XqAerJCSi3CnGOWrePaaZPzUETqti8TIFDFGTZNRWdmF_DAcisKD3qkBIwMq2hDn82aSIhzXTG0mKl-dnHYBb1ftMnNbFpWAb8NYqkAjaYLMafb14qKifJpbzSFBZ4xBVzOAhFDGYkQ4L575h_fv77OHsymAbSxZ4\/s600-rw\/autism.png\" width=\"600\"><\/a><\/div>\n<p><b>Gr\u0103dini\u021ba Special\u0103 F\u0103lticeni \u0219i Mifne Piatra Neam\u021b, \u00een parteneriat cu Universitatea Na\u021bional\u0103 \u201eYuri Fedkovici\u201d din Cern\u0103u\u021bi au organizat cea de-a III-a edi\u021bie a conferin\u021bei dedicate interven\u021biei timpurii \u0219i abord\u0103rilor multidisciplinare \u00een tulbur\u0103rile din spectrul autist (TSA).<\/b><\/p>\n<p>Evenimentul a reunit speciali\u0219ti din domeniul psihologiei, psihopedagogiei, psihiatriei \u0219i terapiei recuperatorii, oferind un cadru valoros de dialog, schimb de bune practici \u0219i prezentare a celor mai recente metode de interven\u021bie \u00een sprijinul copiilor cu TSA \u0219i al familiilor acestora.<\/p>\n<p>Conferin\u021ba a debutat cu primirea invita\u021bilor, urmat\u0103 de deschiderea oficial\u0103 sus\u021binut\u0103 de directorul institu\u021biei, prof. Lupa\u0219cu Gabriela. Programul a inclus prezent\u0103ri sus\u021binute de exper\u021bi recunoscu\u021bi la nivel na\u021bional \u0219i interna\u021bional:<\/p>\n<ul>\n<li>S\u00eenzianna Burcea \u2013 \u201eAngoasa matern\u0103 \u00een fa\u021ba dezvolt\u0103rii atipice: semne timpurii ale autismului, rela\u021bia mam\u0103-sugar \u0219i interven\u021bia Mifne\u201d<\/li>\n<li>Martyniuk Valeriia \u0219i Zhurat Yuliia \u2013 \u201eC\u00e2nd am \u00eenceput s\u0103 credem \u2013 ei au reu\u0219it: cum schimbarea perspectivei specialistului transform\u0103 via\u021ba unei persoane cu autism\u201d<\/li>\n<li>Lemni Cristina \u2013 \u201eInterven\u021bia precoce \u00een TSA: dovezi din practica clinic\u0103 \u0219i educa\u021bional\u0103\u201d<\/li>\n<li>F\u0103lticeanu Br\u00eendu\u0219a \u2013 \u201eAbord\u0103ri practice de interven\u021bie psihopedagogic\u0103 la pre\u0219colarii cu tulbur\u0103ri din spectru autist\u201d<\/li>\n<li>Lili Covaci \u2013 \u201eComunicarea, un drept nu un privilegiu\u201d<\/li>\n<li>Maria Adriana Nichitean \u2013 \u201eDe la 3C la baschet: Terapia 3C \u2013 recuperarea psihomotric\u0103 a copilului cu TSA \u0219i rolul p\u0103rintelui\u201d<\/li>\n<li>Ciungan Mihai \u2013 \u201eRolul p\u0103rintelui \u00een terapia copilului cu TSA\u201d<\/li>\n<li>Bogdan Breana \u2013 \u201e\u00cempreun\u0103 \u00een aceea\u0219i banc\u0103: Curajul de a construi o \u0219coal\u0103 pentru fiecare minte\u201d<\/li>\n<li>Inge Jose Smelik \u2013 \u201e\u00cenva\u021b\u0103-m\u0103 s\u0103 navighez prin societate\u201d<\/li>\n<\/ul>\n<p>Temele conferin\u021bei au vizat identificarea timpurie a semnelor autismului, rolul esen\u021bial al specialistului \u0219i al familiei \u00een procesul de recuperare, interven\u021bia precoce bazat\u0103 pe dovezi \u0219tiin\u021bifice, metode practice de interven\u021bie, importan\u021ba comunic\u0103rii \u0219i integrarea copiilor cu TSA \u00een sistemul educa\u021bional.<\/p>\n<p>Evenimentul s-a \u00eencheiat cu o sesiune de discu\u021bii libere, menit\u0103 s\u0103 \u00eencurajeze dialogul \u0219i colaborarea \u00eentre participan\u021bi.<\/p>\n<\/div>\n<div class=\"post-body entry-content\" id=\"post-body\">\n<div class=\"separator\"><a href=\"https:\/\/blogger.googleusercontent.com\/img\/b\/R29vZ2xl\/AVvXsEjQ3Nv0wZOMAJUpUL2QoBXisT9SL3XqAerJCSi3CnGOWrePaaZPzUETqti8TIFDFGTZNRWdmF_DAcisKD3qkBIwMq2hDn82aSIhzXTG0mKl-dnHYBb1ftMnNbFpWAb8NYqkAjaYLMafb14qKifJpbzSFBZ4xBVzOAhFDGYkQ4L575h_fv77OHsymAbSxZ4\/s1703\/autism.png\"><img decoding=\"async\" alt border=\"0\" loading=\"lazy\" src=\"https:\/\/blogger.googleusercontent.com\/img\/b\/R29vZ2xl\/AVvXsEjQ3Nv0wZOMAJUpUL2QoBXisT9SL3XqAerJCSi3CnGOWrePaaZPzUETqti8TIFDFGTZNRWdmF_DAcisKD3qkBIwMq2hDn82aSIhzXTG0mKl-dnHYBb1ftMnNbFpWAb8NYqkAjaYLMafb14qKifJpbzSFBZ4xBVzOAhFDGYkQ4L575h_fv77OHsymAbSxZ4\/s600-rw\/autism.png\" width=\"600\"><\/a><\/div>\n<p><b>Gr\u0103dini\u021ba Special\u0103 F\u0103lticeni \u0219i Mifne Piatra Neam\u021b, \u00een parteneriat cu Universitatea Na\u021bional\u0103 \u201eYuri Fedkovici\u201d din Cern\u0103u\u021bi au organizat cea de-a III-a edi\u021bie a conferin\u021bei dedicate interven\u021biei timpurii \u0219i abord\u0103rilor multidisciplinare \u00een tulbur\u0103rile din spectrul autist (TSA).<\/b><\/p>\n<p>Evenimentul a reunit speciali\u0219ti din domeniul psihologiei, psihopedagogiei, psihiatriei \u0219i terapiei recuperatorii, oferind un cadru valoros de dialog, schimb de bune practici \u0219i prezentare a celor mai recente metode de interven\u021bie \u00een sprijinul copiilor cu TSA \u0219i al familiilor acestora.<\/p>\n<p>Conferin\u021ba a debutat cu primirea invita\u021bilor, urmat\u0103 de deschiderea oficial\u0103 sus\u021binut\u0103 de directorul institu\u021biei, prof. Lupa\u0219cu Gabriela. Programul a inclus prezent\u0103ri sus\u021binute de exper\u021bi recunoscu\u021bi la nivel na\u021bional \u0219i interna\u021bional:<\/p>\n<ul>\n<li>S\u00eenzianna Burcea \u2013 \u201eAngoasa matern\u0103 \u00een fa\u021ba dezvolt\u0103rii atipice: semne timpurii ale autismului, rela\u021bia mam\u0103-sugar \u0219i interven\u021bia Mifne\u201d<\/li>\n<li>Martyniuk Valeriia \u0219i Zhurat Yuliia \u2013 \u201eC\u00e2nd am \u00eenceput s\u0103 credem \u2013 ei au reu\u0219it: cum schimbarea perspectivei specialistului transform\u0103 via\u021ba unei persoane cu autism\u201d<\/li>\n<li>Lemni Cristina \u2013 \u201eInterven\u021bia precoce \u00een TSA: dovezi din practica clinic\u0103 \u0219i educa\u021bional\u0103\u201d<\/li>\n<li>F\u0103lticeanu Br\u00eendu\u0219a \u2013 \u201eAbord\u0103ri practice de interven\u021bie psihopedagogic\u0103 la pre\u0219colarii cu tulbur\u0103ri din spectru autist\u201d<\/li>\n<li>Lili Covaci \u2013 \u201eComunicarea, un drept nu un privilegiu\u201d<\/li>\n<li>Maria Adriana Nichitean \u2013 \u201eDe la 3C la baschet: Terapia 3C \u2013 recuperarea psihomotric\u0103 a copilului cu TSA \u0219i rolul p\u0103rintelui\u201d<\/li>\n<li>Ciungan Mihai \u2013 \u201eRolul p\u0103rintelui \u00een terapia copilului cu TSA\u201d<\/li>\n<li>Bogdan Breana \u2013 \u201e\u00cempreun\u0103 \u00een aceea\u0219i banc\u0103: Curajul de a construi o \u0219coal\u0103 pentru fiecare minte\u201d<\/li>\n<li>Inge Jose Smelik \u2013 \u201e\u00cenva\u021b\u0103-m\u0103 s\u0103 navighez prin societate\u201d<\/li>\n<\/ul>\n<p>Temele conferin\u021bei au vizat identificarea timpurie a semnelor autismului, rolul esen\u021bial al specialistului \u0219i al familiei \u00een procesul de recuperare, interven\u021bia precoce bazat\u0103 pe dovezi \u0219tiin\u021bifice, metode practice de interven\u021bie, importan\u021ba comunic\u0103rii \u0219i integrarea copiilor cu TSA \u00een sistemul educa\u021bional.<\/p>\n<p>Evenimentul s-a \u00eencheiat cu o sesiune de discu\u021bii libere, menit\u0103 s\u0103 \u00eencurajeze dialogul \u0219i colaborarea \u00eentre participan\u021bi.<\/p>\n<\/div>\n<p>[analyse_source url=&#8221;https:\/\/www.stirisuceava.net\/2026\/04\/conferinta-dedicata-interventiei.html&#8221;]<\/p>\n","protected":false},"excerpt":{"rendered":"<p>[analyse_image type=&#8221;featured&#8221; src=&#8221;https:\/\/blogger.googleusercontent.com\/img\/b\/R29vZ2xl\/AVvXsEjQ3Nv0wZOMAJUpUL2QoBXisT9SL3XqAerJCSi3CnGOWrePaaZPzUETqti8TIFDFGTZNRWdmF_DAcisKD3qkBIwMq2hDn82aSIhzXTG0mKl-dnHYBb1ftMnNbFpWAb8NYqkAjaYLMafb14qKifJpbzSFBZ4xBVzOAhFDGYkQ4L575h_fv77OHsymAbSxZ4\/w1600\/autism.png&#8221;] Gr\u0103dini\u021ba Special\u0103 F\u0103lticeni \u0219i Mifne Piatra Neam\u021b, \u00een parteneriat cu Universitatea Na\u021bional\u0103 \u201eYuri Fedkovici\u201d din Cern\u0103u\u021bi au organizat cea de-a III-a edi\u021bie a conferin\u021bei dedicate interven\u021biei timpurii \u0219i abord\u0103rilor multidisciplinare \u00een tulbur\u0103rile din spectrul autist (TSA). Evenimentul a reunit speciali\u0219ti din domeniul psihologiei, psihopedagogiei, psihiatriei \u0219i terapiei recuperatorii, oferind un cadru valoros [&hellip;]<\/p>\n","protected":false},"author":1,"featured_media":0,"comment_status":"open","ping_status":"","sticky":false,"template":"","format":"standard","meta":{"footnotes":""},"categories":[89],"tags":[226,172],"class_list":["post-1888978","post","type-post","status-publish","format-standard","hentry","category-romania","tag-crawlmanager","tag-stirisuceava-net"],"_links":{"self":[{"href":"https:\/\/analyse.optim.biz\/index.php?rest_route=\/wp\/v2\/posts\/1888978","targetHints":{"allow":["GET"]}}],"collection":[{"href":"https:\/\/analyse.optim.biz\/index.php?rest_route=\/wp\/v2\/posts"}],"about":[{"href":"https:\/\/analyse.optim.biz\/index.php?rest_route=\/wp\/v2\/types\/post"}],"author":[{"embeddable":true,"href":"https:\/\/analyse.optim.biz\/index.php?rest_route=\/wp\/v2\/users\/1"}],"replies":[{"embeddable":true,"href":"https:\/\/analyse.optim.biz\/index.php?rest_route=%2Fwp%2Fv2%2Fcomments&post=1888978"}],"version-history":[{"count":0,"href":"https:\/\/analyse.optim.biz\/index.php?rest_route=\/wp\/v2\/posts\/1888978\/revisions"}],"wp:attachment":[{"href":"https:\/\/analyse.optim.biz\/index.php?rest_route=%2Fwp%2Fv2%2Fmedia&parent=1888978"}],"wp:term":[{"taxonomy":"category","embeddable":true,"href":"https:\/\/analyse.optim.biz\/index.php?rest_route=%2Fwp%2Fv2%2Fcategories&post=1888978"},{"taxonomy":"post_tag","embeddable":true,"href":"https:\/\/analyse.optim.biz\/index.php?rest_route=%2Fwp%2Fv2%2Ftags&post=1888978"}],"curies":[{"name":"wp","href":"https:\/\/api.w.org\/{rel}","templated":true}]}}