{"id":1888977,"date":"2026-04-17T09:37:00","date_gmt":"2026-04-17T06:37:00","guid":{"rendered":"https:\/\/analyse.optim.biz\/?p=1888977"},"modified":"2026-04-17T09:37:00","modified_gmt":"2026-04-17T06:37:00","slug":"tanara-in-stare-avansata-de-ebrietate-la-volan-depistata-de-politistii-de-frontiera-la-straja","status":"publish","type":"post","link":"https:\/\/analyse.optim.biz\/?p=1888977","title":{"rendered":"T\u00e2n\u0103r\u0103 \u00een stare avansat\u0103 de ebrietate la volan depistat\u0103 de poli\u021bi\u0219tii de frontier\u0103 la Straja"},"content":{"rendered":"<p>[analyse_image type=&#8221;featured&#8221; src=&#8221;https:\/\/blogger.googleusercontent.com\/img\/b\/R29vZ2xl\/AVvXsEi66_3g4GbuPRTCf5WMtXFU6lcCdHYfXniRm9X42cUyzUItuvuhgYcDLumnMdvYwW09VKzjyPOGSjOuNAe-zMOg202hTO-OjjCIP6YgtU2wc8S-bM7gN1ksRQlnZDCwAn2PcD0urdvz0M-RFjj3KTWJswyeH5qRUm-mdIzpN1hLCitNsH9QKjEnmUd61w8\/w1600\/control-trafic-politia-frontiera.jpg&#8221;]<\/p>\n<div class=\"post-body entry-content\" id=\"post-body\">\n<div class=\"separator\"><a href=\"https:\/\/blogger.googleusercontent.com\/img\/b\/R29vZ2xl\/AVvXsEi66_3g4GbuPRTCf5WMtXFU6lcCdHYfXniRm9X42cUyzUItuvuhgYcDLumnMdvYwW09VKzjyPOGSjOuNAe-zMOg202hTO-OjjCIP6YgtU2wc8S-bM7gN1ksRQlnZDCwAn2PcD0urdvz0M-RFjj3KTWJswyeH5qRUm-mdIzpN1hLCitNsH9QKjEnmUd61w8\/s1200\/control-trafic-politia-frontiera.jpg\"><img decoding=\"async\" alt=\"T\u00e2n\u0103r\u0103 \u00een stare avansat\u0103 de ebrietate la volan depistat\u0103 de poli\u021bi\u0219tii de frontier\u0103 la Straja\" border=\"0\" height=\"335\" loading=\"lazy\" src=\"https:\/\/blogger.googleusercontent.com\/img\/b\/R29vZ2xl\/AVvXsEi66_3g4GbuPRTCf5WMtXFU6lcCdHYfXniRm9X42cUyzUItuvuhgYcDLumnMdvYwW09VKzjyPOGSjOuNAe-zMOg202hTO-OjjCIP6YgtU2wc8S-bM7gN1ksRQlnZDCwAn2PcD0urdvz0M-RFjj3KTWJswyeH5qRUm-mdIzpN1hLCitNsH9QKjEnmUd61w8\/w640-h335-rw\/control-trafic-politia-frontiera.jpg\" title=\"T\u00e2n\u0103r\u0103 \u00een stare avansat\u0103 de ebrietate la volan depistat\u0103 de poli\u021bi\u0219tii de frontier\u0103 la Straja\" width=\"640\"><\/a><\/div>\n<p><b>Poli\u021bi\u0219tii de frontier\u0103 suceveni cerceteaz\u0103 o femeie care a fost depistat\u0103 la volan sub influen\u021ba b\u0103uturilor alcoolice.<\/b><\/p>\n<p>Joi, 16 aprilie 2026, \u00een jurul orei 22.30, poli\u021bi\u0219tii de frontier\u0103 din cadrul Sectorului Poli\u021biei de Frontier\u0103 Brodina au oprit pentru control, \u00een localitatea Straja (jude\u021bul Suceava), un autoturism \u00eenmatriculat \u00een Rom\u00e2nia. La volanul ma\u0219inii se afla o suceveanc\u0103 \u00een v\u00e2rst\u0103 de 32 ani.<\/p>\n<p>Deoarece persoana de la volan emana halen\u0103 alcoolic\u0103, poli\u021bi\u0219tii de frontier\u0103 au solicitat prezen\u021ba unui echipaj din cadrul Poli\u021biei Ora\u0219ului Vicovu de Sus, \u00een vederea test\u0103rii cu aparatul etilotest. \u00cen urma test\u0103rii a rezultat o alcoolemie de 1,06 mg\/l \u00een aerul expirat. Femeia a fost condus\u0103 la Spitalul Municipal R\u0103d\u0103u\u021bi pentru recoltarea de probe biologice.<\/p>\n<p>\u00cen cauz\u0103, colegii no\u0219tri au \u00eentocmit dosar penal sub aspectul s\u0103v\u00e2r\u0219irii infrac\u021biunii de conducere a unui vehicul sub influen\u021ba b\u0103uturilor alcoolice, fapt\u0103 prev\u0103zut\u0103 \u0219i pedepsit\u0103 de art. 336, alin. 1 Cod Penal.<\/div>\n<div class=\"post-body entry-content\" id=\"post-body\">\n<div class=\"separator\"><a href=\"https:\/\/blogger.googleusercontent.com\/img\/b\/R29vZ2xl\/AVvXsEi66_3g4GbuPRTCf5WMtXFU6lcCdHYfXniRm9X42cUyzUItuvuhgYcDLumnMdvYwW09VKzjyPOGSjOuNAe-zMOg202hTO-OjjCIP6YgtU2wc8S-bM7gN1ksRQlnZDCwAn2PcD0urdvz0M-RFjj3KTWJswyeH5qRUm-mdIzpN1hLCitNsH9QKjEnmUd61w8\/s1200\/control-trafic-politia-frontiera.jpg\"><img decoding=\"async\" alt=\"T\u00e2n\u0103r\u0103 \u00een stare avansat\u0103 de ebrietate la volan depistat\u0103 de poli\u021bi\u0219tii de frontier\u0103 la Straja\" border=\"0\" height=\"335\" loading=\"lazy\" src=\"https:\/\/blogger.googleusercontent.com\/img\/b\/R29vZ2xl\/AVvXsEi66_3g4GbuPRTCf5WMtXFU6lcCdHYfXniRm9X42cUyzUItuvuhgYcDLumnMdvYwW09VKzjyPOGSjOuNAe-zMOg202hTO-OjjCIP6YgtU2wc8S-bM7gN1ksRQlnZDCwAn2PcD0urdvz0M-RFjj3KTWJswyeH5qRUm-mdIzpN1hLCitNsH9QKjEnmUd61w8\/w640-h335-rw\/control-trafic-politia-frontiera.jpg\" title=\"T\u00e2n\u0103r\u0103 \u00een stare avansat\u0103 de ebrietate la volan depistat\u0103 de poli\u021bi\u0219tii de frontier\u0103 la Straja\" width=\"640\"><\/a><\/div>\n<p><b>Poli\u021bi\u0219tii de frontier\u0103 suceveni cerceteaz\u0103 o femeie care a fost depistat\u0103 la volan sub influen\u021ba b\u0103uturilor alcoolice.<\/b><\/p>\n<p>Joi, 16 aprilie 2026, \u00een jurul orei 22.30, poli\u021bi\u0219tii de frontier\u0103 din cadrul Sectorului Poli\u021biei de Frontier\u0103 Brodina au oprit pentru control, \u00een localitatea Straja (jude\u021bul Suceava), un autoturism \u00eenmatriculat \u00een Rom\u00e2nia. La volanul ma\u0219inii se afla o suceveanc\u0103 \u00een v\u00e2rst\u0103 de 32 ani.<\/p>\n<p>Deoarece persoana de la volan emana halen\u0103 alcoolic\u0103, poli\u021bi\u0219tii de frontier\u0103 au solicitat prezen\u021ba unui echipaj din cadrul Poli\u021biei Ora\u0219ului Vicovu de Sus, \u00een vederea test\u0103rii cu aparatul etilotest. \u00cen urma test\u0103rii a rezultat o alcoolemie de 1,06 mg\/l \u00een aerul expirat. Femeia a fost condus\u0103 la Spitalul Municipal R\u0103d\u0103u\u021bi pentru recoltarea de probe biologice.<\/p>\n<p>\u00cen cauz\u0103, colegii no\u0219tri au \u00eentocmit dosar penal sub aspectul s\u0103v\u00e2r\u0219irii infrac\u021biunii de conducere a unui vehicul sub influen\u021ba b\u0103uturilor alcoolice, fapt\u0103 prev\u0103zut\u0103 \u0219i pedepsit\u0103 de art. 336, alin. 1 Cod Penal.<\/div>\n<p>[analyse_source url=&#8221;https:\/\/www.stirisuceava.net\/2026\/04\/tanara-in-stare-avansata-de-ebrietate.html&#8221;]<\/p>\n","protected":false},"excerpt":{"rendered":"<p>[analyse_image type=&#8221;featured&#8221; src=&#8221;https:\/\/blogger.googleusercontent.com\/img\/b\/R29vZ2xl\/AVvXsEi66_3g4GbuPRTCf5WMtXFU6lcCdHYfXniRm9X42cUyzUItuvuhgYcDLumnMdvYwW09VKzjyPOGSjOuNAe-zMOg202hTO-OjjCIP6YgtU2wc8S-bM7gN1ksRQlnZDCwAn2PcD0urdvz0M-RFjj3KTWJswyeH5qRUm-mdIzpN1hLCitNsH9QKjEnmUd61w8\/w1600\/control-trafic-politia-frontiera.jpg&#8221;] Poli\u021bi\u0219tii de frontier\u0103 suceveni cerceteaz\u0103 o femeie care a fost depistat\u0103 la volan sub influen\u021ba b\u0103uturilor alcoolice. Joi, 16 aprilie 2026, \u00een jurul orei 22.30, poli\u021bi\u0219tii de frontier\u0103 din cadrul Sectorului Poli\u021biei de Frontier\u0103 Brodina au oprit pentru control, \u00een localitatea Straja (jude\u021bul Suceava), un autoturism \u00eenmatriculat \u00een Rom\u00e2nia. La volanul ma\u0219inii [&hellip;]<\/p>\n","protected":false},"author":1,"featured_media":0,"comment_status":"open","ping_status":"","sticky":false,"template":"","format":"standard","meta":{"footnotes":""},"categories":[89],"tags":[226,172],"class_list":["post-1888977","post","type-post","status-publish","format-standard","hentry","category-romania","tag-crawlmanager","tag-stirisuceava-net"],"_links":{"self":[{"href":"https:\/\/analyse.optim.biz\/index.php?rest_route=\/wp\/v2\/posts\/1888977","targetHints":{"allow":["GET"]}}],"collection":[{"href":"https:\/\/analyse.optim.biz\/index.php?rest_route=\/wp\/v2\/posts"}],"about":[{"href":"https:\/\/analyse.optim.biz\/index.php?rest_route=\/wp\/v2\/types\/post"}],"author":[{"embeddable":true,"href":"https:\/\/analyse.optim.biz\/index.php?rest_route=\/wp\/v2\/users\/1"}],"replies":[{"embeddable":true,"href":"https:\/\/analyse.optim.biz\/index.php?rest_route=%2Fwp%2Fv2%2Fcomments&post=1888977"}],"version-history":[{"count":0,"href":"https:\/\/analyse.optim.biz\/index.php?rest_route=\/wp\/v2\/posts\/1888977\/revisions"}],"wp:attachment":[{"href":"https:\/\/analyse.optim.biz\/index.php?rest_route=%2Fwp%2Fv2%2Fmedia&parent=1888977"}],"wp:term":[{"taxonomy":"category","embeddable":true,"href":"https:\/\/analyse.optim.biz\/index.php?rest_route=%2Fwp%2Fv2%2Fcategories&post=1888977"},{"taxonomy":"post_tag","embeddable":true,"href":"https:\/\/analyse.optim.biz\/index.php?rest_route=%2Fwp%2Fv2%2Ftags&post=1888977"}],"curies":[{"name":"wp","href":"https:\/\/api.w.org\/{rel}","templated":true}]}}