{"id":1888862,"date":"2026-04-17T08:10:13","date_gmt":"2026-04-17T05:10:13","guid":{"rendered":"https:\/\/analyse.optim.biz\/?p=1888862"},"modified":"2026-04-17T08:10:13","modified_gmt":"2026-04-17T05:10:13","slug":"izvorul-tamaduirii-sarbatoarea-care-aminteste-de-una-dintre-minunile-maicii-domnului","status":"publish","type":"post","link":"https:\/\/analyse.optim.biz\/?p=1888862","title":{"rendered":"Izvorul T\u0103m\u0103duirii, s\u0103rb\u0103toarea care aminte\u0219te de una dintre minunile Maicii Domnului"},"content":{"rendered":"<p>[analyse_image type=&#8221;featured&#8221; src=&#8221;https:\/\/ortodoxinfo.ro\/wp-content\/uploads\/2017\/04\/Izvorul-Tamaduirii.jpg&#8221;]<\/p>\n<article id=\"post-221879\" class=\"post-221879 post type-post status-publish format-standard has-post-thumbnail category-sfinti-si-sarbatori\">\n<header class=\"single-header\">\n<h1 class=\"s-title fw-headline\">Izvorul T\u0103m\u0103duirii, s\u0103rb\u0103toarea care aminte\u0219te de una dintre minunile Maicii Domnului<\/h1>\n<div class=\"single-meta meta-s-default yes-0\">\n<div class=\"smeta-in\"><a class=\"meta-el meta-avatar\" href=\"https:\/\/ortodoxinfo.ro\/author\/redactor\/\"><img loading=\"lazy\" decoding=\"async\" alt=\"OrtodoxINFO\" src=\"https:\/\/secure.gravatar.com\/avatar\/21010332354a182ce4de6016685c5586f21c51866d0ec5bc8ef383240b3c3e02?s=120&amp;r=g\" class=\"avatar avatar-120 photo\" height=\"120\" width=\"120\"><\/a><\/p>\n<div class=\"smeta-sec\">\n<div class=\"p-meta\">\n<div class=\"meta-inner is-meta\"><span class=\"meta-el meta-date\"><time datetime=\"2026-04-17T11:10:13+03:00\">17 aprilie 2026<\/time><\/span><span class=\"meta-el meta-category meta-bold\"><a class=\"meta-separate category-1858\" href=\"https:\/\/ortodoxinfo.ro\/category\/credinta-ortodoxa\/sfinti-si-sarbatori\/\">Sfin\u021bi \u0219i s\u0103rb\u0103tori<\/a><\/span><span class=\"meta-el meta-view\">3.5k vizualiz\u0103ri\t\t<\/span><span class=\"meta-el meta-comment mobile-last-meta tablet-last-meta\"><a href=\"https:\/\/ortodoxinfo.ro\/2026\/04\/17\/izvorul-tamaduirii-sarbatoarea-care-aminteste-de-una-dintre-minunile-maicii-domnului\/#respond\">Comentarii<\/a><\/span><\/div>\n<\/div>\n<\/div>\n<\/div>\n<div class=\"smeta-extra\">\n<div class=\"t-shared-sec tooltips-n has-read-meta is-color\">\n<div class=\"t-shared-header is-meta\"><span class=\"share-label\">Share<\/span><\/div>\n<\/div>\n<div class=\"single-right-meta single-time-read is-meta\"><span class=\"meta-el meta-read\">8 Min Read<\/span><\/div>\n<\/div>\n<\/div>\n<\/header>\n<div class=\"grid-container\">\n<div class=\"s-ct\">\n<div class=\"s-feat-outer\">\n<div class=\"s-feat\">\n<div class=\"featured-lightbox-trigger\" data-source=\"https:\/\/ortodoxinfo.ro\/wp-content\/uploads\/2017\/04\/Izvorul-Tamaduirii.jpg\" data-caption data-attribution><img fetchpriority=\"high\" decoding=\"async\" width=\"769\" height=\"1013\" src=\"https:\/\/ortodoxinfo.ro\/wp-content\/uploads\/2017\/04\/Izvorul-Tamaduirii.jpg\" class=\"attachment-foxiz_crop_o1 size-foxiz_crop_o1 wp-post-image\" alt loading=\"eager\"><\/div>\n<\/div>\n<\/div>\n<div class=\"s-ct-wrap has-lsl\">\n<div class=\"s-ct-inner\">\n<div class=\"l-shared-sec-outer show-mobile\">\n<div class=\"l-shared-sec\">\n<div class=\"l-shared-header meta-text\"><span class=\"share-label\">SHARE<\/span><\/div>\n<\/div>\n<\/div>\n<div class=\"e-ct-outer\">\n<div class=\"entry-content rbct clearfix is-highlight-shares\">\n<p>\u00cen vinerea din S\u0103pt\u0103m\u00e2na Luminat\u0103, cre\u0219tinii ortodoc\u0219i s\u0103rb\u0103toresc Izvorul T\u0103m\u0103duirii,care aminte\u0219te de una dintre minunile Maicii Domnului.<\/p>\n<div class=\"inline-single-ad ad_single_index alignfull\">\n<div class=\"ad-wrap ad-script-wrap\">\n<div class=\"ad-script non-adsense edge-padding\">\n<div>\n\u203c\ufe0f\u203c\ufe0f NU recunoa\u0219tem ca pre\u0219edinte al Rom\u00e2niei pe marioneta retard\u0103 Nicu\u0219or Dan! Rom\u00e2ni, boicota\u021bi aceast\u0103 f\u0103c\u0103tur\u0103, care ne face \u021bara de r\u00e2s! NU rom\u00e2nii l-au votat pe Nicusoro\u0219 &#8211; cu unele excep\u021bii de persoane infantile, manipulabile \u0219i chiar idioate &#8211; ci l-au ajutat Maia Soro\u0219, Emanuel Macrou \u0219i tr\u0103d\u0103torii de la B.E.C. \u0219i CCR!<br \/>\n La \u00eenchisoare cu cei care au fraudat alegerile!\n<\/div>\n<\/div>\n<\/div>\n<\/div>\n<p>\u00cen fiecare an, \u00een prima zi de vineri dup\u0103 \u00cenvierea Domnului, \u00een S\u0103pt\u0103m\u00e2na Luminat\u0103, este pr\u0103znuit\u0103 s\u0103rb\u0103toarea Izvorului T\u0103m\u0103duirii. Este o zi important\u0103 \u00een Calendarul Ortodox, \u00een care se s\u0103v\u00e2r\u015fe\u015fte Sf\u00e2nta Liturghie, urmat\u0103 de sfin\u0163irea mic\u0103 a apei. S\u0103rb\u0103toarea este \u00eenchinat\u0103 Maicii Domnului \u015fi este una din cele \u015fapte s\u0103rb\u0103tori mai mici dedicate Prea Sfintei N\u0103sc\u0103toare de Dumnezeu, care amintesc de momente importante din via\u0163a Sa.<\/p>\n<p>Maica Domnului este cel mai important sf\u00e2nt din \u00eentreaga Ortodoxie, fiindu-i \u00eenchinate, al\u0103turi de cele \u015fapte s\u0103rb\u0103tori mai mici men\u0163ionate \u015fi patru mari praznice \u00eemp\u0103r\u0103te\u015fti: Na\u015fterea Maicii Domnului \u2013 la 8 septembrie, Intrarea \u00een Biseric\u0103 a Maicii Domnului \u2013 la 21 noiembrie, Bunavestire \u2013 la 25 martie \u015fi Adormirea Maicii Domnului \u2013 la 15 august.<\/p>\n<p>Praznicul Izvorului T\u0103m\u0103duirii \u015fi-a luat numele de la o minune s\u0103v\u00e2r\u015fit\u0103 de Maica Domnului prin apa unui izvor cu puteri t\u0103m\u0103duitoare, petrecut\u0103 \u00een apropierea Constantinopolului, scrie\u00a0<a href=\"http:\/\/www.rador.ro\/2020\/04\/24\/documentar-izvorul-tamaduirii-sarbatoarea-inchinata-maicii-domnului-6\/\" target=\"_blank\" rel=\"noopener\">RADOR<\/a>.<\/p>\n<p>Astfel, conform tradi\u0163iei, un \u00een\u0163elept orb r\u0103t\u0103cind prin aceast\u0103 parte de lume se \u00eent\u00e2lne\u015fte cu viitorul \u00eemp\u0103rat Leon cel Mare, om de r\u00e2nd la vremea aceea, bun, bl\u00e2nd \u015fi pios, care v\u0103z\u00e2nd deficien\u0163a omului l-a c\u0103l\u0103uzit prin acest \u0163inut.<\/p>\n<p>La un moment dat, omului f\u0103r\u0103 vedere i s-a f\u0103cut sete, iar Leon a p\u0103truns \u00eentr-un desi\u015f plin de arbori \u015fi verdea\u0163\u0103. Ini\u0163ial Leon nu a g\u0103sit nicio surs\u0103 de ap\u0103, \u00eens\u0103 se spune c\u0103 la \u00eentoarcere, a auzit o voce spun\u00e2ndu-i: \u201eNu e nevoie s\u0103 te ostene\u015fti, Leone, c\u0103ci apa este aproape !\u201d, astfel c\u0103 se re\u00eentoarce la c\u0103ut\u0103ri, \u015fi aude acela\u015fi glas: \u201eP\u0103trunde, Leone \u00eemp\u0103rate, mai ad\u00e2nc \u00een p\u0103durea aceasta \u015fi lu\u00e2nd cu m\u00e2inile apa tulbure, potole\u015fte setea orbului \u015fi apoi unge cu ea ochii lui cei \u00eentuneca\u0163i \u015fi vei cunoa\u015fte de \u00eendat\u0103 cine sunt Eu, Care s\u0103l\u0103\u015fluiesc aici de mult\u0103 vreme\u201d. Leon a urmat \u00eendemnul acelei voci iar de \u00eendat\u0103 orbul a \u00eenceput s\u0103 vad\u0103.<\/p>\n<p>Dup\u0103 \u00eenf\u0103ptuirea minunii, omul care tocmai \u00ee\u015fi rec\u0103p\u0103tase vederea spune: \u201eMaica Domnului e\u015fti aici! Te-am g\u0103sit !\u201d, iar Leon a \u00eengenuncheat \u015fi a rostit cuvintele: \u201eAm v\u0103zut Lumina cea adev\u0103rat\u0103, pe Maica Preacurat\u0103. Aici este izvorul t\u0103m\u0103duirilor, f\u00e2nt\u00e2na d\u0103t\u0103toare de s\u0103n\u0103tate !\u201d. Tot atunci \u00een\u0163eleptul i-a prezis lui Leon c\u0103, \u00een cur\u00e2nd, va ajunge \u00eemp\u0103rat.<\/p>\n<p>\u00cen anul 475 Leon, \u00eempline\u015fte profe\u0163ia \u015fi devine \u00eemp\u0103rat, \u00een acela\u015fi an \u00eencep\u00e2nd, \u00een apropierea locului \u00een care s-a produs minunea, cu multe eforturi financiare, construc\u0163ia Bisericii Izvorul T\u0103m\u0103duirii, care se reg\u0103se\u015fte \u015fi ast\u0103zi la Istanbul, \u00een forma ei restaurat\u0103, \u00eempreun\u0103 cu ceea ce se crede a fi izvorul aduc\u0103tor de minuni.<\/p>\n<p>Astfel Biserica \u201eIzvorul t\u0103m\u0103duirii\u201d a devenit loc de manifestare a milostivirii Maicii Domnului fa\u0163\u0103 de cei afla\u0163i \u00een suferin\u0163\u0103.<\/p>\n<p>Tot tradi\u0163ia arat\u0103 c\u0103, mai t\u00e2rziu, \u00eemp\u0103ratul Justinian (527-565), care suferea de o boal\u0103 grea, s-a vindecat dup\u0103 ce a b\u0103ut ap\u0103 din acest izvor, iar \u00een semn de mul\u0163umire, acesta a construit o biseric\u0103 \u015fi mai mare, care \u00een anul \u00een anul 1435 a fost distrus\u0103 de turci.<\/p>\n<p>Se spune c\u0103 acest izvor a \u00eenviat un cor\u0103bier din Tesalia care \u015fi-a dat ob\u015ftescul sf\u00e2r\u015fit pe mare. Acesta apucase s\u0103-i roage pe colegii lui s\u0103-l \u00eengroape la biserica Izvorului, iar ace\u015ftia conform\u00e2ndu-se acestei dorin\u0163e, au turnat peste corpul f\u0103r\u0103 via\u0163\u0103 trei ciuturi de apa, aduc\u00e2nd \u00eenvierea lui.<\/p>\n<p>\u00centr-un alt moment se spune c\u0103 biserica de la Izvor, fiind afectat\u0103 de cutremure, era \u00een pericol de pr\u0103bu\u015fire, dar o minune a Maicii Domnului a f\u0103cut ca biserica s\u0103 fie sprijinit\u0103, p\u00e2n\u0103 ce to\u0163i credicio\u015fii afla\u0163i aici s-au pus la ad\u0103post.<\/p>\n<p>Exist\u0103 m\u0103rturii privind nenum\u0103rate alte minuni \u00eenf\u0103ptuite aici: vindecarea \u00eemp\u0103ratului Leon In\u0163eleptul de pietre la rinichi, vindecarea de friguri a so\u0163iei acestuia, Teofana, vindecarea de surzenie a patriarhului Ioan al Ierusalimului.<\/p>\n<p>Este interesant c\u0103, \u00een iconografie, \u00een ilustrarea praznicului Izvorului T\u0103m\u0103duirii, Maica Domnului \u015fi Hristos sunt prezenta\u0163i \u00eentr-o cristelni\u0163\u0103, Fecioara Maria fiind reprezentat\u0103 cu m\u00e2inile \u00een\u0103l\u0163ate \u00een semn de rug\u0103ciune, iar Iisus este imaginat binecuv\u00e2nt\u00e2nd ca r\u0103spuns al rug\u0103ciunilor maicii Sale, \u00een timp ce din vasul Tainei Botezului este figurat izvorul care are menirea de t\u0103maduire a trupului \u015fi sufletului.<\/p>\n<p>S\u0103rb\u0103toarea Izvorului T\u0103m\u0103duirii, care mai este numit\u0103 \u015fi Vinerea Luminat\u0103, iar popular \u2013 F\u00e2nt\u00e2ni\u0163a sau Vinerea Scump\u0103 \u2013 este \u00eenso\u0163it\u0103 la rom\u00e2ni de nenum\u0103rate tradi\u0163ii \u015fi obiceiuri.<\/p>\n<p>Una din tradi\u0163ii arat\u0103 c\u0103 \u00een aceast\u0103 zi, dup\u0103 sfin\u0163irea la biseric\u0103 a Aghiazmei mici, preo\u0163ii \u00eei stropesc cu apa sfin\u0163it\u0103 pe credincio\u015fi c\u00e2nt\u00e2nd troparul: \u201eM\u00e2ntuie\u015fte, Doamne, poporul T\u0103u, \u015fi binecuv\u00e2nteaz\u0103 mo\u015ftenirea Ta, biruin\u0163a binecredincio\u015filor cre\u015ftini asupra celui potrivnic d\u0103ruie\u015fte, \u015fi cu crucea Ta, p\u0103ze\u015fte pe poporul T\u0103u\u201d, ceea ce \u00een credin\u0163a popular\u0103 \u00eenseamn\u0103 purificare \u015fi alungarea energiilor negative.<\/p>\n<p>\u00cen unele regiuni, preotul merge pe la gospod\u0103riile credincio\u015filor pentru a le sfin\u0163i cu aceast\u0103 ap\u0103.<\/p>\n<p>Agheazma sfin\u0163it\u0103 de Izvorul T\u0103m\u0103duirii se p\u0103streaz\u0103 peste an, exist\u00e2nd credin\u0163a c\u0103 \u00een caz de boli sau necazuri, aceasta poate fi b\u0103ut\u0103, spre a aduce alinare \u015fi noroc.<\/p>\n<p>\u00cen unele zone, \u00eenc\u0103 din diminea\u0163a acestei zile, credincio\u015fii se spal\u0103 cu rou\u0103 \u0219i beau Agheasm\u0103 pentru a se feri de boli \u0219i pentru a se vindeca.<\/p>\n<p>\u00cen orice caz, \u00een aceast\u0103 zi nu se lucreaz\u0103, nu se spal\u0103, nu se calc\u0103 \u015fi nu se coase.<\/p>\n<p>Se spune c\u0103 cine respect\u0103 acest obicei, are un loc asigurat \u00een Rai, iar cine \u00eel \u00eencalc\u0103 este lovit de o boal\u0103 din care nu \u00ee\u0219i mai revine.<\/p>\n<p>\u00cen Cri\u015fana, \u00een ziua praznicului Izvorului T\u0103m\u0103duirii, preo\u0163ii obi\u015fnuiesc s\u0103 sfin\u0163easc\u0103 toate izvoarele din regiune, exist\u00e2nd credin\u0163a c\u0103 astfel alung\u0103 spiritele rele \u015fi p\u0103streaz\u0103 apele pure \u015fi t\u0103m\u0103duitoare.<\/p>\n<p>\u00cen alte zone din \u0163ar\u0103, exist\u0103 obiceiul de cur\u0103\u0163ire a f\u00e2nt\u00e2nilor, aceasta \u00eensemn\u00e2nd c\u0103 apa se va g\u0103si din bel\u015fug \u00een tot timpul anului.<\/p>\n<p>\u00cen zonele rurale, oamenii obi\u015fnuiesc \u00een aceast\u0103 zi s\u0103 \u00ee\u015fi ude vitele cu ap\u0103 sfin\u0163it\u0103\u00a0 pentru a fi s\u0103n\u0103toase \u015fi de asemenea, s\u0103 stropeasc\u0103 viile \u015fi recoltele, pentru a fi roditoare peste an.<\/p>\n<p>De asemenea, se spune c\u0103 \u00een aceast\u0103 zi \u201ese d\u0103 cep tuturor apelor\u201d, astfel \u00eenc\u00e2t s\u0103 \u00ee\u015fi ast\u00e2mpere setea to\u0163i cei care nu au avut parte de ap\u0103, pe p\u0103m\u00e2nt sau \u00een ceruri.<\/p>\n<p>\u00cen unele zone din Moldova, credincio\u015fii merg la mormintele celor dragi trecu\u0163i \u00een ceruri, cu ou\u0103 \u015fi cozonaci, \u015fi acolo se s\u0103v\u00e2r\u015fe\u015fte o mic\u0103 slujb\u0103 \u00een amintirea acestora.<\/p>\n<\/div>\n<\/div>\n<\/div>\n<div class=\"e-shared-sec entry-sec\">\n<div class=\"e-shared-header h4\"><span>Distribuie<\/span><\/div>\n<div class=\"rbbsl tooltips-n effect-fadeout is-bg\"><a class=\"share-action share-trigger icon-facebook\" aria-label=\"Share on Facebook\" href=\"https:\/\/www.facebook.com\/sharer.php?u=https%3A%2F%2Fortodoxinfo.ro%2F2026%2F04%2F17%2Fizvorul-tamaduirii-sarbatoarea-care-aminteste-de-una-dintre-minunile-maicii-domnului%2F\" data-title=\"Facebook\" rel=\"nofollow\"><span>Facebook<\/span><\/a><a class=\"share-action share-trigger icon-twitter\" aria-label=\"Share on X\" href=\"https:\/\/twitter.com\/intent\/tweet?text=Izvorul+T%C4%83m%C4%83duirii%2C+s%C4%83rb%C4%83toarea+care+aminte%C8%99te+de+una+dintre+minunile+Maicii+Domnului&amp;url=https%3A%2F%2Fortodoxinfo.ro%2F2026%2F04%2F17%2Fizvorul-tamaduirii-sarbatoarea-care-aminteste-de-una-dintre-minunile-maicii-domnului%2F&amp;via=ortodoxinforo\" data-title=\"X\" rel=\"nofollow\"><span>X<\/span><\/a><a class=\"share-action icon-whatsapp is-web\" aria-label=\"Share on Whatsapp\" href=\"https:\/\/web.whatsapp.com\/send?text=Izvorul+T%C4%83m%C4%83duirii%2C+s%C4%83rb%C4%83toarea+care+aminte%C8%99te+de+una+dintre+minunile+Maicii+Domnului%20%E2%98%9E%20https%3A%2F%2Fortodoxinfo.ro%2F2026%2F04%2F17%2Fizvorul-tamaduirii-sarbatoarea-care-aminteste-de-una-dintre-minunile-maicii-domnului%2F\" target=\"_blank\" data-title=\"WhatsApp\" rel=\"nofollow\"><span>Whatsapp<\/span><\/a><a class=\"share-action icon-whatsapp is-mobile\" aria-label=\"Share on Whatsapp\" href=\"\/\/send?text=Izvorul+T%C4%83m%C4%83duirii%2C+s%C4%83rb%C4%83toarea+care+aminte%C8%99te+de+una+dintre+minunile+Maicii+Domnului%20%E2%98%9E%20https%3A%2F%2Fortodoxinfo.ro%2F2026%2F04%2F17%2Fizvorul-tamaduirii-sarbatoarea-care-aminteste-de-una-dintre-minunile-maicii-domnului%2F\" target=\"_blank\" data-title=\"WhatsApp\" rel=\"nofollow\"><span>Whatsapp<\/span><\/a><a class=\"share-action share-trigger icon-telegram\" aria-label=\"Share on Telegram\" href=\"https:\/\/t.me\/share\/?url=https%3A%2F%2Fortodoxinfo.ro%2F2026%2F04%2F17%2Fizvorul-tamaduirii-sarbatoarea-care-aminteste-de-una-dintre-minunile-maicii-domnului%2F&amp;text=Izvorul+T%C4%83m%C4%83duirii%2C+s%C4%83rb%C4%83toarea+care+aminte%C8%99te+de+una+dintre+minunile+Maicii+Domnului\" data-title=\"Telegram\" rel=\"nofollow\"><span>Telegram<\/span><\/a><a class=\"share-action icon-copy copy-trigger\" aria-label=\"Copy Link\" href=\"https:\/\/ortodoxinfo.ro\/2026\/04\/17\/izvorul-tamaduirii-sarbatoarea-care-aminteste-de-una-dintre-minunile-maicii-domnului\/\" data-copied=\"Copied!\" data-link=\"https:\/\/ortodoxinfo.ro\/2026\/04\/17\/izvorul-tamaduirii-sarbatoarea-care-aminteste-de-una-dintre-minunile-maicii-domnului\/\" rel=\"nofollow\" data-copy=\"Copy Link\"><span>Copy Link<\/span><\/a><a class=\"share-action icon-print\" aria-label=\"Print\" rel=\"nofollow\" data-title=\"Print\"><span>Print<\/span><\/a><\/div>\n<\/div>\n<\/div>\n<div id=\"tabs\" class=\"dntplgn_form_wrapper\"><span><\/p>\n<h2>\u0218tirile sunt sub cenzur\u0103! Sprijini\u021bi OrtodoxINFO!<\/h2>\n<p>Guvernul nu dore\u0219te aflarea adev\u0103rului despre lovitura de stat \u0219i \u00eengenuncherea Rom\u00e2niei. \u00cencerc\u0103m s\u0103 men\u021binem viu acest site \u0219i s\u0103 v\u0103 punem la dispozi\u021bie informa\u021bii care s\u0103 fac\u0103 lumin\u0103 \u00een cea mai mare provocare pe care o tr\u0103im. Jurnalismul independent al portalului OrtodoxINFO func\u021bioneaz\u0103 strict cu ajutorul cititorilor.<br \/>\nNe pute\u021bi sprijini printr-o <b><a href=\"https:\/\/ortodoxinfo.ro\/donatii\/\">dona\u021bie bancar\u0103<\/a> sau prin PayPal, complet\u00e2nd formularul de mai jos.<\/b><\/span><\/p>\n<ul>\n<li><a href=\"https:\/\/ortodoxinfo.ro\/2026\/04\/17\/izvorul-tamaduirii-sarbatoarea-care-aminteste-de-una-dintre-minunile-maicii-domnului\/#tabs-1\">Dona\u021bie lunar\u0103<\/a><\/li>\n<li><a href=\"https:\/\/ortodoxinfo.ro\/2026\/04\/17\/izvorul-tamaduirii-sarbatoarea-care-aminteste-de-una-dintre-minunile-maicii-domnului\/#tabs-2\">Doar acum<\/a><\/li>\n<\/ul>\n<div id=\"tabs-1\"><img loading=\"lazy\" decoding=\"async\" alt border=\"0\" src=\"https:\/\/www.paypalobjects.com\/en_US\/i\/scr\/pixel.gif\" width=\"1\" height=\"1\"><\/div>\n<div id=\"tabs-2\">\n<p>\t\t     \u20ac<\/p>\n<p>\t\t    <img loading=\"lazy\" decoding=\"async\" alt border=\"0\" src=\"https:\/\/www.paypalobjects.com\/en_US\/i\/scr\/pixel.gif\" width=\"1\" height=\"1\"><\/div>\n<p>Mul\u021bumim celor care ne-au ajutat p\u00e2n\u0103 acum!\n\t<\/p><\/div>\n<div class=\"comment-box-wrap entry-sec\">\n<div class=\"comment-box-header\"><span class=\"h3\">Las\u0103 un comentariu<\/span><\/div>\n<div class=\"comment-holder no-comment\">\n<div id=\"comments\" class=\"comments-area\">\n<div id=\"respond\" class=\"comment-respond\">\n<h3 id=\"reply-title\" class=\"comment-reply-title\">Las\u0103 un r\u0103spuns <small><a rel=\"nofollow\" id=\"cancel-comment-reply-link\" href=\"https:\/\/ortodoxinfo.ro\/2026\/04\/17\/izvorul-tamaduirii-sarbatoarea-care-aminteste-de-una-dintre-minunile-maicii-domnului\/#respond\">Anuleaz\u0103 r\u0103spunsul<\/a><\/small><\/h3>\n<p class=\"comment-notes\"><span id=\"email-notes\">Adresa ta de email nu va fi publicat\u0103.<\/span><span class=\"required-field-message\">C\u00e2mpurile obligatorii sunt marcate cu <span class=\"required\">*<\/span><\/span><\/p>\n<\/div>\n<\/div>\n<\/div>\n<\/div>\n<\/div>\n<div class=\"sidebar-wrap single-sidebar\">\n<div class=\"sidebar-inner clearfix\">\n<div id=\"widget-post-2\" class=\"widget rb-section w-sidebar clearfix widget-post\">\n<div class=\"block-h widget-heading heading-layout-1\">\n<div class=\"heading-inner\">\n<h4 class=\"heading-title\"><span>Articole recente<\/span><\/h4>\n<\/div>\n<\/div>\n<div class=\"widget-p-listing\">\n<div class=\"p-wrap p-small p-list-small-2\" data-pid=\"221918\">\n<div class=\"feat-holder\">\n<div class=\"p-featured ratio-v1\"><a class=\"p-flink\" href=\"https:\/\/ortodoxinfo.ro\/2026\/04\/17\/analiza-germania-si-ambitiile-militare-imposibile-intre-miliarde-cheltuite-si-o-armata-care-nu-functioneaza\/\" title=\"ANALIZ\u0102: Germania \u0219i ambi\u021biile militare imposibile, \u00eentre miliarde cheltuite \u0219i o armat\u0103 care nu func\u021bioneaz\u0103\"><img decoding=\"async\" width=\"150\" height=\"150\" src=\"https:\/\/ortodoxinfo.ro\/wp-content\/uploads\/2026\/04\/GRUMAZ.webp-150x150.webp\" class=\"featured-img wp-post-image\" alt loading=\"lazy\"><\/a><\/div>\n<\/div>\n<div class=\"p-content\">\n<h5 class=\"entry-title\"><a class=\"p-url\" href=\"https:\/\/ortodoxinfo.ro\/2026\/04\/17\/analiza-germania-si-ambitiile-militare-imposibile-intre-miliarde-cheltuite-si-o-armata-care-nu-functioneaza\/\" rel=\"bookmark\">ANALIZ\u0102: Germania \u0219i ambi\u021biile militare imposibile, \u00eentre miliarde cheltuite \u0219i o armat\u0103 care nu func\u021bioneaz\u0103<\/a><\/h5>\n<div class=\"p-meta\">\n<div class=\"meta-inner is-meta\"><span class=\"meta-el meta-date\"><time datetime=\"2026-04-17T14:05:09+03:00\">17 aprilie 2026<\/time><\/span><span class=\"meta-el meta-category meta-bold\"><a class=\"meta-separate category-1538\" href=\"https:\/\/ortodoxinfo.ro\/category\/anti-sistem\/uniunea-europeana\/\">Uniunea european\u0103<\/a><\/span><span class=\"meta-el meta-view\">3.7k vizualiz\u0103ri\t\t<\/span><\/div>\n<\/div>\n<\/div>\n<\/div>\n<div class=\"p-wrap p-small p-list-small-2\" data-pid=\"221794\">\n<div class=\"feat-holder\">\n<div class=\"p-featured ratio-v1\"><a class=\"p-flink\" href=\"https:\/\/ortodoxinfo.ro\/2026\/04\/16\/legea-jegului-vexler-da-jos-bustul-marelui-roman-octavian-goga-din-iasi-la-cererea-unui-ong-din-arad\/\" title=\"Legea jegului Vexler d\u0103 jos bustul marelui rom\u00e2n Octavian Goga din Ia\u0219i la cererea unui ONG din Arad\"><img decoding=\"async\" width=\"150\" height=\"150\" src=\"https:\/\/ortodoxinfo.ro\/wp-content\/uploads\/2026\/04\/FB_IMG_1776365938893-150x150.jpg\" class=\"featured-img wp-post-image\" alt loading=\"lazy\"><\/a><\/div>\n<\/div>\n<div class=\"p-content\">\n<h5 class=\"entry-title\"><a class=\"p-url\" href=\"https:\/\/ortodoxinfo.ro\/2026\/04\/16\/legea-jegului-vexler-da-jos-bustul-marelui-roman-octavian-goga-din-iasi-la-cererea-unui-ong-din-arad\/\" rel=\"bookmark\">Legea jegului Vexler d\u0103 jos bustul marelui rom\u00e2n Octavian Goga din Ia\u0219i la cererea unui ONG din Arad<\/a><\/h5>\n<div class=\"p-meta\">\n<div class=\"meta-inner is-meta\"><span class=\"meta-el meta-date\"><time datetime=\"2026-04-17T00:03:43+03:00\">17 aprilie 2026<\/time><\/span><span class=\"meta-el meta-category meta-bold\"><a class=\"meta-separate category-19885\" href=\"https:\/\/ortodoxinfo.ro\/category\/anti-sistem\/anti-romanism\/asasinii-tarii\/\">Asasinii \u021b\u0103rii<\/a><\/span><span class=\"meta-el meta-view\">9.1k vizualiz\u0103ri\t\t<\/span><\/div>\n<\/div>\n<\/div>\n<\/div>\n<div class=\"p-wrap p-small p-list-small-2\" data-pid=\"221772\">\n<div class=\"feat-holder\">\n<div class=\"p-featured ratio-v1\"><a class=\"p-flink\" href=\"https:\/\/ortodoxinfo.ro\/2026\/04\/16\/calin-georgescu-propune-un-guvern-de-reconciliere-nationala-format-din-psd-aur-si-pnl\/\" title=\"C\u0103lin Georgescu propune un guvern de \u201ereconciliere na\u021bional\u0103\u201d format din PSD, AUR si PNL\"><img decoding=\"async\" width=\"150\" height=\"150\" src=\"https:\/\/ortodoxinfo.ro\/wp-content\/uploads\/2026\/04\/https___www.gandul.ro__wp-content_uploads_2025_10_profimedia-1036173529-1280x853-1-150x150.webp\" class=\"featured-img wp-post-image\" alt loading=\"lazy\"><\/a><\/div>\n<\/div>\n<div class=\"p-content\">\n<h5 class=\"entry-title\"><a class=\"p-url\" href=\"https:\/\/ortodoxinfo.ro\/2026\/04\/16\/calin-georgescu-propune-un-guvern-de-reconciliere-nationala-format-din-psd-aur-si-pnl\/\" rel=\"bookmark\">C\u0103lin Georgescu propune un guvern de \u201ereconciliere na\u021bional\u0103\u201d format din PSD, AUR si PNL<\/a><\/h5>\n<div class=\"p-meta\">\n<div class=\"meta-inner is-meta\"><span class=\"meta-el meta-date\"><time datetime=\"2026-04-16T21:29:30+03:00\">16 aprilie 2026<\/time><\/span><span class=\"meta-el meta-category meta-bold\"><a class=\"meta-separate category-19866\" href=\"https:\/\/ortodoxinfo.ro\/category\/lupta-pentru-romania\/\">Lupt\u0103 pentru Rom\u00e2nia<\/a><\/span><span class=\"meta-el meta-view\">11.6k vizualiz\u0103ri\t\t<\/span><\/div>\n<\/div>\n<\/div>\n<\/div>\n<div class=\"p-wrap p-small p-list-small-2\" data-pid=\"221658\">\n<div class=\"feat-holder\">\n<div class=\"p-featured ratio-v1\"><a class=\"p-flink\" href=\"https:\/\/ortodoxinfo.ro\/2026\/04\/16\/usa-today-sua-pregateste-invazia-in-cuba-unde-il-va-pune-presedinte-pe-marco-rubio\/\" title=\"Trump nu se opre\u0219te: SUA preg\u0103te\u0219te invazia in Cuba unde \u00eel va pune pre\u0219edinte pe Marco Rubio\"><img decoding=\"async\" width=\"150\" height=\"150\" src=\"https:\/\/ortodoxinfo.ro\/wp-content\/uploads\/2026\/04\/usa-today-sua-preg-te-te-invazia-in-cuba-unde-l-va-pune-pre-edinte-pe-marco-rubio-main.webp-150x150.webp\" class=\"featured-img wp-post-image\" alt loading=\"lazy\"><\/a><\/div>\n<\/div>\n<div class=\"p-content\">\n<h5 class=\"entry-title\"><a class=\"p-url\" href=\"https:\/\/ortodoxinfo.ro\/2026\/04\/16\/usa-today-sua-pregateste-invazia-in-cuba-unde-il-va-pune-presedinte-pe-marco-rubio\/\" rel=\"bookmark\">Trump nu se opre\u0219te: SUA preg\u0103te\u0219te invazia in Cuba unde \u00eel va pune pre\u0219edinte pe Marco Rubio<\/a><\/h5>\n<div class=\"p-meta\">\n<div class=\"meta-inner is-meta\"><span class=\"meta-el meta-date\"><time datetime=\"2026-04-16T15:24:30+03:00\">16 aprilie 2026<\/time><\/span><span class=\"meta-el meta-category meta-bold\"><a class=\"meta-separate category-585\" href=\"https:\/\/ortodoxinfo.ro\/category\/stiri\/externe\/\">Externe<\/a><\/span><span class=\"meta-el meta-view\">10.3k vizualiz\u0103ri\t\t<\/span><\/div>\n<\/div>\n<\/div>\n<\/div>\n<\/div>\n<\/div>\n<div id=\"custom_html-2\" class=\"widget_text widget rb-section w-sidebar clearfix widget_custom_html\">\n<div class=\"block-h widget-heading heading-layout-1\">\n<div class=\"heading-inner\">\n<h4 class=\"heading-title\"><span>DONA\u021aII \u00een cont bancar<\/span><\/h4>\n<\/div>\n<\/div>\n<div class=\"textwidget custom-html-widget\">\n<table class=\"donatii\">\n<tbody>\n<tr>\n<th colspan=\"2\"><strong><span>ASMIB<\/span><\/strong><\/th>\n<\/tr>\n<tr>\n<th>Cont LEI<\/th>\n<td>RO67CECEB00030RON2081955<\/td>\n<\/tr>\n<tr>\n<th>Cont EURO<\/th>\n<td>RO33CECEB000C1EUR2081978<\/td>\n<\/tr>\n<tr>\n<th>Cod SWIFT<\/th>\n<td>CECEROBU<\/td>\n<\/tr>\n<tr>\n<th colspan=\"2\"><strong>CEC BANK SA<\/strong><\/th>\n<\/tr>\n<\/tbody>\n<\/table>\n<\/div>\n<\/div>\n<\/div>\n<\/div>\n<\/div>\n<\/article>\n<div class=\"entry-content rbct clearfix is-highlight-shares\">\n<p>\u00cen vinerea din S\u0103pt\u0103m\u00e2na Luminat\u0103, cre\u0219tinii ortodoc\u0219i s\u0103rb\u0103toresc Izvorul T\u0103m\u0103duirii,care aminte\u0219te de una dintre minunile Maicii Domnului.<\/p>\n<div class=\"inline-single-ad ad_single_index alignfull\">\n<div class=\"ad-wrap ad-script-wrap\">\n<div class=\"ad-script non-adsense edge-padding\">\n<div>\n\u203c\ufe0f\u203c\ufe0f NU recunoa\u0219tem ca pre\u0219edinte al Rom\u00e2niei pe marioneta retard\u0103 Nicu\u0219or Dan! Rom\u00e2ni, boicota\u021bi aceast\u0103 f\u0103c\u0103tur\u0103, care ne face \u021bara de r\u00e2s! NU rom\u00e2nii l-au votat pe Nicusoro\u0219 &#8211; cu unele excep\u021bii de persoane infantile, manipulabile \u0219i chiar idioate &#8211; ci l-au ajutat Maia Soro\u0219, Emanuel Macrou \u0219i tr\u0103d\u0103torii de la B.E.C. \u0219i CCR!<br \/>\n La \u00eenchisoare cu cei care au fraudat alegerile!\n<\/div>\n<\/div>\n<\/div>\n<\/div>\n<p>\u00cen fiecare an, \u00een prima zi de vineri dup\u0103 \u00cenvierea Domnului, \u00een S\u0103pt\u0103m\u00e2na Luminat\u0103, este pr\u0103znuit\u0103 s\u0103rb\u0103toarea Izvorului T\u0103m\u0103duirii. Este o zi important\u0103 \u00een Calendarul Ortodox, \u00een care se s\u0103v\u00e2r\u015fe\u015fte Sf\u00e2nta Liturghie, urmat\u0103 de sfin\u0163irea mic\u0103 a apei. S\u0103rb\u0103toarea este \u00eenchinat\u0103 Maicii Domnului \u015fi este una din cele \u015fapte s\u0103rb\u0103tori mai mici dedicate Prea Sfintei N\u0103sc\u0103toare de Dumnezeu, care amintesc de momente importante din via\u0163a Sa.<\/p>\n<p>Maica Domnului este cel mai important sf\u00e2nt din \u00eentreaga Ortodoxie, fiindu-i \u00eenchinate, al\u0103turi de cele \u015fapte s\u0103rb\u0103tori mai mici men\u0163ionate \u015fi patru mari praznice \u00eemp\u0103r\u0103te\u015fti: Na\u015fterea Maicii Domnului \u2013 la 8 septembrie, Intrarea \u00een Biseric\u0103 a Maicii Domnului \u2013 la 21 noiembrie, Bunavestire \u2013 la 25 martie \u015fi Adormirea Maicii Domnului \u2013 la 15 august.<\/p>\n<p>Praznicul Izvorului T\u0103m\u0103duirii \u015fi-a luat numele de la o minune s\u0103v\u00e2r\u015fit\u0103 de Maica Domnului prin apa unui izvor cu puteri t\u0103m\u0103duitoare, petrecut\u0103 \u00een apropierea Constantinopolului, scrie\u00a0<a href=\"http:\/\/www.rador.ro\/2020\/04\/24\/documentar-izvorul-tamaduirii-sarbatoarea-inchinata-maicii-domnului-6\/\" target=\"_blank\" rel=\"noopener\">RADOR<\/a>.<\/p>\n<p>Astfel, conform tradi\u0163iei, un \u00een\u0163elept orb r\u0103t\u0103cind prin aceast\u0103 parte de lume se \u00eent\u00e2lne\u015fte cu viitorul \u00eemp\u0103rat Leon cel Mare, om de r\u00e2nd la vremea aceea, bun, bl\u00e2nd \u015fi pios, care v\u0103z\u00e2nd deficien\u0163a omului l-a c\u0103l\u0103uzit prin acest \u0163inut.<\/p>\n<p>La un moment dat, omului f\u0103r\u0103 vedere i s-a f\u0103cut sete, iar Leon a p\u0103truns \u00eentr-un desi\u015f plin de arbori \u015fi verdea\u0163\u0103. Ini\u0163ial Leon nu a g\u0103sit nicio surs\u0103 de ap\u0103, \u00eens\u0103 se spune c\u0103 la \u00eentoarcere, a auzit o voce spun\u00e2ndu-i: \u201eNu e nevoie s\u0103 te ostene\u015fti, Leone, c\u0103ci apa este aproape !\u201d, astfel c\u0103 se re\u00eentoarce la c\u0103ut\u0103ri, \u015fi aude acela\u015fi glas: \u201eP\u0103trunde, Leone \u00eemp\u0103rate, mai ad\u00e2nc \u00een p\u0103durea aceasta \u015fi lu\u00e2nd cu m\u00e2inile apa tulbure, potole\u015fte setea orbului \u015fi apoi unge cu ea ochii lui cei \u00eentuneca\u0163i \u015fi vei cunoa\u015fte de \u00eendat\u0103 cine sunt Eu, Care s\u0103l\u0103\u015fluiesc aici de mult\u0103 vreme\u201d. Leon a urmat \u00eendemnul acelei voci iar de \u00eendat\u0103 orbul a \u00eenceput s\u0103 vad\u0103.<\/p>\n<p>Dup\u0103 \u00eenf\u0103ptuirea minunii, omul care tocmai \u00ee\u015fi rec\u0103p\u0103tase vederea spune: \u201eMaica Domnului e\u015fti aici! Te-am g\u0103sit !\u201d, iar Leon a \u00eengenuncheat \u015fi a rostit cuvintele: \u201eAm v\u0103zut Lumina cea adev\u0103rat\u0103, pe Maica Preacurat\u0103. Aici este izvorul t\u0103m\u0103duirilor, f\u00e2nt\u00e2na d\u0103t\u0103toare de s\u0103n\u0103tate !\u201d. Tot atunci \u00een\u0163eleptul i-a prezis lui Leon c\u0103, \u00een cur\u00e2nd, va ajunge \u00eemp\u0103rat.<\/p>\n<p>\u00cen anul 475 Leon, \u00eempline\u015fte profe\u0163ia \u015fi devine \u00eemp\u0103rat, \u00een acela\u015fi an \u00eencep\u00e2nd, \u00een apropierea locului \u00een care s-a produs minunea, cu multe eforturi financiare, construc\u0163ia Bisericii Izvorul T\u0103m\u0103duirii, care se reg\u0103se\u015fte \u015fi ast\u0103zi la Istanbul, \u00een forma ei restaurat\u0103, \u00eempreun\u0103 cu ceea ce se crede a fi izvorul aduc\u0103tor de minuni.<\/p>\n<p>Astfel Biserica \u201eIzvorul t\u0103m\u0103duirii\u201d a devenit loc de manifestare a milostivirii Maicii Domnului fa\u0163\u0103 de cei afla\u0163i \u00een suferin\u0163\u0103.<\/p>\n<p>Tot tradi\u0163ia arat\u0103 c\u0103, mai t\u00e2rziu, \u00eemp\u0103ratul Justinian (527-565), care suferea de o boal\u0103 grea, s-a vindecat dup\u0103 ce a b\u0103ut ap\u0103 din acest izvor, iar \u00een semn de mul\u0163umire, acesta a construit o biseric\u0103 \u015fi mai mare, care \u00een anul \u00een anul 1435 a fost distrus\u0103 de turci.<\/p>\n<p>Se spune c\u0103 acest izvor a \u00eenviat un cor\u0103bier din Tesalia care \u015fi-a dat ob\u015ftescul sf\u00e2r\u015fit pe mare. Acesta apucase s\u0103-i roage pe colegii lui s\u0103-l \u00eengroape la biserica Izvorului, iar ace\u015ftia conform\u00e2ndu-se acestei dorin\u0163e, au turnat peste corpul f\u0103r\u0103 via\u0163\u0103 trei ciuturi de apa, aduc\u00e2nd \u00eenvierea lui.<\/p>\n<p>\u00centr-un alt moment se spune c\u0103 biserica de la Izvor, fiind afectat\u0103 de cutremure, era \u00een pericol de pr\u0103bu\u015fire, dar o minune a Maicii Domnului a f\u0103cut ca biserica s\u0103 fie sprijinit\u0103, p\u00e2n\u0103 ce to\u0163i credicio\u015fii afla\u0163i aici s-au pus la ad\u0103post.<\/p>\n<p>Exist\u0103 m\u0103rturii privind nenum\u0103rate alte minuni \u00eenf\u0103ptuite aici: vindecarea \u00eemp\u0103ratului Leon In\u0163eleptul de pietre la rinichi, vindecarea de friguri a so\u0163iei acestuia, Teofana, vindecarea de surzenie a patriarhului Ioan al Ierusalimului.<\/p>\n<p>Este interesant c\u0103, \u00een iconografie, \u00een ilustrarea praznicului Izvorului T\u0103m\u0103duirii, Maica Domnului \u015fi Hristos sunt prezenta\u0163i \u00eentr-o cristelni\u0163\u0103, Fecioara Maria fiind reprezentat\u0103 cu m\u00e2inile \u00een\u0103l\u0163ate \u00een semn de rug\u0103ciune, iar Iisus este imaginat binecuv\u00e2nt\u00e2nd ca r\u0103spuns al rug\u0103ciunilor maicii Sale, \u00een timp ce din vasul Tainei Botezului este figurat izvorul care are menirea de t\u0103maduire a trupului \u015fi sufletului.<\/p>\n<p>S\u0103rb\u0103toarea Izvorului T\u0103m\u0103duirii, care mai este numit\u0103 \u015fi Vinerea Luminat\u0103, iar popular \u2013 F\u00e2nt\u00e2ni\u0163a sau Vinerea Scump\u0103 \u2013 este \u00eenso\u0163it\u0103 la rom\u00e2ni de nenum\u0103rate tradi\u0163ii \u015fi obiceiuri.<\/p>\n<p>Una din tradi\u0163ii arat\u0103 c\u0103 \u00een aceast\u0103 zi, dup\u0103 sfin\u0163irea la biseric\u0103 a Aghiazmei mici, preo\u0163ii \u00eei stropesc cu apa sfin\u0163it\u0103 pe credincio\u015fi c\u00e2nt\u00e2nd troparul: \u201eM\u00e2ntuie\u015fte, Doamne, poporul T\u0103u, \u015fi binecuv\u00e2nteaz\u0103 mo\u015ftenirea Ta, biruin\u0163a binecredincio\u015filor cre\u015ftini asupra celui potrivnic d\u0103ruie\u015fte, \u015fi cu crucea Ta, p\u0103ze\u015fte pe poporul T\u0103u\u201d, ceea ce \u00een credin\u0163a popular\u0103 \u00eenseamn\u0103 purificare \u015fi alungarea energiilor negative.<\/p>\n<p>\u00cen unele regiuni, preotul merge pe la gospod\u0103riile credincio\u015filor pentru a le sfin\u0163i cu aceast\u0103 ap\u0103.<\/p>\n<p>Agheazma sfin\u0163it\u0103 de Izvorul T\u0103m\u0103duirii se p\u0103streaz\u0103 peste an, exist\u00e2nd credin\u0163a c\u0103 \u00een caz de boli sau necazuri, aceasta poate fi b\u0103ut\u0103, spre a aduce alinare \u015fi noroc.<\/p>\n<p>\u00cen unele zone, \u00eenc\u0103 din diminea\u0163a acestei zile, credincio\u015fii se spal\u0103 cu rou\u0103 \u0219i beau Agheasm\u0103 pentru a se feri de boli \u0219i pentru a se vindeca.<\/p>\n<p>\u00cen orice caz, \u00een aceast\u0103 zi nu se lucreaz\u0103, nu se spal\u0103, nu se calc\u0103 \u015fi nu se coase.<\/p>\n<p>Se spune c\u0103 cine respect\u0103 acest obicei, are un loc asigurat \u00een Rai, iar cine \u00eel \u00eencalc\u0103 este lovit de o boal\u0103 din care nu \u00ee\u0219i mai revine.<\/p>\n<p>\u00cen Cri\u015fana, \u00een ziua praznicului Izvorului T\u0103m\u0103duirii, preo\u0163ii obi\u015fnuiesc s\u0103 sfin\u0163easc\u0103 toate izvoarele din regiune, exist\u00e2nd credin\u0163a c\u0103 astfel alung\u0103 spiritele rele \u015fi p\u0103streaz\u0103 apele pure \u015fi t\u0103m\u0103duitoare.<\/p>\n<p>\u00cen alte zone din \u0163ar\u0103, exist\u0103 obiceiul de cur\u0103\u0163ire a f\u00e2nt\u00e2nilor, aceasta \u00eensemn\u00e2nd c\u0103 apa se va g\u0103si din bel\u015fug \u00een tot timpul anului.<\/p>\n<p>\u00cen zonele rurale, oamenii obi\u015fnuiesc \u00een aceast\u0103 zi s\u0103 \u00ee\u015fi ude vitele cu ap\u0103 sfin\u0163it\u0103\u00a0 pentru a fi s\u0103n\u0103toase \u015fi de asemenea, s\u0103 stropeasc\u0103 viile \u015fi recoltele, pentru a fi roditoare peste an.<\/p>\n<p>De asemenea, se spune c\u0103 \u00een aceast\u0103 zi \u201ese d\u0103 cep tuturor apelor\u201d, astfel \u00eenc\u00e2t s\u0103 \u00ee\u015fi ast\u00e2mpere setea to\u0163i cei care nu au avut parte de ap\u0103, pe p\u0103m\u00e2nt sau \u00een ceruri.<\/p>\n<p>\u00cen unele zone din Moldova, credincio\u015fii merg la mormintele celor dragi trecu\u0163i \u00een ceruri, cu ou\u0103 \u015fi cozonaci, \u015fi acolo se s\u0103v\u00e2r\u015fe\u015fte o mic\u0103 slujb\u0103 \u00een amintirea acestora.<\/p>\n<\/div>\n<p>[analyse_source url=&#8221;https:\/\/ortodoxinfo.ro\/2026\/04\/17\/izvorul-tamaduirii-sarbatoarea-care-aminteste-de-una-dintre-minunile-maicii-domnului\/&#8221;]<\/p>\n","protected":false},"excerpt":{"rendered":"<p>[analyse_image type=&#8221;featured&#8221; src=&#8221;https:\/\/ortodoxinfo.ro\/wp-content\/uploads\/2017\/04\/Izvorul-Tamaduirii.jpg&#8221;] Izvorul T\u0103m\u0103duirii, s\u0103rb\u0103toarea care aminte\u0219te de una dintre minunile Maicii Domnului 17 aprilie 2026Sfin\u021bi \u0219i s\u0103rb\u0103tori3.5k vizualiz\u0103ri Comentarii Share 8 Min Read SHARE \u00cen vinerea din S\u0103pt\u0103m\u00e2na Luminat\u0103, cre\u0219tinii ortodoc\u0219i s\u0103rb\u0103toresc Izvorul T\u0103m\u0103duirii,care aminte\u0219te de una dintre minunile Maicii Domnului. \u203c\ufe0f\u203c\ufe0f NU recunoa\u0219tem ca pre\u0219edinte al Rom\u00e2niei pe marioneta retard\u0103 Nicu\u0219or Dan! [&hellip;]<\/p>\n","protected":false},"author":1,"featured_media":0,"comment_status":"open","ping_status":"","sticky":false,"template":"","format":"standard","meta":{"footnotes":""},"categories":[89],"tags":[226,94],"class_list":["post-1888862","post","type-post","status-publish","format-standard","hentry","category-romania","tag-crawlmanager","tag-ortodoxinfo-ro"],"_links":{"self":[{"href":"https:\/\/analyse.optim.biz\/index.php?rest_route=\/wp\/v2\/posts\/1888862","targetHints":{"allow":["GET"]}}],"collection":[{"href":"https:\/\/analyse.optim.biz\/index.php?rest_route=\/wp\/v2\/posts"}],"about":[{"href":"https:\/\/analyse.optim.biz\/index.php?rest_route=\/wp\/v2\/types\/post"}],"author":[{"embeddable":true,"href":"https:\/\/analyse.optim.biz\/index.php?rest_route=\/wp\/v2\/users\/1"}],"replies":[{"embeddable":true,"href":"https:\/\/analyse.optim.biz\/index.php?rest_route=%2Fwp%2Fv2%2Fcomments&post=1888862"}],"version-history":[{"count":0,"href":"https:\/\/analyse.optim.biz\/index.php?rest_route=\/wp\/v2\/posts\/1888862\/revisions"}],"wp:attachment":[{"href":"https:\/\/analyse.optim.biz\/index.php?rest_route=%2Fwp%2Fv2%2Fmedia&parent=1888862"}],"wp:term":[{"taxonomy":"category","embeddable":true,"href":"https:\/\/analyse.optim.biz\/index.php?rest_route=%2Fwp%2Fv2%2Fcategories&post=1888862"},{"taxonomy":"post_tag","embeddable":true,"href":"https:\/\/analyse.optim.biz\/index.php?rest_route=%2Fwp%2Fv2%2Ftags&post=1888862"}],"curies":[{"name":"wp","href":"https:\/\/api.w.org\/{rel}","templated":true}]}}