{"id":1888860,"date":"2026-04-16T21:03:43","date_gmt":"2026-04-16T18:03:43","guid":{"rendered":"https:\/\/analyse.optim.biz\/?p=1888860"},"modified":"2026-04-16T21:03:43","modified_gmt":"2026-04-16T18:03:43","slug":"legea-jegului-vexler-da-jos-bustul-marelui-roman-octavian-goga-din-iasi-la-cererea-unui-ong-din-arad","status":"publish","type":"post","link":"https:\/\/analyse.optim.biz\/?p=1888860","title":{"rendered":"Legea jegului Vexler d\u0103 jos bustul marelui rom\u00e2n Octavian Goga din Ia\u0219i la cererea unui ONG din Arad"},"content":{"rendered":"<p>[analyse_image type=&#8221;featured&#8221; src=&#8221;https:\/\/ortodoxinfo.ro\/wp-content\/uploads\/2026\/04\/FB_IMG_1776365938893.jpg&#8221;]<\/p>\n<article id=\"post-221794\" class=\"post-221794 post type-post status-publish format-standard has-post-thumbnail category-asasinii-tarii\">\n<header class=\"single-header\">\n<h1 class=\"s-title fw-headline\">Legea jegului Vexler d\u0103 jos bustul marelui rom\u00e2n Octavian Goga din Ia\u0219i la cererea unui ONG din Arad<\/h1>\n<div class=\"single-meta meta-s-default yes-0\">\n<div class=\"smeta-in\"><a class=\"meta-el meta-avatar\" href=\"https:\/\/ortodoxinfo.ro\/author\/redactor\/\"><img loading=\"lazy\" decoding=\"async\" alt=\"OrtodoxINFO\" src=\"https:\/\/secure.gravatar.com\/avatar\/21010332354a182ce4de6016685c5586f21c51866d0ec5bc8ef383240b3c3e02?s=120&amp;r=g\" class=\"avatar avatar-120 photo\" height=\"120\" width=\"120\"><\/a><\/p>\n<div class=\"smeta-sec\">\n<div class=\"p-meta\">\n<div class=\"meta-inner is-meta\"><span class=\"meta-el meta-date\"><time datetime=\"2026-04-17T00:03:43+03:00\">17 aprilie 2026<\/time><\/span><span class=\"meta-el meta-category meta-bold\"><a class=\"meta-separate category-19885\" href=\"https:\/\/ortodoxinfo.ro\/category\/anti-sistem\/anti-romanism\/asasinii-tarii\/\">Asasinii \u021b\u0103rii<\/a><\/span><span class=\"meta-el meta-view\">9.1k vizualiz\u0103ri\t\t<\/span><span class=\"meta-el meta-comment mobile-last-meta tablet-last-meta\"><a href=\"https:\/\/ortodoxinfo.ro\/2026\/04\/16\/legea-jegului-vexler-da-jos-bustul-marelui-roman-octavian-goga-din-iasi-la-cererea-unui-ong-din-arad\/#respond\">Comentarii<\/a><\/span><\/div>\n<\/div>\n<\/div>\n<\/div>\n<div class=\"smeta-extra\">\n<div class=\"t-shared-sec tooltips-n has-read-meta is-color\">\n<div class=\"t-shared-header is-meta\"><span class=\"share-label\">Share<\/span><\/div>\n<\/div>\n<div class=\"single-right-meta single-time-read is-meta\"><span class=\"meta-el meta-read\">3 Min Read<\/span><\/div>\n<\/div>\n<\/div>\n<\/header>\n<div class=\"grid-container\">\n<div class=\"s-ct\">\n<div class=\"s-feat-outer\">\n<div class=\"s-feat\">\n<div class=\"featured-lightbox-trigger\" data-source=\"https:\/\/ortodoxinfo.ro\/wp-content\/uploads\/2026\/04\/FB_IMG_1776365938893.jpg\" data-caption data-attribution><img fetchpriority=\"high\" decoding=\"async\" width=\"860\" height=\"1075\" src=\"https:\/\/ortodoxinfo.ro\/wp-content\/uploads\/2026\/04\/FB_IMG_1776365938893-860x1075.jpg\" class=\"attachment-foxiz_crop_o1 size-foxiz_crop_o1 wp-post-image\" alt loading=\"eager\"><\/div>\n<\/div>\n<\/div>\n<div class=\"s-ct-wrap has-lsl\">\n<div class=\"s-ct-inner\">\n<div class=\"l-shared-sec-outer show-mobile\">\n<div class=\"l-shared-sec\">\n<div class=\"l-shared-header meta-text\"><span class=\"share-label\">SHARE<\/span><\/div>\n<\/div>\n<\/div>\n<div class=\"e-ct-outer\">\n<div class=\"entry-content rbct clearfix is-highlight-shares\">\n<p>Ora\u0219ul condus politic de Pnl, prin primar, prefect \u0219i consiliu jude\u021bean, are ca \u0219ef de organiza\u021bie pe unul din fra\u021bii Muraru, cunoscu\u021bi pentru intransigen\u021ba fa\u021b\u0103 de istoria interbelic\u0103 a Rom\u00e2niei. (Unul a fost ambasador \u00een SUA, altul consilier al lui Iohannis la Cotroceni.) Fosta capital\u0103 a Moldovei urmeaz\u0103 \u201ecalea luminoas\u0103\u201d a lui Ilie Bolojaf, care alerga statuile de mari rom\u00e2ni prin Oradea.<\/p>\n<div class=\"inline-single-ad ad_single_index alignfull\">\n<div class=\"ad-wrap ad-script-wrap\">\n<div class=\"ad-script non-adsense edge-padding\">\n<div>\n\u203c\ufe0f\u203c\ufe0f NU recunoa\u0219tem ca pre\u0219edinte al Rom\u00e2niei pe marioneta retard\u0103 Nicu\u0219or Dan! Rom\u00e2ni, boicota\u021bi aceast\u0103 f\u0103c\u0103tur\u0103, care ne face \u021bara de r\u00e2s! NU rom\u00e2nii l-au votat pe Nicusoro\u0219 &#8211; cu unele excep\u021bii de persoane infantile, manipulabile \u0219i chiar idioate &#8211; ci l-au ajutat Maia Soro\u0219, Emanuel Macrou \u0219i tr\u0103d\u0103torii de la B.E.C. \u0219i CCR!<br \/>\n La \u00eenchisoare cu cei care au fraudat alegerile!\n<\/div>\n<\/div>\n<\/div>\n<\/div>\n<p>Pas cu pas, vorba c\u0103r\u021bii lui Iohannis, se va ajunge \u0219i la Eminescu, iar noi vom ridica din umeri c\u00e2nd \u00een fa\u021ba Ateneului va r\u0103m\u00e2ne doar gazonul. \u00cenc\u0103 o dat\u0103 se dovedesc mincino\u0219i, cei care spuneau c\u0103 legile cenzurii nu epureaz\u0103 cultura na\u021bional\u0103, c\u0103 gestul ruperii colajului cu portrete de mari creatori a fost doar un accident.<\/p>\n<p>Cererea de eliminare a lui Goga a fost aprobat\u0103 \u0219i de prefectur\u0103, potrivit prevederii c\u0103 nu pot fi omagia\u021bi cei care au condus organiza\u021bii fasciste sau antisemite. Dup\u0103 acest criteriu, toate statuile \u0219i numele de str\u0103zi cu Nicolae Iorga vor fi \u0219i ele eliminate. Ve\u021bi spune c\u0103 va fi cru\u021bat pentru c\u0103 a fost asasinat de un legionar, dar nici principiul \u0103sta nu a func\u021bionat. Sunt destui uci\u0219i de comuni\u0219ti sau de dictatori de dreapta cum era Carol al II-lea, pe care cenzorii istoriei \u00eei vor pedepsi\u021bi a doua oar\u0103.<\/p>\n<p><img loading=\"lazy\" decoding=\"async\" class=\"aligncenter size-large wp-image-221799\" src=\"https:\/\/ortodoxinfo.ro\/wp-content\/uploads\/2026\/04\/FB_IMG_1776365944174-1024x694.jpg\" alt width=\"1024\" height=\"694\"><\/p>\n<p>Fotografia e cum nu se poate mai gr\u0103itoare. Autoritatea statului frumos \u00eembr\u0103cat\u0103 \u0219i \u00eembotni\u021bat\u0103, s\u0103 nu r\u0103ceasc\u0103 de la poetul unionist sau de la coroane. Ar fi chiar nimerit s\u0103 fie \u021binu\u021bi la post s\u0103 p\u0103zeasc\u0103 mai departe soclul, b\u0103ncile \u0219i steagul UE.<\/p>\n<p>Bustul fusese ridicat \u00een 1991 \u0219i renovat \u00een 2001. \u00cenainte de a fi dus \u00eentr-un loc necunoscut, fusese vandalizat cu un afi\u0219, \u00een care cineva scrisese c\u0103 a fost antisemit. E posibil ca afi\u0219ul s\u0103 fi fost lipit chiar de cel care \u00eel postase pe Facebook, Adrian Ciofl\u00e2nc\u0103. Acesta a fost bursier \u201eTziporah Wiesel\u201d la Muzeul Holocaustului din Washington. Iar apoi, a f\u0103cut parte at\u00e2t din Comisia Wiesel (transformat\u0103 \u00een institul ata\u0219at Secretariatului General al Guvernului), c\u00e2t \u0219i din Comisia Tism\u0103neanu, care a evaluat impactul comunismului \u00een Rom\u00e2nia, sub conducerea unui fost comunist, fiul \u0219efului Propagandei Leon Tismeni\u021bki.<\/p>\n<p>Aceasta e lumea absurd\u0103 \u00een care tr\u0103im. Poe\u021bii no\u0219tri sunt v\u00e2na\u021bi post-mortem, pentru a fi \u0219ter\u0219i din memoria colectiv\u0103. Dar aceia\u0219i politicieni alearg\u0103 s\u0103 se gudure pe l\u00e2ng\u0103 cei care \u00een clipa de fa\u021b\u0103 ucid zeci de mii de copii \u0219i adul\u021bi. E valabil at\u00e2t pentru putere, c\u00e2t \u0219i pentru opozi\u021bie.<\/p>\n<p>No gata ! No hai ! Desteapta\u021bi-v\u0103 Rom\u00e2ni !<\/p>\n<\/div>\n<\/div>\n<\/div>\n<div class=\"e-shared-sec entry-sec\">\n<div class=\"e-shared-header h4\"><span>Distribuie<\/span><\/div>\n<div class=\"rbbsl tooltips-n effect-fadeout is-bg\"><a class=\"share-action share-trigger icon-facebook\" aria-label=\"Share on Facebook\" href=\"https:\/\/www.facebook.com\/sharer.php?u=https%3A%2F%2Fortodoxinfo.ro%2F2026%2F04%2F16%2Flegea-jegului-vexler-da-jos-bustul-marelui-roman-octavian-goga-din-iasi-la-cererea-unui-ong-din-arad%2F\" data-title=\"Facebook\" rel=\"nofollow\"><span>Facebook<\/span><\/a><a class=\"share-action share-trigger icon-twitter\" aria-label=\"Share on X\" href=\"https:\/\/twitter.com\/intent\/tweet?text=Legea+jegului+Vexler+d%C4%83+jos+bustul+marelui+rom%C3%A2n+Octavian+Goga+din+Ia%C8%99i+la+cererea+unui+ONG+din+Arad&amp;url=https%3A%2F%2Fortodoxinfo.ro%2F2026%2F04%2F16%2Flegea-jegului-vexler-da-jos-bustul-marelui-roman-octavian-goga-din-iasi-la-cererea-unui-ong-din-arad%2F&amp;via=ortodoxinforo\" data-title=\"X\" rel=\"nofollow\"><span>X<\/span><\/a><a class=\"share-action icon-whatsapp is-web\" aria-label=\"Share on Whatsapp\" href=\"https:\/\/web.whatsapp.com\/send?text=Legea+jegului+Vexler+d%C4%83+jos+bustul+marelui+rom%C3%A2n+Octavian+Goga+din+Ia%C8%99i+la+cererea+unui+ONG+din+Arad%20%E2%98%9E%20https%3A%2F%2Fortodoxinfo.ro%2F2026%2F04%2F16%2Flegea-jegului-vexler-da-jos-bustul-marelui-roman-octavian-goga-din-iasi-la-cererea-unui-ong-din-arad%2F\" target=\"_blank\" data-title=\"WhatsApp\" rel=\"nofollow\"><span>Whatsapp<\/span><\/a><a class=\"share-action icon-whatsapp is-mobile\" aria-label=\"Share on Whatsapp\" href=\"\/\/send?text=Legea+jegului+Vexler+d%C4%83+jos+bustul+marelui+rom%C3%A2n+Octavian+Goga+din+Ia%C8%99i+la+cererea+unui+ONG+din+Arad%20%E2%98%9E%20https%3A%2F%2Fortodoxinfo.ro%2F2026%2F04%2F16%2Flegea-jegului-vexler-da-jos-bustul-marelui-roman-octavian-goga-din-iasi-la-cererea-unui-ong-din-arad%2F\" target=\"_blank\" data-title=\"WhatsApp\" rel=\"nofollow\"><span>Whatsapp<\/span><\/a><a class=\"share-action share-trigger icon-telegram\" aria-label=\"Share on Telegram\" href=\"https:\/\/t.me\/share\/?url=https%3A%2F%2Fortodoxinfo.ro%2F2026%2F04%2F16%2Flegea-jegului-vexler-da-jos-bustul-marelui-roman-octavian-goga-din-iasi-la-cererea-unui-ong-din-arad%2F&amp;text=Legea+jegului+Vexler+d%C4%83+jos+bustul+marelui+rom%C3%A2n+Octavian+Goga+din+Ia%C8%99i+la+cererea+unui+ONG+din+Arad\" data-title=\"Telegram\" rel=\"nofollow\"><span>Telegram<\/span><\/a><a class=\"share-action icon-copy copy-trigger\" aria-label=\"Copy Link\" href=\"https:\/\/ortodoxinfo.ro\/2026\/04\/16\/legea-jegului-vexler-da-jos-bustul-marelui-roman-octavian-goga-din-iasi-la-cererea-unui-ong-din-arad\/\" data-copied=\"Copied!\" data-link=\"https:\/\/ortodoxinfo.ro\/2026\/04\/16\/legea-jegului-vexler-da-jos-bustul-marelui-roman-octavian-goga-din-iasi-la-cererea-unui-ong-din-arad\/\" rel=\"nofollow\" data-copy=\"Copy Link\"><span>Copy Link<\/span><\/a><a class=\"share-action icon-print\" aria-label=\"Print\" rel=\"nofollow\" data-title=\"Print\"><span>Print<\/span><\/a><\/div>\n<\/div>\n<\/div>\n<div id=\"tabs\" class=\"dntplgn_form_wrapper\"><span><\/p>\n<h2>\u0218tirile sunt sub cenzur\u0103! Sprijini\u021bi OrtodoxINFO!<\/h2>\n<p>Guvernul nu dore\u0219te aflarea adev\u0103rului despre lovitura de stat \u0219i \u00eengenuncherea Rom\u00e2niei. \u00cencerc\u0103m s\u0103 men\u021binem viu acest site \u0219i s\u0103 v\u0103 punem la dispozi\u021bie informa\u021bii care s\u0103 fac\u0103 lumin\u0103 \u00een cea mai mare provocare pe care o tr\u0103im. Jurnalismul independent al portalului OrtodoxINFO func\u021bioneaz\u0103 strict cu ajutorul cititorilor.<br \/>\nNe pute\u021bi sprijini printr-o <b><a href=\"https:\/\/ortodoxinfo.ro\/donatii\/\">dona\u021bie bancar\u0103<\/a> sau prin PayPal, complet\u00e2nd formularul de mai jos.<\/b><\/span><\/p>\n<ul>\n<li><a href=\"https:\/\/ortodoxinfo.ro\/2026\/04\/16\/legea-jegului-vexler-da-jos-bustul-marelui-roman-octavian-goga-din-iasi-la-cererea-unui-ong-din-arad\/#tabs-1\">Dona\u021bie lunar\u0103<\/a><\/li>\n<li><a href=\"https:\/\/ortodoxinfo.ro\/2026\/04\/16\/legea-jegului-vexler-da-jos-bustul-marelui-roman-octavian-goga-din-iasi-la-cererea-unui-ong-din-arad\/#tabs-2\">Doar acum<\/a><\/li>\n<\/ul>\n<div id=\"tabs-1\"><img loading=\"lazy\" decoding=\"async\" alt border=\"0\" src=\"https:\/\/www.paypalobjects.com\/en_US\/i\/scr\/pixel.gif\" width=\"1\" height=\"1\"><\/div>\n<div id=\"tabs-2\">\n<p>\t\t     \u20ac<\/p>\n<p>\t\t    <img loading=\"lazy\" decoding=\"async\" alt border=\"0\" src=\"https:\/\/www.paypalobjects.com\/en_US\/i\/scr\/pixel.gif\" width=\"1\" height=\"1\"><\/div>\n<p>Mul\u021bumim celor care ne-au ajutat p\u00e2n\u0103 acum!\n\t<\/p><\/div>\n<div class=\"comment-box-wrap entry-sec\">\n<div class=\"comment-box-header\"><span class=\"h3\">Las\u0103 un comentariu<\/span><\/div>\n<div class=\"comment-holder no-comment\">\n<div id=\"comments\" class=\"comments-area\">\n<div id=\"respond\" class=\"comment-respond\">\n<h3 id=\"reply-title\" class=\"comment-reply-title\">Las\u0103 un r\u0103spuns <small><a rel=\"nofollow\" id=\"cancel-comment-reply-link\" href=\"https:\/\/ortodoxinfo.ro\/2026\/04\/16\/legea-jegului-vexler-da-jos-bustul-marelui-roman-octavian-goga-din-iasi-la-cererea-unui-ong-din-arad\/#respond\">Anuleaz\u0103 r\u0103spunsul<\/a><\/small><\/h3>\n<p class=\"comment-notes\"><span id=\"email-notes\">Adresa ta de email nu va fi publicat\u0103.<\/span><span class=\"required-field-message\">C\u00e2mpurile obligatorii sunt marcate cu <span class=\"required\">*<\/span><\/span><\/p>\n<\/div>\n<\/div>\n<\/div>\n<\/div>\n<\/div>\n<div class=\"sidebar-wrap single-sidebar\">\n<div class=\"sidebar-inner clearfix\">\n<div id=\"widget-post-2\" class=\"widget rb-section w-sidebar clearfix widget-post\">\n<div class=\"block-h widget-heading heading-layout-1\">\n<div class=\"heading-inner\">\n<h4 class=\"heading-title\"><span>Articole recente<\/span><\/h4>\n<\/div>\n<\/div>\n<div class=\"widget-p-listing\">\n<div class=\"p-wrap p-small p-list-small-2\" data-pid=\"221918\">\n<div class=\"feat-holder\">\n<div class=\"p-featured ratio-v1\"><a class=\"p-flink\" href=\"https:\/\/ortodoxinfo.ro\/2026\/04\/17\/analiza-germania-si-ambitiile-militare-imposibile-intre-miliarde-cheltuite-si-o-armata-care-nu-functioneaza\/\" title=\"ANALIZ\u0102: Germania \u0219i ambi\u021biile militare imposibile, \u00eentre miliarde cheltuite \u0219i o armat\u0103 care nu func\u021bioneaz\u0103\"><img decoding=\"async\" width=\"150\" height=\"150\" src=\"https:\/\/ortodoxinfo.ro\/wp-content\/uploads\/2026\/04\/GRUMAZ.webp-150x150.webp\" class=\"featured-img wp-post-image\" alt loading=\"lazy\"><\/a><\/div>\n<\/div>\n<div class=\"p-content\">\n<h5 class=\"entry-title\"><a class=\"p-url\" href=\"https:\/\/ortodoxinfo.ro\/2026\/04\/17\/analiza-germania-si-ambitiile-militare-imposibile-intre-miliarde-cheltuite-si-o-armata-care-nu-functioneaza\/\" rel=\"bookmark\">ANALIZ\u0102: Germania \u0219i ambi\u021biile militare imposibile, \u00eentre miliarde cheltuite \u0219i o armat\u0103 care nu func\u021bioneaz\u0103<\/a><\/h5>\n<div class=\"p-meta\">\n<div class=\"meta-inner is-meta\"><span class=\"meta-el meta-date\"><time datetime=\"2026-04-17T14:05:09+03:00\">17 aprilie 2026<\/time><\/span><span class=\"meta-el meta-category meta-bold\"><a class=\"meta-separate category-1538\" href=\"https:\/\/ortodoxinfo.ro\/category\/anti-sistem\/uniunea-europeana\/\">Uniunea european\u0103<\/a><\/span><span class=\"meta-el meta-view\">3.7k vizualiz\u0103ri\t\t<\/span><\/div>\n<\/div>\n<\/div>\n<\/div>\n<div class=\"p-wrap p-small p-list-small-2\" data-pid=\"221879\">\n<div class=\"feat-holder\">\n<div class=\"p-featured ratio-v1\"><a class=\"p-flink\" href=\"https:\/\/ortodoxinfo.ro\/2026\/04\/17\/izvorul-tamaduirii-sarbatoarea-care-aminteste-de-una-dintre-minunile-maicii-domnului\/\" title=\"Izvorul T\u0103m\u0103duirii, s\u0103rb\u0103toarea care aminte\u0219te de una dintre minunile Maicii Domnului\"><img decoding=\"async\" width=\"150\" height=\"150\" src=\"https:\/\/ortodoxinfo.ro\/wp-content\/uploads\/2017\/04\/Izvorul-Tamaduirii-150x150.jpg\" class=\"featured-img wp-post-image\" alt loading=\"lazy\"><\/a><\/div>\n<\/div>\n<div class=\"p-content\">\n<h5 class=\"entry-title\"><a class=\"p-url\" href=\"https:\/\/ortodoxinfo.ro\/2026\/04\/17\/izvorul-tamaduirii-sarbatoarea-care-aminteste-de-una-dintre-minunile-maicii-domnului\/\" rel=\"bookmark\">Izvorul T\u0103m\u0103duirii, s\u0103rb\u0103toarea care aminte\u0219te de una dintre minunile Maicii Domnului<\/a><\/h5>\n<div class=\"p-meta\">\n<div class=\"meta-inner is-meta\"><span class=\"meta-el meta-date\"><time datetime=\"2026-04-17T11:10:13+03:00\">17 aprilie 2026<\/time><\/span><span class=\"meta-el meta-category meta-bold\"><a class=\"meta-separate category-1858\" href=\"https:\/\/ortodoxinfo.ro\/category\/credinta-ortodoxa\/sfinti-si-sarbatori\/\">Sfin\u021bi \u0219i s\u0103rb\u0103tori<\/a><\/span><span class=\"meta-el meta-view\">3.5k vizualiz\u0103ri\t\t<\/span><\/div>\n<\/div>\n<\/div>\n<\/div>\n<div class=\"p-wrap p-small p-list-small-2\" data-pid=\"221772\">\n<div class=\"feat-holder\">\n<div class=\"p-featured ratio-v1\"><a class=\"p-flink\" href=\"https:\/\/ortodoxinfo.ro\/2026\/04\/16\/calin-georgescu-propune-un-guvern-de-reconciliere-nationala-format-din-psd-aur-si-pnl\/\" title=\"C\u0103lin Georgescu propune un guvern de \u201ereconciliere na\u021bional\u0103\u201d format din PSD, AUR si PNL\"><img decoding=\"async\" width=\"150\" height=\"150\" src=\"https:\/\/ortodoxinfo.ro\/wp-content\/uploads\/2026\/04\/https___www.gandul.ro__wp-content_uploads_2025_10_profimedia-1036173529-1280x853-1-150x150.webp\" class=\"featured-img wp-post-image\" alt loading=\"lazy\"><\/a><\/div>\n<\/div>\n<div class=\"p-content\">\n<h5 class=\"entry-title\"><a class=\"p-url\" href=\"https:\/\/ortodoxinfo.ro\/2026\/04\/16\/calin-georgescu-propune-un-guvern-de-reconciliere-nationala-format-din-psd-aur-si-pnl\/\" rel=\"bookmark\">C\u0103lin Georgescu propune un guvern de \u201ereconciliere na\u021bional\u0103\u201d format din PSD, AUR si PNL<\/a><\/h5>\n<div class=\"p-meta\">\n<div class=\"meta-inner is-meta\"><span class=\"meta-el meta-date\"><time datetime=\"2026-04-16T21:29:30+03:00\">16 aprilie 2026<\/time><\/span><span class=\"meta-el meta-category meta-bold\"><a class=\"meta-separate category-19866\" href=\"https:\/\/ortodoxinfo.ro\/category\/lupta-pentru-romania\/\">Lupt\u0103 pentru Rom\u00e2nia<\/a><\/span><span class=\"meta-el meta-view\">11.6k vizualiz\u0103ri\t\t<\/span><\/div>\n<\/div>\n<\/div>\n<\/div>\n<div class=\"p-wrap p-small p-list-small-2\" data-pid=\"221658\">\n<div class=\"feat-holder\">\n<div class=\"p-featured ratio-v1\"><a class=\"p-flink\" href=\"https:\/\/ortodoxinfo.ro\/2026\/04\/16\/usa-today-sua-pregateste-invazia-in-cuba-unde-il-va-pune-presedinte-pe-marco-rubio\/\" title=\"Trump nu se opre\u0219te: SUA preg\u0103te\u0219te invazia in Cuba unde \u00eel va pune pre\u0219edinte pe Marco Rubio\"><img decoding=\"async\" width=\"150\" height=\"150\" src=\"https:\/\/ortodoxinfo.ro\/wp-content\/uploads\/2026\/04\/usa-today-sua-preg-te-te-invazia-in-cuba-unde-l-va-pune-pre-edinte-pe-marco-rubio-main.webp-150x150.webp\" class=\"featured-img wp-post-image\" alt loading=\"lazy\"><\/a><\/div>\n<\/div>\n<div class=\"p-content\">\n<h5 class=\"entry-title\"><a class=\"p-url\" href=\"https:\/\/ortodoxinfo.ro\/2026\/04\/16\/usa-today-sua-pregateste-invazia-in-cuba-unde-il-va-pune-presedinte-pe-marco-rubio\/\" rel=\"bookmark\">Trump nu se opre\u0219te: SUA preg\u0103te\u0219te invazia in Cuba unde \u00eel va pune pre\u0219edinte pe Marco Rubio<\/a><\/h5>\n<div class=\"p-meta\">\n<div class=\"meta-inner is-meta\"><span class=\"meta-el meta-date\"><time datetime=\"2026-04-16T15:24:30+03:00\">16 aprilie 2026<\/time><\/span><span class=\"meta-el meta-category meta-bold\"><a class=\"meta-separate category-585\" href=\"https:\/\/ortodoxinfo.ro\/category\/stiri\/externe\/\">Externe<\/a><\/span><span class=\"meta-el meta-view\">10.3k vizualiz\u0103ri\t\t<\/span><\/div>\n<\/div>\n<\/div>\n<\/div>\n<\/div>\n<\/div>\n<div id=\"custom_html-2\" class=\"widget_text widget rb-section w-sidebar clearfix widget_custom_html\">\n<div class=\"block-h widget-heading heading-layout-1\">\n<div class=\"heading-inner\">\n<h4 class=\"heading-title\"><span>DONA\u021aII \u00een cont bancar<\/span><\/h4>\n<\/div>\n<\/div>\n<div class=\"textwidget custom-html-widget\">\n<table class=\"donatii\">\n<tbody>\n<tr>\n<th colspan=\"2\"><strong><span>ASMIB<\/span><\/strong><\/th>\n<\/tr>\n<tr>\n<th>Cont LEI<\/th>\n<td>RO67CECEB00030RON2081955<\/td>\n<\/tr>\n<tr>\n<th>Cont EURO<\/th>\n<td>RO33CECEB000C1EUR2081978<\/td>\n<\/tr>\n<tr>\n<th>Cod SWIFT<\/th>\n<td>CECEROBU<\/td>\n<\/tr>\n<tr>\n<th colspan=\"2\"><strong>CEC BANK SA<\/strong><\/th>\n<\/tr>\n<\/tbody>\n<\/table>\n<\/div>\n<\/div>\n<\/div>\n<\/div>\n<\/div>\n<\/article>\n<div class=\"entry-content rbct clearfix is-highlight-shares\">\n<p>Ora\u0219ul condus politic de Pnl, prin primar, prefect \u0219i consiliu jude\u021bean, are ca \u0219ef de organiza\u021bie pe unul din fra\u021bii Muraru, cunoscu\u021bi pentru intransigen\u021ba fa\u021b\u0103 de istoria interbelic\u0103 a Rom\u00e2niei. (Unul a fost ambasador \u00een SUA, altul consilier al lui Iohannis la Cotroceni.) Fosta capital\u0103 a Moldovei urmeaz\u0103 \u201ecalea luminoas\u0103\u201d a lui Ilie Bolojaf, care alerga statuile de mari rom\u00e2ni prin Oradea.<\/p>\n<div class=\"inline-single-ad ad_single_index alignfull\">\n<div class=\"ad-wrap ad-script-wrap\">\n<div class=\"ad-script non-adsense edge-padding\">\n<div>\n\u203c\ufe0f\u203c\ufe0f NU recunoa\u0219tem ca pre\u0219edinte al Rom\u00e2niei pe marioneta retard\u0103 Nicu\u0219or Dan! Rom\u00e2ni, boicota\u021bi aceast\u0103 f\u0103c\u0103tur\u0103, care ne face \u021bara de r\u00e2s! NU rom\u00e2nii l-au votat pe Nicusoro\u0219 &#8211; cu unele excep\u021bii de persoane infantile, manipulabile \u0219i chiar idioate &#8211; ci l-au ajutat Maia Soro\u0219, Emanuel Macrou \u0219i tr\u0103d\u0103torii de la B.E.C. \u0219i CCR!<br \/>\n La \u00eenchisoare cu cei care au fraudat alegerile!\n<\/div>\n<\/div>\n<\/div>\n<\/div>\n<p>Pas cu pas, vorba c\u0103r\u021bii lui Iohannis, se va ajunge \u0219i la Eminescu, iar noi vom ridica din umeri c\u00e2nd \u00een fa\u021ba Ateneului va r\u0103m\u00e2ne doar gazonul. \u00cenc\u0103 o dat\u0103 se dovedesc mincino\u0219i, cei care spuneau c\u0103 legile cenzurii nu epureaz\u0103 cultura na\u021bional\u0103, c\u0103 gestul ruperii colajului cu portrete de mari creatori a fost doar un accident.<\/p>\n<p>Cererea de eliminare a lui Goga a fost aprobat\u0103 \u0219i de prefectur\u0103, potrivit prevederii c\u0103 nu pot fi omagia\u021bi cei care au condus organiza\u021bii fasciste sau antisemite. Dup\u0103 acest criteriu, toate statuile \u0219i numele de str\u0103zi cu Nicolae Iorga vor fi \u0219i ele eliminate. Ve\u021bi spune c\u0103 va fi cru\u021bat pentru c\u0103 a fost asasinat de un legionar, dar nici principiul \u0103sta nu a func\u021bionat. Sunt destui uci\u0219i de comuni\u0219ti sau de dictatori de dreapta cum era Carol al II-lea, pe care cenzorii istoriei \u00eei vor pedepsi\u021bi a doua oar\u0103.<\/p>\n<p><img loading=\"lazy\" decoding=\"async\" class=\"aligncenter size-large wp-image-221799\" src=\"https:\/\/ortodoxinfo.ro\/wp-content\/uploads\/2026\/04\/FB_IMG_1776365944174-1024x694.jpg\" alt width=\"1024\" height=\"694\"><\/p>\n<p>Fotografia e cum nu se poate mai gr\u0103itoare. Autoritatea statului frumos \u00eembr\u0103cat\u0103 \u0219i \u00eembotni\u021bat\u0103, s\u0103 nu r\u0103ceasc\u0103 de la poetul unionist sau de la coroane. Ar fi chiar nimerit s\u0103 fie \u021binu\u021bi la post s\u0103 p\u0103zeasc\u0103 mai departe soclul, b\u0103ncile \u0219i steagul UE.<\/p>\n<p>Bustul fusese ridicat \u00een 1991 \u0219i renovat \u00een 2001. \u00cenainte de a fi dus \u00eentr-un loc necunoscut, fusese vandalizat cu un afi\u0219, \u00een care cineva scrisese c\u0103 a fost antisemit. E posibil ca afi\u0219ul s\u0103 fi fost lipit chiar de cel care \u00eel postase pe Facebook, Adrian Ciofl\u00e2nc\u0103. Acesta a fost bursier \u201eTziporah Wiesel\u201d la Muzeul Holocaustului din Washington. Iar apoi, a f\u0103cut parte at\u00e2t din Comisia Wiesel (transformat\u0103 \u00een institul ata\u0219at Secretariatului General al Guvernului), c\u00e2t \u0219i din Comisia Tism\u0103neanu, care a evaluat impactul comunismului \u00een Rom\u00e2nia, sub conducerea unui fost comunist, fiul \u0219efului Propagandei Leon Tismeni\u021bki.<\/p>\n<p>Aceasta e lumea absurd\u0103 \u00een care tr\u0103im. Poe\u021bii no\u0219tri sunt v\u00e2na\u021bi post-mortem, pentru a fi \u0219ter\u0219i din memoria colectiv\u0103. Dar aceia\u0219i politicieni alearg\u0103 s\u0103 se gudure pe l\u00e2ng\u0103 cei care \u00een clipa de fa\u021b\u0103 ucid zeci de mii de copii \u0219i adul\u021bi. E valabil at\u00e2t pentru putere, c\u00e2t \u0219i pentru opozi\u021bie.<\/p>\n<p>No gata ! No hai ! Desteapta\u021bi-v\u0103 Rom\u00e2ni !<\/p>\n<\/div>\n<p>[analyse_source url=&#8221;https:\/\/ortodoxinfo.ro\/2026\/04\/16\/legea-jegului-vexler-da-jos-bustul-marelui-roman-octavian-goga-din-iasi-la-cererea-unui-ong-din-arad\/&#8221;]<\/p>\n","protected":false},"excerpt":{"rendered":"<p>[analyse_image type=&#8221;featured&#8221; src=&#8221;https:\/\/ortodoxinfo.ro\/wp-content\/uploads\/2026\/04\/FB_IMG_1776365938893.jpg&#8221;] Legea jegului Vexler d\u0103 jos bustul marelui rom\u00e2n Octavian Goga din Ia\u0219i la cererea unui ONG din Arad 17 aprilie 2026Asasinii \u021b\u0103rii9.1k vizualiz\u0103ri Comentarii Share 3 Min Read SHARE Ora\u0219ul condus politic de Pnl, prin primar, prefect \u0219i consiliu jude\u021bean, are ca \u0219ef de organiza\u021bie pe unul din fra\u021bii Muraru, cunoscu\u021bi pentru [&hellip;]<\/p>\n","protected":false},"author":1,"featured_media":0,"comment_status":"open","ping_status":"","sticky":false,"template":"","format":"standard","meta":{"footnotes":""},"categories":[89],"tags":[226,94],"class_list":["post-1888860","post","type-post","status-publish","format-standard","hentry","category-romania","tag-crawlmanager","tag-ortodoxinfo-ro"],"_links":{"self":[{"href":"https:\/\/analyse.optim.biz\/index.php?rest_route=\/wp\/v2\/posts\/1888860","targetHints":{"allow":["GET"]}}],"collection":[{"href":"https:\/\/analyse.optim.biz\/index.php?rest_route=\/wp\/v2\/posts"}],"about":[{"href":"https:\/\/analyse.optim.biz\/index.php?rest_route=\/wp\/v2\/types\/post"}],"author":[{"embeddable":true,"href":"https:\/\/analyse.optim.biz\/index.php?rest_route=\/wp\/v2\/users\/1"}],"replies":[{"embeddable":true,"href":"https:\/\/analyse.optim.biz\/index.php?rest_route=%2Fwp%2Fv2%2Fcomments&post=1888860"}],"version-history":[{"count":0,"href":"https:\/\/analyse.optim.biz\/index.php?rest_route=\/wp\/v2\/posts\/1888860\/revisions"}],"wp:attachment":[{"href":"https:\/\/analyse.optim.biz\/index.php?rest_route=%2Fwp%2Fv2%2Fmedia&parent=1888860"}],"wp:term":[{"taxonomy":"category","embeddable":true,"href":"https:\/\/analyse.optim.biz\/index.php?rest_route=%2Fwp%2Fv2%2Fcategories&post=1888860"},{"taxonomy":"post_tag","embeddable":true,"href":"https:\/\/analyse.optim.biz\/index.php?rest_route=%2Fwp%2Fv2%2Ftags&post=1888860"}],"curies":[{"name":"wp","href":"https:\/\/api.w.org\/{rel}","templated":true}]}}