{"id":1888840,"date":"2026-04-14T13:53:46","date_gmt":"2026-04-14T10:53:46","guid":{"rendered":"https:\/\/analyse.optim.biz\/?p=1888840"},"modified":"2026-04-14T13:53:46","modified_gmt":"2026-04-14T10:53:46","slug":"piata-muncii-afectata-de-criza-economica","status":"publish","type":"post","link":"https:\/\/analyse.optim.biz\/?p=1888840","title":{"rendered":"PIA\u021aA MUNCII AFECTAT\u0102 DE CRIZA ECONOMIC\u0102"},"content":{"rendered":"<p>[analyse_image type=&#8221;featured&#8221; src=&#8221;https:\/\/newss.ro\/wp-content\/uploads\/2024\/02\/oameni-multime.jpg&#8221;]<\/p>\n<div class=\"td-post-content\">\n<div class=\"td-post-featured-image\"><a href=\"https:\/\/newss.ro\/wp-content\/uploads\/2024\/02\/oameni-multime.jpg\" data-caption><img loading=\"lazy\" decoding=\"async\" width=\"696\" height=\"399\" class=\"entry-thumb td-modal-image\" src=\"https:\/\/newss.ro\/wp-content\/uploads\/2024\/02\/oameni-multime-696x399.jpg\" alt title=\"oameni multime\"><\/a><\/div>\n<p>Pia\u021ba muncii \u00eencepe s\u0103 fie afectat\u0103 direct de criza economic\u0103. \u00a0Firmele mici \u0219i mijlocii din Rom\u00e2nia reduc costurile \u0219i preg\u0103tesc concedieri. Estim\u0103rile din pia\u021b\u0103 arat\u0103 c\u0103 p\u00e2n\u0103 la 200.000 de angaja\u021bi ar putea fi afecta\u021bi anul acesta, \u00een special din micro\u00eentreprinderi, cele mai vulnerabile la sc\u0103derea consumului.<\/p>\n<p>Datele oficiale arat\u0103 sc\u0103deri semnificative la comer\u021bul cu am\u0103nuntul, cu 9,1% \u00een ianuarie \u0219i cu 7,6% \u00een februarie, iar unele firme raporteaz\u0103 sc\u0103deri reale de 20-25%<br \/>\nAsta \u00eenseamn\u0103 mai pu\u021bini bani \u00een economie \u0219i v\u00e2nz\u0103ri mai mici pentru firme.<\/p>\n<p>\u00cen Rom\u00e2nia exist\u0103 aproximativ 420.000 de micro\u00eentreprinderi, cu o medie de 5 angaja\u021bi. Pentru aceste firme, salariile sunt cel mai mare cost fix. C\u00e2nd veniturile scad, antreprenorii \u00eencearc\u0103 mai \u00eent\u00e2i s\u0103 reduc\u0103 cheltuieli, dar c\u00e2nd nu mai ajunge, ajung la concedieri sau la neprelungirea contractelor.<\/p>\n<p>\u00cen unele cazuri, firmele au redus deja personalul cu 10-12%, iar tendin\u021ba este una gradual\u0103.<\/p>\n<p>Peste 2 milioane de rom\u00e2ni lucreaz\u0103 \u00een firme mici, iar dac\u0103 acestea reduc personalul, va \u00a0sc\u0103dea consumul \u0219i mai mult, va cre\u0219te presiunea pe bugetul de stat \u0219i cre\u0219terea economic\u0103 va \u00eencetini.<\/p>\n<p>Economi\u0219tii avertizeaz\u0103 c\u0103 Rom\u00e2nia intr\u0103 \u00eentr-o perioad\u0103 de \u201erecalibrare\u201d, \u00een care firmele devin mai prudente, iar pia\u021ba muncii mai instabil\u0103.<\/p>\n<p>\u00a0<\/p>\n<\/div>\n<div class=\"td-post-content\">\n<div class=\"td-post-featured-image\"><a href=\"https:\/\/newss.ro\/wp-content\/uploads\/2024\/02\/oameni-multime.jpg\" data-caption><img loading=\"lazy\" decoding=\"async\" width=\"696\" height=\"399\" class=\"entry-thumb td-modal-image\" src=\"https:\/\/newss.ro\/wp-content\/uploads\/2024\/02\/oameni-multime-696x399.jpg\" alt title=\"oameni multime\"><\/a><\/div>\n<p>Pia\u021ba muncii \u00eencepe s\u0103 fie afectat\u0103 direct de criza economic\u0103. \u00a0Firmele mici \u0219i mijlocii din Rom\u00e2nia reduc costurile \u0219i preg\u0103tesc concedieri. Estim\u0103rile din pia\u021b\u0103 arat\u0103 c\u0103 p\u00e2n\u0103 la 200.000 de angaja\u021bi ar putea fi afecta\u021bi anul acesta, \u00een special din micro\u00eentreprinderi, cele mai vulnerabile la sc\u0103derea consumului.<\/p>\n<p>Datele oficiale arat\u0103 sc\u0103deri semnificative la comer\u021bul cu am\u0103nuntul, cu 9,1% \u00een ianuarie \u0219i cu 7,6% \u00een februarie, iar unele firme raporteaz\u0103 sc\u0103deri reale de 20-25%<br \/>\nAsta \u00eenseamn\u0103 mai pu\u021bini bani \u00een economie \u0219i v\u00e2nz\u0103ri mai mici pentru firme.<\/p>\n<p>\u00cen Rom\u00e2nia exist\u0103 aproximativ 420.000 de micro\u00eentreprinderi, cu o medie de 5 angaja\u021bi. Pentru aceste firme, salariile sunt cel mai mare cost fix. C\u00e2nd veniturile scad, antreprenorii \u00eencearc\u0103 mai \u00eent\u00e2i s\u0103 reduc\u0103 cheltuieli, dar c\u00e2nd nu mai ajunge, ajung la concedieri sau la neprelungirea contractelor.<\/p>\n<p>\u00cen unele cazuri, firmele au redus deja personalul cu 10-12%, iar tendin\u021ba este una gradual\u0103.<\/p>\n<p>Peste 2 milioane de rom\u00e2ni lucreaz\u0103 \u00een firme mici, iar dac\u0103 acestea reduc personalul, va \u00a0sc\u0103dea consumul \u0219i mai mult, va cre\u0219te presiunea pe bugetul de stat \u0219i cre\u0219terea economic\u0103 va \u00eencetini.<\/p>\n<p>Economi\u0219tii avertizeaz\u0103 c\u0103 Rom\u00e2nia intr\u0103 \u00eentr-o perioad\u0103 de \u201erecalibrare\u201d, \u00een care firmele devin mai prudente, iar pia\u021ba muncii mai instabil\u0103.<\/p>\n<p>\u00a0<\/p>\n<\/div>\n<p>[analyse_source url=&#8221;https:\/\/newss.ro\/2026\/04\/14\/piata-muncii-afectata-de-criza-economica\/&#8221;]<\/p>\n","protected":false},"excerpt":{"rendered":"<p>[analyse_image type=&#8221;featured&#8221; src=&#8221;https:\/\/newss.ro\/wp-content\/uploads\/2024\/02\/oameni-multime.jpg&#8221;] Pia\u021ba muncii \u00eencepe s\u0103 fie afectat\u0103 direct de criza economic\u0103. \u00a0Firmele mici \u0219i mijlocii din Rom\u00e2nia reduc costurile \u0219i preg\u0103tesc concedieri. Estim\u0103rile din pia\u021b\u0103 arat\u0103 c\u0103 p\u00e2n\u0103 la 200.000 de angaja\u021bi ar putea fi afecta\u021bi anul acesta, \u00een special din micro\u00eentreprinderi, cele mai vulnerabile la sc\u0103derea consumului. Datele oficiale arat\u0103 sc\u0103deri semnificative [&hellip;]<\/p>\n","protected":false},"author":1,"featured_media":0,"comment_status":"open","ping_status":"","sticky":false,"template":"","format":"standard","meta":{"footnotes":""},"categories":[2],"tags":[226,73],"class_list":["post-1888840","post","type-post","status-publish","format-standard","hentry","category-politics","tag-crawlmanager","tag-newss-ro"],"_links":{"self":[{"href":"https:\/\/analyse.optim.biz\/index.php?rest_route=\/wp\/v2\/posts\/1888840","targetHints":{"allow":["GET"]}}],"collection":[{"href":"https:\/\/analyse.optim.biz\/index.php?rest_route=\/wp\/v2\/posts"}],"about":[{"href":"https:\/\/analyse.optim.biz\/index.php?rest_route=\/wp\/v2\/types\/post"}],"author":[{"embeddable":true,"href":"https:\/\/analyse.optim.biz\/index.php?rest_route=\/wp\/v2\/users\/1"}],"replies":[{"embeddable":true,"href":"https:\/\/analyse.optim.biz\/index.php?rest_route=%2Fwp%2Fv2%2Fcomments&post=1888840"}],"version-history":[{"count":0,"href":"https:\/\/analyse.optim.biz\/index.php?rest_route=\/wp\/v2\/posts\/1888840\/revisions"}],"wp:attachment":[{"href":"https:\/\/analyse.optim.biz\/index.php?rest_route=%2Fwp%2Fv2%2Fmedia&parent=1888840"}],"wp:term":[{"taxonomy":"category","embeddable":true,"href":"https:\/\/analyse.optim.biz\/index.php?rest_route=%2Fwp%2Fv2%2Fcategories&post=1888840"},{"taxonomy":"post_tag","embeddable":true,"href":"https:\/\/analyse.optim.biz\/index.php?rest_route=%2Fwp%2Fv2%2Ftags&post=1888840"}],"curies":[{"name":"wp","href":"https:\/\/api.w.org\/{rel}","templated":true}]}}