{"id":188879,"date":"2015-01-06T09:50:48","date_gmt":"2015-01-06T06:50:48","guid":{"rendered":"https:\/\/analyse.optim.biz\/?p=188879"},"modified":"2015-01-06T09:50:48","modified_gmt":"2015-01-06T06:50:48","slug":"elena-udrea-ponta-incearca-sa-se-salveze-politic-facand-frumos-in-fata-noului-locatar-al-cotroceniului","status":"publish","type":"post","link":"https:\/\/analyse.optim.biz\/?p=188879","title":{"rendered":"Elena Udrea: \u201ePonta \u00eencearc\u0103 s\u0103 se salveze politic f\u0103c\u00e2nd frumos \u00een fa\u0163a noului locatar al Cotroceniului\u201d"},"content":{"rendered":"<div class=\"entry data-app-meta data-app-meta-article\" data-embed-base-url-canonical=\"https:\/\/www.digi24.ro\/embed\/stiri\/actualitate\/politica\/elena-udrea-ponta-incearca-sa-se-salveze-politic-facand-frumos-in-fata-noului-locatar-al-cotroceniului-343277\">\n<p data-index=\"1\"><img decoding=\"async\" src=\"https:\/\/analyse.optim.biz\/wp-content\/uploads\/2024\/09\/anbnjnc9odawjmhhc2g9mddlmdi2njlhy2uwzwi4zjaxyjvjzjaznzu3mwjkowe-thumb_.jpg\" data-skip-htmlfix=\"1\" title=\"anbnjnc9odawjmhhc2g9mddlmdi2njlhy2uwzwi4zjaxyjvjzjaznzu3mwjkowe-thumb_\"><\/p>\n<p data-index=\"2\">Pre\u0219edintele Partidului Mi\u0219carea Popular\u0103, Elena Udrea, a postat ast\u0103zi un nou mesaj pe pagina sa de Facebook. \u201e<strong>A nu te \u00eenscrie acum \u00een corul celor care c\u00e2nt\u0103 ode noului Pre\u015fedinte \u00eenseamn\u0103 aproape o blasfemie<\/strong>. Chiar dac\u0103 cei care fac acum coad\u0103 la lingu\u015feli \u00eel pup\u0103 exact pentru ceea ce \u00eel criticau \u00een campania electoral\u0103. Dar, cum \u00een aceast\u0103 perioad\u0103 se pune masa, fiecare vrea s\u0103 prind\u0103 un loc. <strong>P\u00e2n\u0103 \u015fi Ponta, cel care a pierdut alegerile, \u00eencearc\u0103 s\u0103 se salveze politic f\u0103c\u00e2nd frumos \u00een fa\u0163a noului locatar al Cotroceniului, sub pretextul \u201eadev\u0103ratei coabit\u0103ri<\/strong>\u201d care va aduce lapte \u015fi miere poporului\u201d, a scris Elena Udrea pe pagina sa de Facebook.<\/p>\n<p data-index=\"3\"><strong>Aceasta \u00eei acuz\u0103 pe cei din jurul pre\u0219edintelui Klaus Iohannis de slug\u0103rnicie.<\/strong> \u201eA\u015fa c\u0103 ce s\u0103 mai zicem de al\u0163ii care fie sper\u0103 ca, prin slug\u0103rnicie, s\u0103 \u00ee\u015fi poat\u0103 p\u0103stra o func\u0163ie sau continua lini\u015fti\u0163i afacerile cu statul, fie s\u0103 li se trimit\u0103 de c\u0103tre noua putere vreun finan\u0163ator cu care s\u0103 \u00ee\u015fi duc\u0103, de pe o zi pe alta, activitatea unui instrument de pres\u0103, fie s\u0103 scape de vreun dosar penal \u00een lucru ori viitor\u201d, a mai scris pre\u0219edintele PMP, preciz\u00e2nd totu\u0219i c\u0103 \u201eoric\u00e2t de mare ar fi a\u015fteptarea fa\u0163\u0103 de ce va face noul Pre\u015fedinte, un termen de gra\u0163ie pentru a se \u00eenv\u0103\u0163a nu numai cu func\u0163ia, dar \u015fi cu politica la nivel \u00eenalt, trebuie s\u0103 i se acorde\u201d.\u00a0<\/p>\n<p data-index=\"4\"><a href=\"https:\/\/www.digi24.ro\/Stiri\/Digi24\/Actualitate\/Politica\/Elena+Udrea+Daca+toate+sperantele+noastre+sunt+in+Iohannis+se+va\" target=\"_blank\" data-skip-linkfix=\"1\" rel=\"noopener\"><span>Elena Udrea: \u201eDac\u0103 toate speran\u0163ele noastre sunt \u00een Iohannis, se va alege praful de ele\u201d<\/span><\/a><\/p>\n<\/div>\n<p> Source URL: https:\/\/www.digi24.ro\/stiri\/actualitate\/politica\/elena-udrea-ponta-incearca-sa-se-salveze-politic-facand-frumos-in-fata-noului-locatar-al-cotroceniului-343277<\/p>\n","protected":false},"excerpt":{"rendered":"<p>Pre\u0219edintele Partidului Mi\u0219carea Popular\u0103, Elena Udrea, a postat ast\u0103zi un nou mesaj pe pagina sa de Facebook. \u201eA nu te \u00eenscrie acum \u00een corul celor care c\u00e2nt\u0103 ode noului Pre\u015fedinte \u00eenseamn\u0103 aproape o blasfemie. Chiar dac\u0103 cei care fac acum coad\u0103 la lingu\u015feli \u00eel pup\u0103 exact pentru ceea ce \u00eel criticau \u00een campania electoral\u0103. Dar, [&hellip;]<\/p>\n","protected":false},"author":1,"featured_media":188880,"comment_status":"open","ping_status":"","sticky":false,"template":"","format":"standard","meta":{"footnotes":""},"categories":[2],"tags":[11],"class_list":["post-188879","post","type-post","status-publish","format-standard","has-post-thumbnail","hentry","category-politics","tag-digi24"],"_links":{"self":[{"href":"https:\/\/analyse.optim.biz\/index.php?rest_route=\/wp\/v2\/posts\/188879","targetHints":{"allow":["GET"]}}],"collection":[{"href":"https:\/\/analyse.optim.biz\/index.php?rest_route=\/wp\/v2\/posts"}],"about":[{"href":"https:\/\/analyse.optim.biz\/index.php?rest_route=\/wp\/v2\/types\/post"}],"author":[{"embeddable":true,"href":"https:\/\/analyse.optim.biz\/index.php?rest_route=\/wp\/v2\/users\/1"}],"replies":[{"embeddable":true,"href":"https:\/\/analyse.optim.biz\/index.php?rest_route=%2Fwp%2Fv2%2Fcomments&post=188879"}],"version-history":[{"count":0,"href":"https:\/\/analyse.optim.biz\/index.php?rest_route=\/wp\/v2\/posts\/188879\/revisions"}],"wp:featuredmedia":[{"embeddable":true,"href":"https:\/\/analyse.optim.biz\/index.php?rest_route=\/wp\/v2\/media\/188880"}],"wp:attachment":[{"href":"https:\/\/analyse.optim.biz\/index.php?rest_route=%2Fwp%2Fv2%2Fmedia&parent=188879"}],"wp:term":[{"taxonomy":"category","embeddable":true,"href":"https:\/\/analyse.optim.biz\/index.php?rest_route=%2Fwp%2Fv2%2Fcategories&post=188879"},{"taxonomy":"post_tag","embeddable":true,"href":"https:\/\/analyse.optim.biz\/index.php?rest_route=%2Fwp%2Fv2%2Ftags&post=188879"}],"curies":[{"name":"wp","href":"https:\/\/api.w.org\/{rel}","templated":true}]}}