{"id":1888748,"date":"2026-04-17T09:28:22","date_gmt":"2026-04-17T06:28:22","guid":{"rendered":"https:\/\/analyse.optim.biz\/?p=1888748"},"modified":"2026-04-17T09:28:22","modified_gmt":"2026-04-17T06:28:22","slug":"olguta-vasilescu-neaga-ca-ar-fi-la-originea-crizei-politice-familia-vasilescu-manda-il-preseaza-pe-sorin","status":"publish","type":"post","link":"https:\/\/analyse.optim.biz\/?p=1888748","title":{"rendered":"Olgu\u021ba Vasilescu neag\u0103 c\u0103 ar fi la originea crizei politice. Familia Vasilescu\u2013Manda \u00eel preseaz\u0103 pe Sorin"},"content":{"rendered":"<p>[analyse_image type=&#8221;featured&#8221; src=&#8221;https:\/\/orasul-timisoara.ro\/wp-content\/uploads\/2026\/04\/lia-olgua-manda.jpg&#8221;]<\/p>\n<article id=\"post-38186\" class=\"td-post-template-7 post-38186 post type-post status-publish format-standard has-post-thumbnail category-politic category-stiri-timisoara category-stiri-nationale-si-internationale tag-claudiu-manda tag-criza-politica-2 tag-guvernare-romania-2 tag-ilie-bolojan tag-olguta-vasilescu tag-politica-interna-2 tag-psd tag-sorin-grindeanu tag-tensiuni-coalitie td-container-wrap\">\n<div class=\"td-full-screen-header-image-wrap\">\n<div class=\"td-container td-post-header\">\n<div class=\"td-crumb-container\">\n<div class=\"entry-crumbs\"><span><a title=\"Vede\u021bi toate articolele \u00een Politic\" class=\"entry-crumb\" href=\"https:\/\/orasul-timisoara.ro\/local-category\/politic\/\">Politic<\/a><\/span><span class=\"td-bred-no-url-last\">Olgu\u021ba Vasilescu neag\u0103 c\u0103 ar fi la originea crizei politice. Familia Vasilescu\u2013Manda&#8230;<\/span><\/div>\n<\/div>\n<div class=\"td-post-header-holder\">\n<div class=\"td-parallax-header\">\n<header class=\"td-post-title\">\n<ul class=\"td-category\">\n<li class=\"entry-category\"><a href=\"https:\/\/orasul-timisoara.ro\/local-category\/politic\/\">Politic<\/a><\/li>\n<li class=\"entry-category\"><a href=\"https:\/\/orasul-timisoara.ro\/local-category\/stiri-timisoara\/\">\u0218tiri Locale<\/a><\/li>\n<li class=\"entry-category\"><a href=\"https:\/\/orasul-timisoara.ro\/local-category\/stiri-nationale-si-internationale\/\">\u0218tiri na\u021bionale \u0219i interna\u021bionale<\/a><\/li>\n<\/ul>\n<h1 class=\"entry-title\">Olgu\u021ba Vasilescu neag\u0103 c\u0103 ar fi la originea crizei politice. Familia Vasilescu\u2013Manda \u00eel preseaz\u0103 pe Sorin Grindeanu s\u0103 scape de premierul Bolojan<\/h1>\n<div class=\"td-module-meta-info\">\n<div class=\"td-post-author-name\">\n<div class=\"td-author-by\">De c\u0103tre<\/div>\n<p><a href=\"https:\/\/orasul-timisoara.ro\/author\/timisoara\/\">redactia<\/a><\/p>\n<div class=\"td-author-line\"> &#8211; <\/div>\n<\/div>\n<p><span class=\"td-post-date\"><time class=\"entry-date updated td-module-date\" datetime=\"2026-04-17T12:28:22+03:00\">17\/04\/2026<\/time><\/span><\/div>\n<\/header>\n<\/div>\n<\/div>\n<\/div>\n<div id=\"td-full-screen-header-image\" class=\"td-image-gradient-style7\"><img decoding=\"async\" class=\"td-backstretch\" src=\"https:\/\/orasul-timisoara.ro\/wp-content\/uploads\/2026\/04\/lia-olgua-manda.jpg\"><\/div>\n<\/div>\n<div class=\"td-container\">\n<div class=\"td-pb-row\">\n<div class=\"td-pb-span8 td-main-content\" role=\"main\">\n<div class=\"td-ss-main-content\">\n<div class=\"td-post-sharing-top\">\n<div class=\"td-post-sharing-classic\"><iframe title=\"topFacebookLike\" frameborder src=\"https:\/\/www.facebook.com\/plugins\/like.php?href=https:\/\/orasul-timisoara.ro\/local-38186\/&amp;layout=button_count&amp;show_faces=false&amp;width=105&amp;action=like&amp;colorscheme=light&amp;height=21\"><\/iframe><\/div>\n<div id=\"td_social_sharing_article_top\" class=\"td-post-sharing td-ps-bg td-ps-notext td-post-sharing-style1 \">\n<div class=\"td-post-sharing-visible\"><a class=\"td-social-sharing-button td-social-sharing-button-js td-social-network td-social-facebook\" href=\"https:\/\/www.facebook.com\/sharer.php?u=https%3A%2F%2Forasul-timisoara.ro%2Flocal-38186%2F\" title=\"Facebook\"><\/p>\n<div class=\"td-social-but-text\">Facebook<\/div>\n<p><\/a><a class=\"td-social-sharing-button td-social-sharing-button-js td-social-network td-social-twitter\" href=\"https:\/\/twitter.com\/intent\/tweet?text=Olgu%C8%9Ba+Vasilescu+neag%C4%83+c%C4%83+ar+fi+la+originea+crizei+politice.+Familia+Vasilescu%E2%80%93Manda+%C3%AEl+preseaz%C4%83+pe+Sorin+Grindeanu+s%C4%83+scape+de+premierul+Bolojan&amp;url=https%3A%2F%2Forasul-timisoara.ro%2Flocal-38186%2F&amp;via=orasultm\" title=\"Twitter\"><\/p>\n<div class=\"td-social-but-text\">Twitter<\/div>\n<p><\/a><a class=\"td-social-sharing-button td-social-sharing-button-js td-social-network td-social-whatsapp\" href=\"https:\/\/api.whatsapp.com\/send?text=Olgu%C8%9Ba+Vasilescu+neag%C4%83+c%C4%83+ar+fi+la+originea+crizei+politice.+Familia+Vasilescu%E2%80%93Manda+%C3%AEl+preseaz%C4%83+pe+Sorin+Grindeanu+s%C4%83+scape+de+premierul+Bolojan%20%0A%0A%20https:\/\/orasul-timisoara.ro\/local-38186\/\" title=\"WhatsApp\"><\/p>\n<div class=\"td-social-but-text\">WhatsApp<\/div>\n<p><\/a><a class=\"td-social-sharing-button td-social-sharing-button-js td-social-network td-social-linkedin\" href=\"https:\/\/www.linkedin.com\/shareArticle?mini=true&amp;url=https:\/\/orasul-timisoara.ro\/local-38186\/&amp;title=Olgu%C8%9Ba+Vasilescu+neag%C4%83+c%C4%83+ar+fi+la+originea+crizei+politice.+Familia+Vasilescu%E2%80%93Manda+%C3%AEl+preseaz%C4%83+pe+Sorin+Grindeanu+s%C4%83+scape+de+premierul+Bolojan\" title=\"Linkedin\"><\/p>\n<div class=\"td-social-but-text\">Linkedin<\/div>\n<p><\/a><a class=\"td-social-sharing-button td-social-sharing-button-js td-social-network td-social-reddit\" href=\"https:\/\/reddit.com\/submit?url=https:\/\/orasul-timisoara.ro\/local-38186\/&amp;title=Olgu%C8%9Ba+Vasilescu+neag%C4%83+c%C4%83+ar+fi+la+originea+crizei+politice.+Familia+Vasilescu%E2%80%93Manda+%C3%AEl+preseaz%C4%83+pe+Sorin+Grindeanu+s%C4%83+scape+de+premierul+Bolojan\" title=\"ReddIt\"><\/p>\n<div class=\"td-social-but-text\">ReddIt<\/div>\n<p><\/a><a class=\"td-social-sharing-button td-social-sharing-button-js td-social-network td-social-mail\" href=\"mailto:?subject=Olgu%C8%9Ba%20Vasilescu%20neag%C4%83%20c%C4%83%20ar%20fi%20la%20originea%20crizei%20politice.%20Familia%20Vasilescu%E2%80%93Manda%20%C3%AEl%20preseaz%C4%83%20pe%20Sorin%20Grindeanu%20s%C4%83%20scape%20de%20premierul%20Bolojan&amp;body=https:\/\/orasul-timisoara.ro\/local-38186\/\" title=\"Email\"><\/p>\n<div class=\"td-social-but-text\">Email<\/div>\n<p><\/a><a class=\"td-social-sharing-button td-social-sharing-button-js td-social-network td-social-print\" href=\"https:\/\/orasul-timisoara.ro\/local-38186\/\" title=\"Imprimare\"><\/p>\n<div class=\"td-social-but-text\">Imprimare<\/div>\n<p><\/a><\/div>\n<\/div>\n<\/div>\n<div class=\"td-post-content tagdiv-type\">\n<p>Primarul Craiovei, Lia Olgu\u021ba Vasilescu, respinge ferm informa\u021biile ap\u0103rute \u00een spa\u021biul public potrivit c\u0103rora ar fi declan\u0219at actuala criz\u0103 politic\u0103 \u0219i neag\u0103 c\u0103 l-ar fi contactat f\u0103r\u0103 succes pe premierul Ilie Bolojan.<\/p>\n<p>Reac\u021bia edilului vine \u00een contextul unor tensiuni tot mai evidente \u00een interiorul Partidului Social Democrat (PSD) \u0219i al coali\u021biei de guvernare. \u00centr-o postare public\u0103, Vasilescu a declarat c\u0103 nu a existat niciun apel telefonic ignorat de premier \u0219i a sugerat c\u0103 motivele invocate pentru o eventual\u0103 schimbare a \u0219efului Executivului sunt mult mai complexe dec\u00e2t specula\u021biile ap\u0103rute \u00een pres\u0103.<\/p>\n<p>Surse politice din interiorul PSD indic\u0103 \u00eens\u0103 o dinamic\u0103 diferit\u0103. Potrivit acestora, Vasilescu \u0219i so\u021bul s\u0103u, europarlamentarul Claudiu Manda, ar exercita presiuni asupra liderului partidului, Sorin Grindeanu, pentru a solicita demiterea premierului. Cei doi ar urm\u0103ri consolidarea influen\u021bei \u00een partid, \u00een special \u00een sudul \u021b\u0103rii, inclusiv \u00een organiza\u021bii tradi\u021bional controlate de lideri precum Paul St\u0103nescu.<\/p>\n<p>\u00cen paralel, influen\u021ba familiei Vasilescu-Manda \u00een mediul economic local din Craiova ar fi crescut considerabil \u00een ultimii ani, potrivit acelora\u0219i surse, ceea ce amplific\u0103 percep\u021bia unei puteri consolidate \u00een jurul acestui nucleu politic.<\/p>\n<p>Criticile la adresa premierului au fost intensificate recent de Claudiu Manda, care a declarat c\u0103 o parte semnificativ\u0103 a electoratului PSD este nemul\u021bumit\u0103 de actuala guvernare. Mai mult, acesta a avertizat c\u0103 partidul ar putea decide retragerea mini\u0219trilor din Executiv dac\u0103 situa\u021bia nu se schimb\u0103.<\/p>\n<p>Decizia final\u0103 ar urma s\u0103 fie luat\u0103 \u00een cadrul unei \u0219edin\u021be programate pentru 20 aprilie, c\u00e2nd PSD va vota dac\u0103 \u00ee\u0219i mai men\u021bine sprijinul politic pentru premierul Bolojan.<\/p>\n<p>Pe l\u00e2ng\u0103 divergen\u021bele legate de conducerea Guvernului, \u00een interiorul coali\u021biei exist\u0103 \u0219i alte puncte de conflict, inclusiv competi\u021bia pentru conducerea serviciilor de informa\u021bii. Nume importante din partid, precum Sorin Grindeanu, Claudiu Manda \u0219i Mihai Tudose, sunt vehiculate \u00een acest context.<\/p>\n<figure class=\"wp-block-image size-full\"><img loading=\"lazy\" decoding=\"async\" width=\"530\" height=\"960\" src=\"https:\/\/orasul-timisoara.ro\/wp-content\/uploads\/2026\/04\/671603243_26346201075040911_7472901804297043450_n.jpg\" alt class=\"wp-image-38190\"><\/figure>\n<p>Controversele dintre liderii PSD \u0219i premier nu sunt \u00eens\u0103 recente. \u00cenc\u0103 din \u00eenceputul anului, atacurile publice \u0219i declara\u021biile critice au devenit tot mai frecvente. At\u00e2t Claudiu Manda, c\u00e2t \u0219i Lia Olgu\u021ba Vasilescu au transmis \u00een repetate r\u00e2nduri c\u0103 men\u021binerea PSD la guvernare depinde de respectarea priorit\u0103\u021bilor partidului \u00een cadrul coali\u021biei.<\/p>\n<p>De <a href=\"https:\/\/www.facebook.com\/photo.php?fbid=26346201031707582&amp;set=a.138948956192814&amp;type=3&amp;ref=embed_post\" data-type=\"link\" data-id=\"https:\/\/www.facebook.com\/photo.php?fbid=26346201031707582&amp;set=a.138948956192814&amp;type=3&amp;ref=embed_post\" target=\"_blank\" rel=\"noopener\">asemenea<\/a>, \u00een luna martie, mai mul\u021bi lideri PNL au respins public scenarii privind o posibil\u0103 demisie a premierului, atribuind aceste informa\u021bii unor surse din interiorul PSD.<\/p>\n<p>\u00cen acest climat tensionat, urm\u0103toarele zile sunt decisive pentru stabilitatea politic\u0103 a coali\u021biei \u0219i pentru viitorul guvern\u0103rii, \u00een condi\u021biile \u00een care PSD trebuie s\u0103 aleag\u0103 \u00eentre continuarea colabor\u0103rii sau retragerea de la putere.<\/p>\n<p>Sursa: g4media.ro<\/p>\n<\/div>\n<footer>\n<div class=\"td-post-source-tags\">\n<ul class=\"td-tags td-post-small-box clearfix\">\n<li><span>ETICHETE<\/span><\/li>\n<li><a href=\"https:\/\/orasul-timisoara.ro\/local-tag\/claudiu-manda\/\">Claudiu Manda<\/a><\/li>\n<li><a href=\"https:\/\/orasul-timisoara.ro\/local-tag\/criza-politica-2\/\">criza politica<\/a><\/li>\n<li><a href=\"https:\/\/orasul-timisoara.ro\/local-tag\/guvernare-romania-2\/\">guvernare Romania<\/a><\/li>\n<li><a href=\"https:\/\/orasul-timisoara.ro\/local-tag\/ilie-bolojan\/\">ilie bolojan<\/a><\/li>\n<li><a href=\"https:\/\/orasul-timisoara.ro\/local-tag\/olguta-vasilescu\/\">Olguta Vasilescu<\/a><\/li>\n<li><a href=\"https:\/\/orasul-timisoara.ro\/local-tag\/politica-interna-2\/\">politica interna<\/a><\/li>\n<li><a href=\"https:\/\/orasul-timisoara.ro\/local-tag\/psd\/\">psd<\/a><\/li>\n<li><a href=\"https:\/\/orasul-timisoara.ro\/local-tag\/sorin-grindeanu\/\">sorin grindeanu<\/a><\/li>\n<li><a href=\"https:\/\/orasul-timisoara.ro\/local-tag\/tensiuni-coalitie\/\">tensiuni coalitie<\/a><\/li>\n<\/ul>\n<\/div>\n<div class=\"td-post-sharing-bottom\">\n<div class=\"td-post-sharing-classic\"><iframe title=\"bottomFacebookLike\" frameborder src=\"https:\/\/www.facebook.com\/plugins\/like.php?href=https:\/\/orasul-timisoara.ro\/local-38186\/&amp;layout=button_count&amp;show_faces=false&amp;width=105&amp;action=like&amp;colorscheme=light&amp;height=21\"><\/iframe><\/div>\n<div id=\"td_social_sharing_article_bottom\" class=\"td-post-sharing td-ps-bg td-ps-notext td-post-sharing-style1 \">\n<div class=\"td-post-sharing-visible\"><a class=\"td-social-sharing-button td-social-sharing-button-js td-social-network td-social-facebook\" href=\"https:\/\/www.facebook.com\/sharer.php?u=https%3A%2F%2Forasul-timisoara.ro%2Flocal-38186%2F\" title=\"Facebook\"><\/p>\n<div class=\"td-social-but-text\">Facebook<\/div>\n<p><\/a><a class=\"td-social-sharing-button td-social-sharing-button-js td-social-network td-social-twitter\" href=\"https:\/\/twitter.com\/intent\/tweet?text=Olgu%C8%9Ba+Vasilescu+neag%C4%83+c%C4%83+ar+fi+la+originea+crizei+politice.+Familia+Vasilescu%E2%80%93Manda+%C3%AEl+preseaz%C4%83+pe+Sorin+Grindeanu+s%C4%83+scape+de+premierul+Bolojan&amp;url=https%3A%2F%2Forasul-timisoara.ro%2Flocal-38186%2F&amp;via=orasultm\" title=\"Twitter\"><\/p>\n<div class=\"td-social-but-text\">Twitter<\/div>\n<p><\/a><a class=\"td-social-sharing-button td-social-sharing-button-js td-social-network td-social-whatsapp\" href=\"https:\/\/api.whatsapp.com\/send?text=Olgu%C8%9Ba+Vasilescu+neag%C4%83+c%C4%83+ar+fi+la+originea+crizei+politice.+Familia+Vasilescu%E2%80%93Manda+%C3%AEl+preseaz%C4%83+pe+Sorin+Grindeanu+s%C4%83+scape+de+premierul+Bolojan%20%0A%0A%20https:\/\/orasul-timisoara.ro\/local-38186\/\" title=\"WhatsApp\"><\/p>\n<div class=\"td-social-but-text\">WhatsApp<\/div>\n<p><\/a><a class=\"td-social-sharing-button td-social-sharing-button-js td-social-network td-social-linkedin\" href=\"https:\/\/www.linkedin.com\/shareArticle?mini=true&amp;url=https:\/\/orasul-timisoara.ro\/local-38186\/&amp;title=Olgu%C8%9Ba+Vasilescu+neag%C4%83+c%C4%83+ar+fi+la+originea+crizei+politice.+Familia+Vasilescu%E2%80%93Manda+%C3%AEl+preseaz%C4%83+pe+Sorin+Grindeanu+s%C4%83+scape+de+premierul+Bolojan\" title=\"Linkedin\"><\/p>\n<div class=\"td-social-but-text\">Linkedin<\/div>\n<p><\/a><a class=\"td-social-sharing-button td-social-sharing-button-js td-social-network td-social-reddit\" href=\"https:\/\/reddit.com\/submit?url=https:\/\/orasul-timisoara.ro\/local-38186\/&amp;title=Olgu%C8%9Ba+Vasilescu+neag%C4%83+c%C4%83+ar+fi+la+originea+crizei+politice.+Familia+Vasilescu%E2%80%93Manda+%C3%AEl+preseaz%C4%83+pe+Sorin+Grindeanu+s%C4%83+scape+de+premierul+Bolojan\" title=\"ReddIt\"><\/p>\n<div class=\"td-social-but-text\">ReddIt<\/div>\n<p><\/a><a class=\"td-social-sharing-button td-social-sharing-button-js td-social-network td-social-mail\" href=\"mailto:?subject=Olgu%C8%9Ba%20Vasilescu%20neag%C4%83%20c%C4%83%20ar%20fi%20la%20originea%20crizei%20politice.%20Familia%20Vasilescu%E2%80%93Manda%20%C3%AEl%20preseaz%C4%83%20pe%20Sorin%20Grindeanu%20s%C4%83%20scape%20de%20premierul%20Bolojan&amp;body=https:\/\/orasul-timisoara.ro\/local-38186\/\" title=\"Email\"><\/p>\n<div class=\"td-social-but-text\">Email<\/div>\n<p><\/a><a class=\"td-social-sharing-button td-social-sharing-button-js td-social-network td-social-print\" href=\"https:\/\/orasul-timisoara.ro\/local-38186\/\" title=\"Imprimare\"><\/p>\n<div class=\"td-social-but-text\">Imprimare<\/div>\n<p><\/a><\/div>\n<\/div>\n<\/div>\n<div class=\"td-block-row td-post-next-prev\">\n<div class=\"td-block-span6 td-post-prev-post\">\n<div class=\"td-post-next-prev-content\"><span>Articolul precedent<\/span><a href=\"https:\/\/orasul-timisoara.ro\/local-38183\/\">Amend\u0103 de 6.000 de lei pentru abandonarea a cinci pui de c\u00e2ine \u00een Deta<\/a><\/div>\n<\/div>\n<div class=\"td-block-span6 td-post-next-post\">\n<div class=\"td-post-next-prev-content\"><span>Articolul urm\u0103tor<\/span><a href=\"https:\/\/orasul-timisoara.ro\/local-38192\/\">Accident rutier \u00een Lugoj: un b\u0103rbat a ajuns la spital dup\u0103 o coliziune pe strada Caraiman<\/a><\/div>\n<\/div>\n<\/div>\n<div class=\"td-author-name vcard author\"><span class=\"fn\"><a href=\"https:\/\/orasul-timisoara.ro\/author\/timisoara\/\">redactia<\/a><\/span><\/div>\n<p><span class=\"td-page-meta\"><\/span><span class=\"td-page-meta\"><span class=\"td-page-meta\"><\/span><\/span><span class=\"td-page-meta\"><\/span><\/footer>\n<div class=\"td_block_wrap td_block_related_posts tdi_3 td_with_ajax_pagination td-pb-border-top td_block_template_8\" data-td-block-uid=\"tdi_3\">\n<h4 class=\"td-related-title td-block-title\"><a id=\"tdi_4\" class=\"td-related-left td-cur-simple-item\" data-td_filter_value data-td_block_id=\"tdi_3\" href=\"https:\/\/orasul-timisoara.ro\/local-38186\/\">ARTICOLE SIMILARE<\/a><a id=\"tdi_5\" class=\"td-related-right\" data-td_filter_value=\"td_related_more_from_author\" data-td_block_id=\"tdi_3\" href=\"https:\/\/orasul-timisoara.ro\/local-38186\/\">DE LA ACELA\u0218I AUTOR<\/a><\/h4>\n<div id=\"tdi_3\" class=\"td_block_inner\">\n<div class=\"td-related-row\">\n<div class=\"td-related-span4\">\n<div class=\"td_module_related_posts td-animation-stack td_mod_related_posts\">\n<div class=\"td-module-image\">\n<div class=\"td-module-thumb\"><a href=\"https:\/\/orasul-timisoara.ro\/local-37836\/\" rel=\"bookmark\" class=\"td-image-wrap \" title=\"Guvernul preg\u0103te\u0219te reducerea accizelor pentru a opri scumpirea carburan\u021bilor\"><img loading=\"lazy\" decoding=\"async\" class=\"entry-thumb\" src=\"https:\/\/orasul-timisoara.ro\/wp-content\/uploads\/2026\/03\/benzina-motorina-gpl-preturi-436x300.jpg\" alt title=\"Guvernul preg\u0103te\u0219te reducerea accizelor pentru a opri scumpirea carburan\u021bilor\" width=\"218\" height=\"150\"><\/a><\/div>\n<\/div>\n<div class=\"item-details\">\n<h3 class=\"entry-title td-module-title\"><a href=\"https:\/\/orasul-timisoara.ro\/local-37836\/\" rel=\"bookmark\" title=\"Guvernul preg\u0103te\u0219te reducerea accizelor pentru a opri scumpirea carburan\u021bilor\">Guvernul preg\u0103te\u0219te reducerea accizelor pentru a opri scumpirea carburan\u021bilor<\/a><\/h3>\n<\/div>\n<\/div>\n<\/div>\n<div class=\"td-related-span4\">\n<div class=\"td_module_related_posts td-animation-stack td_mod_related_posts\">\n<div class=\"td-module-image\">\n<div class=\"td-module-thumb\"><a href=\"https:\/\/orasul-timisoara.ro\/local-37795\/\" rel=\"bookmark\" class=\"td-image-wrap \" title=\"Dominic Fritz: USR men\u021bine coali\u021bia \u0219i \u00eel sus\u021bine pe Bolojan. Mesaj dur pentru PSD (video)\"><img loading=\"lazy\" decoding=\"async\" class=\"entry-thumb\" src=\"https:\/\/orasul-timisoara.ro\/wp-content\/uploads\/2026\/03\/dominic-fritz-captura-001-436x300.jpg\" alt title=\"Dominic Fritz: USR men\u021bine coali\u021bia \u0219i \u00eel sus\u021bine pe Bolojan. Mesaj dur pentru PSD (video)\" width=\"218\" height=\"150\"><\/a><\/div>\n<\/div>\n<div class=\"item-details\">\n<h3 class=\"entry-title td-module-title\"><a href=\"https:\/\/orasul-timisoara.ro\/local-37795\/\" rel=\"bookmark\" title=\"Dominic Fritz: USR men\u021bine coali\u021bia \u0219i \u00eel sus\u021bine pe Bolojan. Mesaj dur pentru PSD (video)\">Dominic Fritz: USR men\u021bine coali\u021bia \u0219i \u00eel sus\u021bine pe Bolojan. Mesaj dur pentru PSD (video)<\/a><\/h3>\n<\/div>\n<\/div>\n<\/div>\n<div class=\"td-related-span4\">\n<div class=\"td_module_related_posts td-animation-stack td_mod_related_posts\">\n<div class=\"td-module-image\">\n<div class=\"td-module-thumb\"><a href=\"https:\/\/orasul-timisoara.ro\/local-37395\/\" rel=\"bookmark\" class=\"td-image-wrap \" title=\"Mihai Dimian, validat de PNL pentru func\u021bia de ministru al Educa\u021biei \u0219i Cercet\u0103rii\"><img loading=\"lazy\" decoding=\"async\" class=\"entry-thumb\" src=\"https:\/\/orasul-timisoara.ro\/wp-content\/uploads\/2026\/03\/Mihai-Dimian-436x300.jpg\" alt title=\"Mihai Dimian, validat de PNL pentru func\u021bia de ministru al Educa\u021biei \u0219i Cercet\u0103rii\" width=\"218\" height=\"150\"><\/a><\/div>\n<\/div>\n<div class=\"item-details\">\n<h3 class=\"entry-title td-module-title\"><a href=\"https:\/\/orasul-timisoara.ro\/local-37395\/\" rel=\"bookmark\" title=\"Mihai Dimian, validat de PNL pentru func\u021bia de ministru al Educa\u021biei \u0219i Cercet\u0103rii\">Mihai Dimian, validat de PNL pentru func\u021bia de ministru al Educa\u021biei \u0219i Cercet\u0103rii<\/a><\/h3>\n<\/div>\n<\/div>\n<\/div>\n<\/div>\n<\/div>\n<\/div>\n<div class=\"comments\" id=\"comments\">\n<div id=\"respond\" class=\"comment-respond\">\n<h3 id=\"reply-title\" class=\"comment-reply-title\">L\u0102SA\u021aI UN MESAJ<\/h3>\n<div class=\"comment-form-input-wrap td-form-comment\">\n<div class=\"td-warning-comment\">V\u0103 rug\u0103m s\u0103 introduce\u021bi comentariul dvs.!<\/div>\n<\/div>\n<div class=\"comment-form-input-wrap td-form-author\">\n<div class=\"td-warning-author\">Introduce\u021bi aici numele dvs.<\/div>\n<\/div>\n<div class=\"comment-form-input-wrap td-form-email\">\n<div class=\"td-warning-email-error\">A\u021bi introdus o adres\u0103 de e-mail incorect\u0103!<\/div>\n<div class=\"td-warning-email\">V\u0103 rug\u0103m s\u0103 introduce\u021bi adresa dvs. de e-mail aici<\/div>\n<\/div>\n<\/div>\n<p class=\"akismet_comment_form_privacy_notice\">Acest site folose\u0219te Akismet pentru a reduce spamul. <a href=\"https:\/\/akismet.com\/privacy\/\" target=\"_blank\" rel=\"nofollow noopener\">Afl\u0103 cum sunt procesate datele comentariilor tale<\/a>.<\/p>\n<\/div>\n<\/div>\n<\/div>\n<div class=\"td-pb-span4 td-main-sidebar\" role=\"complementary\">\n<div class=\"td-ss-main-sidebar\">\n<aside id=\"block-5\" class=\"td_block_template_8 widget block-5 widget_block widget_media_image\">\n<div class=\"wp-block-image\">\n<figure class=\"aligncenter size-full\"><img loading=\"lazy\" decoding=\"async\" width=\"400\" height=\"400\" src=\"https:\/\/orasul-timisoara.ro\/wp-content\/uploads\/2026\/04\/400x400.png\" alt class=\"wp-image-38045\"><\/figure>\n<\/div>\n<\/aside>\n<aside id=\"block-4\" class=\"td_block_template_8 widget block-4 widget_block widget_media_image\">\n<figure class=\"wp-block-image size-full\"><img loading=\"lazy\" decoding=\"async\" width=\"336\" height=\"280\" src=\"https:\/\/orasul-timisoara.ro\/wp-content\/uploads\/2024\/11\/ReTIM-Abonamentul-Verde-Google-Ads-336x280px.gif\" alt class=\"wp-image-29257\"><\/figure>\n<\/aside>\n<div class=\"td_block_wrap td_block_social_counter td_block_widget tdi_6 td-social-style5 td-social-boxed td-pb-border-top td_block_template_8\">\n<div class=\"td-block-title-wrap\">\n<h4 class=\"td-block-title\"><span>Urm\u0103re\u0219te-ne pe Social Media<\/span><\/h4>\n<\/div>\n<div class=\"td-social-list\">\n<div class=\"td_social_type td-pb-margin-side td_social_facebook\">\n<div class=\"td-social-box\"><span class=\"td_social_info td_social_info_counter\">344,595<\/span><span class=\"td_social_info td_social_info_name\">Fani<\/span><span class=\"td_social_button\"><a href=\"https:\/\/www.facebook.com\/247timisoara\" target=\"_blank\" rel=\"nofollow\">\u00cemi place<\/a><\/span><\/div>\n<\/div>\n<div class=\"td_social_type td-pb-margin-side td_social_instagram\">\n<div class=\"td-social-box\"><span class=\"td_social_info td_social_info_counter\">4,416<\/span><span class=\"td_social_info td_social_info_name\">Cititori<\/span><span class=\"td_social_button\"><a href=\"https:\/\/instagram.com\/orasultimisoararo\/\" target=\"_blank\" rel=\"nofollow\">Conecta\u021bi-v\u0103<\/a><\/span><\/div>\n<\/div>\n<div class=\"td_social_type td-pb-margin-side td_social_rss\">\n<div class=\"td-social-box\"><span class=\"td_social_info td_social_info_counter\">12,506<\/span><span class=\"td_social_info td_social_info_name\">Cititori<\/span><span class=\"td_social_button\"><a href=\"https:\/\/orasul-timisoara.ro\/feed\/\" target=\"_blank\" rel=\"nofollow\">Conecta\u021bi-v\u0103<\/a><\/span><\/div>\n<\/div>\n<div class=\"td_social_type td-pb-margin-side td_social_tiktok\">\n<div class=\"td-social-box\"><span class=\"td_social_info td_social_info_counter\">1,500<\/span><span class=\"td_social_info td_social_info_name\">Cititori<\/span><span class=\"td_social_button\"><a href=\"https:\/\/www.tiktok.com\/@orasultimisoara\" target=\"_blank\" rel=\"nofollow\">Conecta\u021bi-v\u0103<\/a><\/span><\/div>\n<\/div>\n<div class=\"td_social_type td-pb-margin-side td_social_twitter\">\n<div class=\"td-social-box\"><span class=\"td_social_info td_social_info_counter\">1,595<\/span><span class=\"td_social_info td_social_info_name\">Cititori<\/span><span class=\"td_social_button\"><a href=\"https:\/\/twitter.com\/orasultm\" target=\"_blank\" rel=\"nofollow\">Conecta\u021bi-v\u0103<\/a><\/span><\/div>\n<\/div>\n<div class=\"td_social_type td-pb-margin-side td_social_youtube\">\n<div class=\"td-social-box\"><span class=\"td_social_info td_social_info_counter\">3,506<\/span><span class=\"td_social_info td_social_info_name\">Abona\u021bi<\/span><span class=\"td_social_button\"><a href=\"https:\/\/www.youtube.com\/channel\/UCQNsQvs2XCSIm1Z-AHRturw?sub_confirmation=1\" target=\"_blank\" rel=\"nofollow\">Abona\u021bi-v\u0103<\/a><\/span><\/div>\n<\/div>\n<\/div>\n<\/div>\n<aside id=\"text-7\" class=\"td_block_template_8 widget text-7 widget_text\">\n<h4 class=\"td-block-title\"><span>C\u0103ut\u0103ri populare pe OTM<\/span><\/h4>\n<div class=\"textwidget\"><a href=\"https:\/\/orasul-timisoara.ro\/?s=timisoara\"><span>Timisoara<\/span><\/a><a href=\"https:\/\/orasul-timisoara.ro\/?s=calin+dobra\"><span>Calin Dobra<\/span><\/a><a href=\"https:\/\/orasul-timisoara.ro\/?s=primaria+timisoara\"><span>Primaria Timisoara<\/span><\/a><a href=\"https:\/\/orasul-timisoara.ro\/?s=dominic+fritz\"><span>Dominic Fritz<\/span><\/a><a href=\"https:\/\/orasul-timisoara.ro\/?s=nicolae+robu\"><span>Nicolae Robu<\/span><\/a><a href=\"https:\/\/orasul-timisoara.ro\/?s=consiliul+local+timisoara\">Consiliul Local Timisoara<\/a><a href=\"https:\/\/orasul-timisoara.ro\/?s=consiliul+judetean+timis\"><span>Consiliul Judetean Timis<\/span><\/a><a href=\"https:\/\/orasul-timisoara.ro\/?s=cjt\"><span>CJT<\/span><\/a><a href=\"https:\/\/orasul-timisoara.ro\/?s=Alfred+Simonis\"><span>Alfred Simonis<\/span><\/a><a href=\"https:\/\/orasul-timisoara.ro\/?s=PNL\"><span>PNL<\/span><\/a><a href=\"https:\/\/orasul-timisoara.ro\/?s=coronavirus\"><span>coronavirus<\/span><\/a><a href=\"https:\/\/orasul-timisoara.ro\/?s=teatru+timisoara\">teatru Timisoara<\/a><a href=\"https:\/\/orasul-timisoara.ro\/?s=restaurante\"><span>restaurante Timisoara<\/span><\/a><a href=\"https:\/\/orasul-timisoara.ro\/?s=diskoteka\"><span>Diskoteka<\/span><\/a><a href=\"https:\/\/orasul-timisoara.ro\/?s=iulius+town\"><span>Iulius Town<\/span><\/a><a href=\"https:\/\/orasul-timisoara.ro\/?s=iulius+mall\"><span>Iulius Mall<\/span><\/a><a href=\"https:\/\/orasul-timisoara.ro\/?s=stpt\"><span>STPT<\/span><\/a><a href=\"https:\/\/orasul-timisoara.ro\/?s=alin+nica\"><span>Alin Nica<\/span><\/a><a href=\"https:\/\/orasul-timisoara.ro\/?s=psd\"><span>PSD<\/span><\/a><a href=\"https:\/\/orasul-timisoara.ro\/?s=aeroport\"><span>Aeroportul International Timisoara<\/span><\/a><a href=\"https:\/\/orasul-timisoara.ro\/?s=babes\"><span>Spitalul Victor Babes Timisoara<\/span><\/a><a href=\"https:\/\/orasul-timisoara.ro\/?s=poli\"><span>Poli Timi\u0219oara<\/span><\/a><a href=\"https:\/\/orasul-timisoara.ro\/?s=carantina\"><span>carantina<\/span><\/a><a href=\"https:\/\/orasul-timisoara.ro\/?s=aquatim\"><span>Aquatim<\/span><\/a><a href=\"https:\/\/orasul-timisoara.ro\/local-category\/stiri-timisoara\/\"><span>Stiri Timisoara<\/span><\/a><a href=\"https:\/\/orasul-timisoara.ro\/local-category\/investitii-in-timisoara\/\"><span>Investi\u021bii in Timi\u0219oara<\/span><\/a><a href=\"https:\/\/orasul-timisoara.ro\/local-9463\/\"><span>shaorma<\/span><\/a><a href=\"https:\/\/orasul-timisoara.ro\/?s=trafic\"><span>trafic rutier<\/span><\/a><a href=\"https:\/\/orasul-timisoara.ro\/?s=politia\"><span>politia locala timisoara<\/span><\/a><a href=\"https:\/\/orasul-timisoara.ro\/?s=roxana\"><span>Roxana Iliescu<\/span><\/a><a href=\"https:\/\/orasul-timisoara.ro\/?s=colterm\"><span>Colterm<\/span><\/a><a href=\"https:\/\/orasul-timisoara.ro\/?s=latcau\"><span>Ruben La\u021bc\u0103u<\/span><\/a><a href=\"https:\/\/orasul-timisoara.ro\/?s=timis\"><span>\u0218tiri din Timi\u0219<\/span><\/a><a href=\"https:\/\/orasul-timisoara.ro\/?s=spital\"><span>Spitale din Timi\u0219oara<\/span><\/a><a href=\"https:\/\/orasul-timisoara.ro\/?s=tabara\"><span>Cosmin Tab\u0103r\u0103<\/span><\/a><\/div>\n<\/aside>\n<aside id=\"rss-2\" class=\"td_block_template_8 widget rss-2 widget_rss\">\n<h4 class=\"td-block-title\"><span><a class=\"rsswidget rss-widget-feed\" href=\"https:\/\/fashionfridays.ro\/feed\"><img decoding=\"async\" class=\"rss-widget-icon\" width=\"14\" height=\"14\" src=\"https:\/\/orasul-timisoara.ro\/wp-includes\/images\/rss.png\" alt=\"RSS\" loading=\"lazy\"><\/a><a class=\"rsswidget rss-widget-title\" href=\"https:\/\/fashionfridays.ro\/\">Fashion Fridays<\/a><\/span><\/h4>\n<ul>\n<li><a class=\"rsswidget\" href=\"https:\/\/fashionfridays.ro\/crocs-lanseaza-crocband-gum-clog-confort-iconic-cu-influente-retro-sport-pentru-primavara\/\">Crocs lanseaz\u0103 Crocband Gum Clog: confort iconic cu influen\u021be retro-sport pentru prim\u0103var\u0103<\/a>\n<div class=\"rssSummary\">Martie marcheaz\u0103 acel moment al anului \u00een care stilul \u00eencepe s\u0103 se relaxeze. Zilele devin mai lungi, ritmul ora\u0219ului se schimb\u0103, iar garderoba face tranzi\u021bia c\u0103tre piese care pun confortul pe primul loc, f\u0103r\u0103 s\u0103 renun\u021be la atitudine. Este sezonul \u00een care autenticitatea devine declara\u021bie de stil, iar alegerile vestimentare reflect\u0103 mai mult ca oric\u00e2nd [\u2026]<\/div>\n<\/li>\n<\/ul>\n<\/aside>\n<aside id=\"rss-4\" class=\"td_block_template_8 widget rss-4 widget_rss\">\n<h4 class=\"td-block-title\"><span><a class=\"rsswidget rss-widget-feed\" href=\"https:\/\/emasini.ro\/feed\"><img decoding=\"async\" class=\"rss-widget-icon\" width=\"14\" height=\"14\" src=\"https:\/\/orasul-timisoara.ro\/wp-includes\/images\/rss.png\" alt=\"RSS\" loading=\"lazy\"><\/a><a class=\"rsswidget rss-widget-title\" href=\"https:\/\/emasini.ro\/\">eMasini<\/a><\/span><\/h4>\n<ul>\n<li><a class=\"rsswidget\" href=\"https:\/\/emasini.ro\/mercedes-eqs-2026-promite-autonomie-record-pana-la-925-km-electric\/\">Mercedes EQS 2026 promite autonomie record: p\u00e2n\u0103 la 925 km electric<\/a>\n<div class=\"rssSummary\">Mercedes-Benz intensific\u0103 competi\u021bia pe pia\u021ba ma\u0219inilor electrice de lux, lans\u00e2nd noua genera\u021bie Mercedes-Benz EQS, care promite o autonomie de p\u00e2n\u0103 la 925 de kilometri conform standardului WLTP. Modelul devine, cel pu\u021bin teoretic, liderul segmentului, dep\u0103\u0219ind rivalul direct, BMW, cu al s\u0103u sedan electric de top. Noua versiune EQS450+ aduce o cre\u0219tere de aproximativ 13% a [\u2026]<\/div>\n<\/li>\n<\/ul>\n<\/aside>\n<\/div>\n<\/div>\n<\/div>\n<\/div>\n<\/article>\n<div class=\"td-post-content tagdiv-type\">\n<p>Primarul Craiovei, Lia Olgu\u021ba Vasilescu, respinge ferm informa\u021biile ap\u0103rute \u00een spa\u021biul public potrivit c\u0103rora ar fi declan\u0219at actuala criz\u0103 politic\u0103 \u0219i neag\u0103 c\u0103 l-ar fi contactat f\u0103r\u0103 succes pe premierul Ilie Bolojan.<\/p>\n<p>Reac\u021bia edilului vine \u00een contextul unor tensiuni tot mai evidente \u00een interiorul Partidului Social Democrat (PSD) \u0219i al coali\u021biei de guvernare. \u00centr-o postare public\u0103, Vasilescu a declarat c\u0103 nu a existat niciun apel telefonic ignorat de premier \u0219i a sugerat c\u0103 motivele invocate pentru o eventual\u0103 schimbare a \u0219efului Executivului sunt mult mai complexe dec\u00e2t specula\u021biile ap\u0103rute \u00een pres\u0103.<\/p>\n<p>Surse politice din interiorul PSD indic\u0103 \u00eens\u0103 o dinamic\u0103 diferit\u0103. Potrivit acestora, Vasilescu \u0219i so\u021bul s\u0103u, europarlamentarul Claudiu Manda, ar exercita presiuni asupra liderului partidului, Sorin Grindeanu, pentru a solicita demiterea premierului. Cei doi ar urm\u0103ri consolidarea influen\u021bei \u00een partid, \u00een special \u00een sudul \u021b\u0103rii, inclusiv \u00een organiza\u021bii tradi\u021bional controlate de lideri precum Paul St\u0103nescu.<\/p>\n<p>\u00cen paralel, influen\u021ba familiei Vasilescu-Manda \u00een mediul economic local din Craiova ar fi crescut considerabil \u00een ultimii ani, potrivit acelora\u0219i surse, ceea ce amplific\u0103 percep\u021bia unei puteri consolidate \u00een jurul acestui nucleu politic.<\/p>\n<p>Criticile la adresa premierului au fost intensificate recent de Claudiu Manda, care a declarat c\u0103 o parte semnificativ\u0103 a electoratului PSD este nemul\u021bumit\u0103 de actuala guvernare. Mai mult, acesta a avertizat c\u0103 partidul ar putea decide retragerea mini\u0219trilor din Executiv dac\u0103 situa\u021bia nu se schimb\u0103.<\/p>\n<p>Decizia final\u0103 ar urma s\u0103 fie luat\u0103 \u00een cadrul unei \u0219edin\u021be programate pentru 20 aprilie, c\u00e2nd PSD va vota dac\u0103 \u00ee\u0219i mai men\u021bine sprijinul politic pentru premierul Bolojan.<\/p>\n<p>Pe l\u00e2ng\u0103 divergen\u021bele legate de conducerea Guvernului, \u00een interiorul coali\u021biei exist\u0103 \u0219i alte puncte de conflict, inclusiv competi\u021bia pentru conducerea serviciilor de informa\u021bii. Nume importante din partid, precum Sorin Grindeanu, Claudiu Manda \u0219i Mihai Tudose, sunt vehiculate \u00een acest context.<\/p>\n<figure class=\"wp-block-image size-full\"><img loading=\"lazy\" decoding=\"async\" width=\"530\" height=\"960\" src=\"https:\/\/orasul-timisoara.ro\/wp-content\/uploads\/2026\/04\/671603243_26346201075040911_7472901804297043450_n.jpg\" alt class=\"wp-image-38190\"><\/figure>\n<p>Controversele dintre liderii PSD \u0219i premier nu sunt \u00eens\u0103 recente. \u00cenc\u0103 din \u00eenceputul anului, atacurile publice \u0219i declara\u021biile critice au devenit tot mai frecvente. At\u00e2t Claudiu Manda, c\u00e2t \u0219i Lia Olgu\u021ba Vasilescu au transmis \u00een repetate r\u00e2nduri c\u0103 men\u021binerea PSD la guvernare depinde de respectarea priorit\u0103\u021bilor partidului \u00een cadrul coali\u021biei.<\/p>\n<p>De <a href=\"https:\/\/www.facebook.com\/photo.php?fbid=26346201031707582&amp;set=a.138948956192814&amp;type=3&amp;ref=embed_post\" data-type=\"link\" data-id=\"https:\/\/www.facebook.com\/photo.php?fbid=26346201031707582&amp;set=a.138948956192814&amp;type=3&amp;ref=embed_post\" target=\"_blank\" rel=\"noopener\">asemenea<\/a>, \u00een luna martie, mai mul\u021bi lideri PNL au respins public scenarii privind o posibil\u0103 demisie a premierului, atribuind aceste informa\u021bii unor surse din interiorul PSD.<\/p>\n<p>\u00cen acest climat tensionat, urm\u0103toarele zile sunt decisive pentru stabilitatea politic\u0103 a coali\u021biei \u0219i pentru viitorul guvern\u0103rii, \u00een condi\u021biile \u00een care PSD trebuie s\u0103 aleag\u0103 \u00eentre continuarea colabor\u0103rii sau retragerea de la putere.<\/p>\n<p>Sursa: g4media.ro<\/p>\n<\/div>\n<p>[analyse_source url=&#8221;https:\/\/orasul-timisoara.ro\/local-38186\/&#8221;]<\/p>\n","protected":false},"excerpt":{"rendered":"<p>[analyse_image type=&#8221;featured&#8221; src=&#8221;https:\/\/orasul-timisoara.ro\/wp-content\/uploads\/2026\/04\/lia-olgua-manda.jpg&#8221;] PoliticOlgu\u021ba Vasilescu neag\u0103 c\u0103 ar fi la originea crizei politice. Familia Vasilescu\u2013Manda&#8230; Politic \u0218tiri Locale \u0218tiri na\u021bionale \u0219i interna\u021bionale Olgu\u021ba Vasilescu neag\u0103 c\u0103 ar fi la originea crizei politice. Familia Vasilescu\u2013Manda \u00eel preseaz\u0103 pe Sorin Grindeanu s\u0103 scape de premierul Bolojan De c\u0103tre redactia &#8211; 17\/04\/2026 Facebook Twitter WhatsApp Linkedin ReddIt Email [&hellip;]<\/p>\n","protected":false},"author":1,"featured_media":0,"comment_status":"open","ping_status":"","sticky":false,"template":"","format":"standard","meta":{"footnotes":""},"categories":[89],"tags":[226,189],"class_list":["post-1888748","post","type-post","status-publish","format-standard","hentry","category-romania","tag-crawlmanager","tag-orasul-timisoara-ro"],"_links":{"self":[{"href":"https:\/\/analyse.optim.biz\/index.php?rest_route=\/wp\/v2\/posts\/1888748","targetHints":{"allow":["GET"]}}],"collection":[{"href":"https:\/\/analyse.optim.biz\/index.php?rest_route=\/wp\/v2\/posts"}],"about":[{"href":"https:\/\/analyse.optim.biz\/index.php?rest_route=\/wp\/v2\/types\/post"}],"author":[{"embeddable":true,"href":"https:\/\/analyse.optim.biz\/index.php?rest_route=\/wp\/v2\/users\/1"}],"replies":[{"embeddable":true,"href":"https:\/\/analyse.optim.biz\/index.php?rest_route=%2Fwp%2Fv2%2Fcomments&post=1888748"}],"version-history":[{"count":0,"href":"https:\/\/analyse.optim.biz\/index.php?rest_route=\/wp\/v2\/posts\/1888748\/revisions"}],"wp:attachment":[{"href":"https:\/\/analyse.optim.biz\/index.php?rest_route=%2Fwp%2Fv2%2Fmedia&parent=1888748"}],"wp:term":[{"taxonomy":"category","embeddable":true,"href":"https:\/\/analyse.optim.biz\/index.php?rest_route=%2Fwp%2Fv2%2Fcategories&post=1888748"},{"taxonomy":"post_tag","embeddable":true,"href":"https:\/\/analyse.optim.biz\/index.php?rest_route=%2Fwp%2Fv2%2Ftags&post=1888748"}],"curies":[{"name":"wp","href":"https:\/\/api.w.org\/{rel}","templated":true}]}}