{"id":188873,"date":"2015-01-06T11:57:07","date_gmt":"2015-01-06T08:57:07","guid":{"rendered":"https:\/\/analyse.optim.biz\/?p=188873"},"modified":"2015-01-06T11:57:07","modified_gmt":"2015-01-06T08:57:07","slug":"catalin-predoiu-propunerea-pnl-pentru-functia-de-premier-il-ataca-pe-victor-ponta-premierul-in-functie","status":"publish","type":"post","link":"https:\/\/analyse.optim.biz\/?p=188873","title":{"rendered":"C\u0103t\u0103lin Predoiu, propunerea PNL pentru func\u021bia de premier, \u00eel atac\u0103 pe Victor Ponta, premierul \u00een func\u021bie"},"content":{"rendered":"<div class=\"entry data-app-meta data-app-meta-article\" data-embed-base-url-canonical=\"https:\/\/www.digi24.ro\/embed\/stiri\/actualitate\/politica\/catalin-predoiu-propunerea-pnl-pentru-functia-de-premier-il-ataca-pe-victor-ponta-premierul-in-functie-343350\">\n<p data-index=\"1\"><img decoding=\"async\" src=\"https:\/\/analyse.optim.biz\/wp-content\/uploads\/2024\/09\/ody1nzy3yzgwowy3odu3ztgxztzlmzg5zmi5-thumb_.jpg\" data-skip-htmlfix=\"1\" title=\"ody1nzy3yzgwowy3odu3ztgxztzlmzg5zmi5-thumb_\"><\/p>\n<p data-index=\"2\"><span><em><strong><span>Sursa foto: blog C\u0103t\u0103lin Predoiu<\/span><\/strong><\/em><\/span><\/p>\n<p data-index=\"3\">Reac\u021bia vicepre\u0219edintelui PNL vine dup\u0103 ce premierul <a href=\"https:\/\/www.digi24.ro\/Stiri\/Digi24\/Actualitate\/Politica\/Reactia+lui+Victor+Ponta+dupa+ce+PNL+a+anuntat+ca+depune+motiune\" data-skip-linkfix=\"1\"><span><strong>Victor Ponta a criticat decizia liberalilor de a depune o mo\u021biune de cenzur\u0103<\/strong><\/span><\/a><span>.<\/span><span>\u00a0<\/span><span>C\u0103t\u0103lin Predoiu spune c\u0103 premierul mimeaz\u0103 responsabilitatea \u0219i ar fi trebuit s\u0103 demisioneze dup\u0103 alegerile preziden\u021biale. <\/span><span><strong>\u201eAm luat act de noua \u0163inut\u0103 a premierului Victor Ponta, aceea a mim\u0103rii responsabilit\u0103\u0163ii, echilibrului \u015fi a dorin\u0163ei de dialog cu reprezentan\u0163ii opozi\u0163iei pentru g\u0103sirea solu\u0163iilor necesare \u015fi ajungerii la un consens \u00een ceea ce prive\u015fte viitoarea reprezentare \u00een Parlament \u015fi a mecanismelor prin care vor fi ale\u015fi viitorii parlamentari.<\/strong><\/span><\/p>\n<p data-index=\"4\"><strong>Ar fi fost mult mai bine pentru Rom\u00e2nia \u015fi pentru rom\u00e2ni dac\u0103 domnul Victor Ponta ar fi dat o dovad\u0103 adev\u0103rat\u0103 de responsabilitate \u015fi \u015fi-ar fi prezentat demisia imediat dup\u0103 votul din 16 noiembrie, a\u015fa cum, de altfel, a \u015fi anun\u0163at c\u0103 s-a g\u00e2ndit la un moment dat. Ar fi fost bine dac\u0103 \u015fi-ar fi dus g\u00e2ndul p\u00e2n\u0103 la cap\u0103t \u015fi l-ar fi concretizat \u00een ac\u0163iune. Era un g\u00e2nd bun. Iar rom\u00e2nii i-ar fi fost recunosc\u0103tori.\u201d<\/strong>,<span>\u00a0<\/span><span lang=\"en-US\">scrie Predoiu pe blog.<\/span><\/p>\n<p data-index=\"5\">Vicepre\u0219edintele PNL spune c\u0103 opozi\u021bia este interesat\u0103 de dialog, dar \u00eei transmite lui Victor Ponta s\u0103 \u201e<span lang=\"en-US\">renun<\/span><span>\u021be la masca ipocriziei\u201d \u0219i \u00eei adreseaz\u0103 c\u00e2teva \u00eentreb\u0103ri pe teme presante:<\/span><\/p>\n<p data-index=\"6\"><strong><span lang=\"en-US\">1) Pomenile electorale aruncate cu mult\u0103 voio\u015fie \u00een campania electoral\u0103 \u015fi pr\u0103bu\u015firea investi\u0163iilor. Are premierul Ponta vreo vin\u0103? Se simte responsabil?<\/span><\/strong><\/p>\n<p data-index=\"7\"><strong>2) Gradul sc\u0103zut al absorb\u0163iei fondurilor europene, mult sub cuantumul l-a care s-a angajat guvernul pe care \u00eel conduce. Are premierul Ponta vreo vin\u0103? Se simte responsabil?<\/strong><\/p>\n<p data-index=\"8\"><strong>3) De ce Rom\u00e2nia, \u0163ar\u0103 european\u0103, nu are un sistem bine pus la punct de interven\u0163ie \u00een cazul accidentelor, iar oamenii mor cu zile, cum s-a \u00eent\u00e2mplat \u00een cazurile Apuseni \u015fi Sutghiol. Are premierul Ponta vreo vin\u0103? Se simte responsabil?<\/strong><\/p>\n<p data-index=\"9\"><strong>4) De ce programe na\u0163ionale de s\u0103n\u0103tate nu sunt finan\u0163ate (ex.: hemofilie \u015fi scleroza \u00een pl\u0103ci) corespunz\u0103tor. Are premierul Ponta vreo vin\u0103? Se simte responsabil?<\/strong><\/p>\n<p data-index=\"10\"><strong>5) De ce \u00een Rom\u00e2nia, \u0163ar\u0103 european\u0103, se d\u0103 o ordonan\u0163\u0103 de urgen\u0163\u0103 pentru a reglementa problema de plagiat a unei singure persoane? Are premierul Ponta vreo vin\u0103? Se simte responsabil?<\/strong><\/p>\n<p data-index=\"11\">\u201eNu m\u0103 a\u015ftept ca domnul Ponta s\u0103 aib\u0103 curajul de a r\u0103spunde \u00eentreb\u0103rilor adresate, \u00eens\u0103 \u00eei confirm disponibilitatea Opozi\u0163iei de a dialoga pentru g\u0103sirea celor mai bune solu\u0163ii pentru binele public.\u201d \u00eencheie Predoiu.<\/p>\n<\/div>\n<p> Source URL: https:\/\/www.digi24.ro\/stiri\/actualitate\/politica\/catalin-predoiu-propunerea-pnl-pentru-functia-de-premier-il-ataca-pe-victor-ponta-premierul-in-functie-343350<\/p>\n","protected":false},"excerpt":{"rendered":"<p>Sursa foto: blog C\u0103t\u0103lin Predoiu Reac\u021bia vicepre\u0219edintelui PNL vine dup\u0103 ce premierul Victor Ponta a criticat decizia liberalilor de a depune o mo\u021biune de cenzur\u0103.\u00a0C\u0103t\u0103lin Predoiu spune c\u0103 premierul mimeaz\u0103 responsabilitatea \u0219i ar fi trebuit s\u0103 demisioneze dup\u0103 alegerile preziden\u021biale. \u201eAm luat act de noua \u0163inut\u0103 a premierului Victor Ponta, aceea a mim\u0103rii responsabilit\u0103\u0163ii, echilibrului [&hellip;]<\/p>\n","protected":false},"author":1,"featured_media":188874,"comment_status":"open","ping_status":"","sticky":false,"template":"","format":"standard","meta":{"footnotes":""},"categories":[2],"tags":[11],"class_list":["post-188873","post","type-post","status-publish","format-standard","has-post-thumbnail","hentry","category-politics","tag-digi24"],"_links":{"self":[{"href":"https:\/\/analyse.optim.biz\/index.php?rest_route=\/wp\/v2\/posts\/188873","targetHints":{"allow":["GET"]}}],"collection":[{"href":"https:\/\/analyse.optim.biz\/index.php?rest_route=\/wp\/v2\/posts"}],"about":[{"href":"https:\/\/analyse.optim.biz\/index.php?rest_route=\/wp\/v2\/types\/post"}],"author":[{"embeddable":true,"href":"https:\/\/analyse.optim.biz\/index.php?rest_route=\/wp\/v2\/users\/1"}],"replies":[{"embeddable":true,"href":"https:\/\/analyse.optim.biz\/index.php?rest_route=%2Fwp%2Fv2%2Fcomments&post=188873"}],"version-history":[{"count":0,"href":"https:\/\/analyse.optim.biz\/index.php?rest_route=\/wp\/v2\/posts\/188873\/revisions"}],"wp:featuredmedia":[{"embeddable":true,"href":"https:\/\/analyse.optim.biz\/index.php?rest_route=\/wp\/v2\/media\/188874"}],"wp:attachment":[{"href":"https:\/\/analyse.optim.biz\/index.php?rest_route=%2Fwp%2Fv2%2Fmedia&parent=188873"}],"wp:term":[{"taxonomy":"category","embeddable":true,"href":"https:\/\/analyse.optim.biz\/index.php?rest_route=%2Fwp%2Fv2%2Fcategories&post=188873"},{"taxonomy":"post_tag","embeddable":true,"href":"https:\/\/analyse.optim.biz\/index.php?rest_route=%2Fwp%2Fv2%2Ftags&post=188873"}],"curies":[{"name":"wp","href":"https:\/\/api.w.org\/{rel}","templated":true}]}}