{"id":188870,"date":"2015-01-06T12:10:04","date_gmt":"2015-01-06T09:10:04","guid":{"rendered":"https:\/\/analyse.optim.biz\/?p=188870"},"modified":"2015-01-06T12:10:04","modified_gmt":"2015-01-06T09:10:04","slug":"traian-basescu-s-a-pensionat-ce-pensie-are-fostul-presedinte","status":"publish","type":"post","link":"https:\/\/analyse.optim.biz\/?p=188870","title":{"rendered":"Traian B\u0103sescu s-a pensionat. Ce pensie are fostul pre\u015fedinte"},"content":{"rendered":"<div class=\"entry data-app-meta data-app-meta-article\" data-embed-base-url-canonical=\"https:\/\/www.digi24.ro\/embed\/stiri\/actualitate\/politica\/traian-basescu-s-a-pensionat-ce-pensie-are-fostul-presedinte-343360\">\n<p data-index=\"1\"><img decoding=\"async\" src=\"https:\/\/analyse.optim.biz\/wp-content\/uploads\/2024\/09\/oduynjc4ytg1odkwzjrkzjczntixnji2yta1ogu-thumb_.jpg\" data-skip-htmlfix=\"1\" title=\"oduynjc4ytg1odkwzjrkzjczntixnji2yta1ogu-thumb_\">\u00a0<\/p>\n<p data-index=\"2\">Declara\u0163ia de avere a lui\u00a0Traian B\u0103sescu\u00a0este completat\u0103 cu data de 21 decembrie 2014, scrie Mediafax.\u00a0La capitolul venituri, apare informa\u0163ia c\u0103 fostul pre\u015fedinte al Rom\u00e2niei s-a pensionat cu data de 4 noiembrie 2014 \u015fi c\u0103 a \u00eencasat 5.166 de lei, reprezent\u00e2nd pensia pentru lunile noiembrie \u015fi decembrie.\u00a0<\/p>\n<p data-index=\"3\"><a href=\"http:\/\/www.presidency.ro\/images\/declar_avere\/phpzX3IYa.pdf\" target=\"_blank\" data-skip-linkfix=\"1\" rel=\"noopener\"><strong>ACCESA\u021aI AICI DECLARA\u021aIA DE AVERE A LUI TRAIAN B\u0102SESCU<\/strong><\/a><\/p>\n<p data-index=\"4\">Traian B\u0103sescu \u015fi-a \u00eencasat deja prima pensie, e vorba de o remunera\u0163ie lunar\u0103 total\u0103 de peste 7.600 de lei. Adic\u0103, pensia pe care o primeste \u00een calitate de fost comandant de marin\u0103, peste 2.500 de lei, la care se mai adaug\u0103 75% din indemniza\u0163ia de pre\u015fedinte. Dac\u0103 ne uit\u0103m pe documentele oficiale postate pe site-ul pre\u015fedin\u0163iei indemniza\u0163ia unui fost \u015fef de stat este de 5.060 de lei.<\/p>\n<p data-index=\"5\">Traian B\u0103sescu, \u00een v\u00e2rst\u0103 de 63 de ani, a fost pre\u015fedinte al Rom\u00e2niei timp de dou\u0103 mandate, \u00eentre anii 2004-2014. Anterior, din iunie 2000 p\u00e2n\u0103 \u00een decembrie 2004, a fost primar general al municipiului Bucure\u0219ti, ales din partea PD.<\/p>\n<p data-index=\"6\"><a href=\"https:\/\/www.digi24.ro\/Stiri\/Digi24\/Special\/COTROCENI+2014\/KLAUS+IOHANNIS+PRESEDINTE\" data-skip-linkfix=\"1\">Traian B\u0103sescu a predat mandatul de pre\u0219edinte al Rom\u00e2niei lui Klaus Iohannis \u00een data de 21 decembrie 2014<\/a>.<\/p>\n<h5><span>Citi\u021bi \u0219i:\u00a0<\/span><a href=\"https:\/\/www.digi24.ro\/Stiri\/Digi24\/Special\/COTROCENI+2014\/TRAIAN+BASESCU-VOIAJUL+un+documentar-eveniment+o+productie+DIGI2\" data-skip-linkfix=\"1\">\u201c<span>TRAIAN B\u0102SESCU-VOIAJUL\u201d, un documentar-eveniment, o produc\u0163ie Digi24<\/span><\/a><\/h5>\n<h5>\u00a0<\/h5>\n<h5>\u00a0<\/h5>\n<\/div>\n<p> Source URL: https:\/\/www.digi24.ro\/stiri\/actualitate\/politica\/traian-basescu-s-a-pensionat-ce-pensie-are-fostul-presedinte-343360<\/p>\n","protected":false},"excerpt":{"rendered":"<p>\u00a0 Declara\u0163ia de avere a lui\u00a0Traian B\u0103sescu\u00a0este completat\u0103 cu data de 21 decembrie 2014, scrie Mediafax.\u00a0La capitolul venituri, apare informa\u0163ia c\u0103 fostul pre\u015fedinte al Rom\u00e2niei s-a pensionat cu data de 4 noiembrie 2014 \u015fi c\u0103 a \u00eencasat 5.166 de lei, reprezent\u00e2nd pensia pentru lunile noiembrie \u015fi decembrie.\u00a0 ACCESA\u021aI AICI DECLARA\u021aIA DE AVERE A LUI TRAIAN [&hellip;]<\/p>\n","protected":false},"author":1,"featured_media":188871,"comment_status":"open","ping_status":"","sticky":false,"template":"","format":"standard","meta":{"footnotes":""},"categories":[2],"tags":[11],"class_list":["post-188870","post","type-post","status-publish","format-standard","has-post-thumbnail","hentry","category-politics","tag-digi24"],"_links":{"self":[{"href":"https:\/\/analyse.optim.biz\/index.php?rest_route=\/wp\/v2\/posts\/188870","targetHints":{"allow":["GET"]}}],"collection":[{"href":"https:\/\/analyse.optim.biz\/index.php?rest_route=\/wp\/v2\/posts"}],"about":[{"href":"https:\/\/analyse.optim.biz\/index.php?rest_route=\/wp\/v2\/types\/post"}],"author":[{"embeddable":true,"href":"https:\/\/analyse.optim.biz\/index.php?rest_route=\/wp\/v2\/users\/1"}],"replies":[{"embeddable":true,"href":"https:\/\/analyse.optim.biz\/index.php?rest_route=%2Fwp%2Fv2%2Fcomments&post=188870"}],"version-history":[{"count":0,"href":"https:\/\/analyse.optim.biz\/index.php?rest_route=\/wp\/v2\/posts\/188870\/revisions"}],"wp:featuredmedia":[{"embeddable":true,"href":"https:\/\/analyse.optim.biz\/index.php?rest_route=\/wp\/v2\/media\/188871"}],"wp:attachment":[{"href":"https:\/\/analyse.optim.biz\/index.php?rest_route=%2Fwp%2Fv2%2Fmedia&parent=188870"}],"wp:term":[{"taxonomy":"category","embeddable":true,"href":"https:\/\/analyse.optim.biz\/index.php?rest_route=%2Fwp%2Fv2%2Fcategories&post=188870"},{"taxonomy":"post_tag","embeddable":true,"href":"https:\/\/analyse.optim.biz\/index.php?rest_route=%2Fwp%2Fv2%2Ftags&post=188870"}],"curies":[{"name":"wp","href":"https:\/\/api.w.org\/{rel}","templated":true}]}}