{"id":1888250,"date":"2026-04-17T15:49:25","date_gmt":"2026-04-17T12:49:25","guid":{"rendered":"https:\/\/analyse.optim.biz\/?p=1888250"},"modified":"2026-04-17T15:49:25","modified_gmt":"2026-04-17T12:49:25","slug":"dominic-fritz-anunta-concedieri-la-primaria-timisoara-si-politia-locala-cu-ordinele-lui-bolojan-nu-se-joaca-nimeni","status":"publish","type":"post","link":"https:\/\/analyse.optim.biz\/?p=1888250","title":{"rendered":"Dominic Fritz anun\u021b\u0103 concedieri la Prim\u0103ria Timi\u0219oara \u0219i Poli\u021bia Local\u0103: Cu ordinele lui Bolojan nu se joac\u0103 nimeni"},"content":{"rendered":"<p>[analyse_image type=&#8221;featured&#8221; src=&#8221;https:\/\/focustim.ro\/wp-content\/uploads\/2024\/07\/fritz.jpeg&#8221;]<\/p>\n<article id=\"post-39998\" class=\"penci-single-artcontent noloaddisqus post-39998 post type-post status-publish format-standard has-post-thumbnail hentry category-actualitate category-administratie category-featured tag-fritz tag-politia-locala-timisoara penci-post-item\">\n<header class=\"entry-header penci-entry-header penci-title-\">\n<div class=\"penci-entry-categories\"><span class=\"penci-cat-links\"><a href=\"https:\/\/focustim.ro\/category\/actualitate\/\" rel=\"category tag\">Actualitate<\/a><a href=\"https:\/\/focustim.ro\/category\/administratie\/\" rel=\"category tag\">Administra\u021bie<\/a><a href=\"https:\/\/focustim.ro\/category\/featured\/\" rel=\"category tag\">Featured<\/a><\/span><\/div>\n<h1 class=\"entry-title penci-entry-title penci-title-\">Dominic Fritz anun\u021b\u0103 concedieri la Prim\u0103ria Timi\u0219oara \u0219i Poli\u021bia Local\u0103: Cu ordinele lui Bolojan nu se joac\u0103 nimeni<\/h1>\n<div class=\"entry-meta penci-entry-meta\"><span class=\"entry-meta-item penci-posted-on\"><time class=\"entry-date published\" datetime=\"2026-04-17T18:49:25+03:00\">17\/04\/2026<\/time><time class=\"updated\" datetime=\"2026-04-17T18:49:31+03:00\">17\/04\/2026<\/time><\/span><span class=\"entry-meta-item penci-comment-count\"><a class=\"penci_pmeta-link\" href=\"https:\/\/focustim.ro\/dominic-fritz-anunta-concedieri-la-primaria-timisoara-si-politia-locala-cu-ordinele-lui-bolojan-nu-se-joaca-nimeni\/#respond\">0<\/a><\/span><\/div>\n<p><span class=\"penci-social-buttons penci-social-share-footer\"><span class=\"penci-social-share-text\">Distribuie<\/span><a href=\"https:\/\/focustim.ro\/dominic-fritz-anunta-concedieri-la-primaria-timisoara-si-politia-locala-cu-ordinele-lui-bolojan-nu-se-joaca-nimeni\/\" class=\"penci-post-like penci_post-meta_item  single-like-button penci-social-item like\" data-post_id=\"39998\" title=\"Like\" data-like=\"Like\" data-unlike=\"Unlike\"><span class=\"penci-share-number\">0<\/span><\/a><\/span><\/header>\n<div class=\"entry-media penci-entry-media\">\n<div class=\"post-format-meta \">\n<div class=\"post-image penci-standard-format\"><img decoding=\"async\" width=\"960\" height=\"1280\" src=\"https:\/\/focustim.ro\/wp-content\/uploads\/2024\/07\/fritz-960x1280.jpeg\" class=\"attachment-penci-thumb-960-auto size-penci-thumb-960-auto wp-post-image\" alt loading=\"lazy\"><\/div>\n<\/div>\n<\/div>\n<div class=\"penci-entry-content entry-content\">\n<p><strong>Premierul Ilie Bolojan a impus \u00een coali\u021bie reforma administrativ\u0103. Dup\u0103 o perioad\u0103 de calcule, administra\u021bia Fritz a decis s\u0103 treac\u0103 la concedieri. C\u00e2teva sute de posturi se desfiin\u021beaz\u0103. <\/strong><\/p>\n<p>Municipiul Timi\u0219oara continu\u0103 reforma administrativ\u0103 \u00een contextul prevederilor OUG nr. 7\/2026 privind reducerea num\u0103rului maxim de posturi cu 30%. Primarul Dominic Fritz propune Consiliului Local desfiin\u021barea a 138 de posturi \u00een cadrul Aparatului de Specialitate al Primarului, la Direc\u021bia Fiscal\u0103 a Municipiului Timi\u0219oara, Direc\u021bia General\u0103 Proiecte \u0219i Lucr\u0103ri Municipale pentru Sport \u0219i Transport Feroviar \u0219i la Sport Club Municipal. De asemenea, \u00een urma modific\u0103rilor legislative care impun un post de agent local pentru fiecare 1.200 de locuitori, fa\u021b\u0103 de 1.000 anterior, sunt propuse ajust\u0103ri \u0219i la nivelul Poli\u021biei Locale, cu reducerea de 86 de posturi. \u00cen total, administra\u021bia local\u0103 va reduce 102 posturi ocupate, m\u0103sur\u0103 ce va aduce o economie anual\u0103 la bugetul local este de aproximativ 13 milioane de lei.<\/p>\n<p>La nivelul Aparatului de Specialitate al Primarului, reorganizarea are la baz\u0103 procesul de digitalizare a fluxurilor interne care a generat o redimensionare a structurilor \u00een func\u021bie de volumul real de munc\u0103. Spre exemplu, este propus\u0103 desfiin\u021barea a dou\u0103 servicii din cadrul Direc\u021biei de Autorizare \u0219i Control, precum \u0219i desfiin\u021barea a patru posturi la Serviciul Achizi\u021bii Publice, acolo unde analiza activit\u0103\u021bii arat\u0103 c\u0103 performan\u021ba poate fi men\u021binut\u0103 cu o mai bun\u0103 utilizare a resurselor. Totodat\u0103, pentru a \u00eent\u0103ri capacitatea financiar\u0103 \u0219i a sus\u021bine mai eficient orientarea municipalit\u0103\u021bii c\u0103tre finan\u021b\u0103ri externe, este propus\u0103 comasarea Direc\u021biei Incubator Proiecte cu Direc\u021bia Economic\u0103, \u00eentr-o structur\u0103 unitar\u0103 Direc\u021bia General\u0103 Economic\u0103 \u0219i Finan\u021b\u0103ri Proiecte.<\/p>\n<p>Per ansamblu, pentru Aparatul de Specialitate, care \u00een prezent \u00eensumeaz\u0103 494 de posturi, este propus\u0103 desfiin\u021barea a 72 de posturi (8 func\u021bii de conducere, din care 4 ocupate; 62 func\u021bii de execu\u021bie, din care 27 ocupate; 2 func\u021bii contractuale, din care 2 ocupate), precum \u0219i \u00eenfiin\u021barea unui post de director general.<\/p>\n<p>La nivelul structurilor vizate de reform\u0103 este propus\u0103 reducerea num\u0103rului de posturi astfel:<\/p>\n<p>\u2013 Direc\u021bia Fiscal\u0103 a Municipiului Timi\u0219oara \u2013 32 de posturi (18 ocupate \u0219i 17 vacante);<\/p>\n<p>\u2013 Direc\u021bia General\u0103 Proiecte \u0219i Lucr\u0103ri Municipale pentru Sport \u0219i Transport Feroviar \u2013 24 de posturi \u0219i desfiin\u021barea structurii (8 ocupate \u0219i 16 vacante);<\/p>\n<p>\u2013 Sport Club Municipal \u2013 10 posturi (1 ocupat \u0219i 9 vacante);<\/p>\n<p>\u2013 Direc\u021bia General\u0103 Poli\u021bia Local\u0103 Timi\u0219oara \u2013 86 de posturi (42 ocupate \u0219i 44 vacante).<\/p>\n<p>Primarul Dominic Fritz a ini\u021biat procesul de eficientizare al Aparatului de Specialitate \u00eenc\u0103 din anul 2021, c\u00e2nd organigrama num\u0103ra 644 de posturi. Num\u0103rul a fost redus succesiv la 535, apoi la 494, ajung\u00e2nd la 423 de posturi, conform propunerii curente.<\/p>\n<p>Proiectele de hot\u0103r\u00e2re privind reorganizarea pot fi consultate aici:<\/p>\n<ul>\n<li><a href=\"https:\/\/www.primariatm.ro\/proiecte-hcl\/22f6d27d-588c-496a-a8f1-e908366f64d0\">https:\/\/www.primariatm.ro\/proiecte-hcl\/22f6d27d-588c-496a-a8f1-e908366f64d0<\/a>\u00a0<\/li>\n<li><a href=\"https:\/\/www.primariatm.ro\/proiecte-hcl\/b814bd7f-0965-43c5-985a-0330319dea19\">https:\/\/www.primariatm.ro\/proiecte-hcl\/b814bd7f-0965-43c5-985a-0330319dea19<\/a>\u00a0<\/li>\n<li><a href=\"https:\/\/www.primariatm.ro\/proiecte-hcl\/ea9e8505-99d8-4d01-8f8d-1b06eb4dc014\">https:\/\/www.primariatm.ro\/proiecte-hcl\/ea9e8505-99d8-4d01-8f8d-1b06eb4dc014<\/a>\u00a0<\/li>\n<li><a href=\"https:\/\/www.primariatm.ro\/proiecte-hcl\/7e3c81b5-6850-45b2-8a77-816e4d7fd992\">https:\/\/www.primariatm.ro\/proiecte-hcl\/7e3c81b5-6850-45b2-8a77-816e4d7fd992<\/a>\u00a0<\/li>\n<li><a href=\"https:\/\/www.primariatm.ro\/proiecte-hcl\/4dc92908-37f6-4e54-b584-8a7a61aa8131\">https:\/\/www.primariatm.ro\/proiecte-hcl\/4dc92908-37f6-4e54-b584-8a7a61aa8131<\/a>\u00a0<\/li>\n<\/ul>\n<p>Cei interesa\u021bi sunt invita\u021bi s\u0103 trimit\u0103 propuneri, sugestii sau opinii legate de proiectele de hot\u0103r\u00e2re la adresele consultare@primariatm.ro \u0219i primariatm@primariatm.ro, sau fizic la Camera 12 p\u00e2n\u0103 la data de 27 aprilie. Prim\u0103ria va organiza o dezbatere public\u0103 pe care o va anun\u021ba ulterior.<\/p>\n<div class=\"sharedaddy sd-sharing-enabled\">\n<div class=\"robots-nocontent sd-block sd-social sd-social-icon-text sd-sharing\">\n<h3 class=\"sd-title\">Partajeaz\u0103 asta:<\/h3>\n<div class=\"sd-content\">\n<ul>\n<li class=\"share-twitter\"><a rel=\"nofollow noopener noreferrer\" data-shared=\"sharing-twitter-39998\" class=\"share-twitter sd-button share-icon\" href=\"https:\/\/focustim.ro\/dominic-fritz-anunta-concedieri-la-primaria-timisoara-si-politia-locala-cu-ordinele-lui-bolojan-nu-se-joaca-nimeni\/?share=twitter\" target=\"_blank\" title=\"D\u0103 clic pentru a partaja pe Twitter\"><span>Twitter<\/span><\/a><\/li>\n<li class=\"share-facebook\"><a rel=\"nofollow noopener noreferrer\" data-shared=\"sharing-facebook-39998\" class=\"share-facebook sd-button share-icon\" href=\"https:\/\/focustim.ro\/dominic-fritz-anunta-concedieri-la-primaria-timisoara-si-politia-locala-cu-ordinele-lui-bolojan-nu-se-joaca-nimeni\/?share=facebook\" target=\"_blank\" title=\"D\u0103 clic pentru a partaja pe Facebook\"><span>Facebook<\/span><\/a><\/li>\n<li class=\"share-end\"><\/ul>\n<\/div>\n<\/div>\n<\/div>\n<div class=\"sharedaddy sd-block sd-like jetpack-likes-widget-wrapper jetpack-likes-widget-unloaded\" id=\"like-post-wrapper-167025405-39998-69e25f7be2691\" data-src=\"https:\/\/widgets.wp.com\/likes\/#blog_id=167025405&amp;post_id=39998&amp;origin=focustim.ro&amp;obj_id=167025405-39998-69e25f7be2691\" data-name=\"like-post-frame-167025405-39998-69e25f7be2691\" data-title=\"Apreciaz\u0103 sau republic\u0103\">\n<h3 class=\"sd-title\">Apreciaz\u0103:<\/h3>\n<div class=\"likes-widget-placeholder post-likes-widget-placeholder\"><span class=\"button\"><span>Apreciere<\/span><\/span><span class=\"loading\">\u00cencarc&#8230;<\/span><\/div>\n<\/div>\n<\/div>\n<footer class=\"penci-entry-footer\">\n<div class=\"penci-source-via-tags-wrap\"><span class=\"tags-links penci-tags-links\"><a href=\"https:\/\/focustim.ro\/tag\/fritz\/\" rel=\"tag\">Fritz<\/a><a href=\"https:\/\/focustim.ro\/tag\/politia-locala-timisoara\/\" rel=\"tag\">Politia Locala Timisoara<\/a><\/span><\/div>\n<p><span class=\"penci-social-buttons penci-social-share-footer\"><span class=\"penci-social-share-text\">Distribuie<\/span><a href=\"https:\/\/focustim.ro\/dominic-fritz-anunta-concedieri-la-primaria-timisoara-si-politia-locala-cu-ordinele-lui-bolojan-nu-se-joaca-nimeni\/\" class=\"penci-post-like penci_post-meta_item  single-like-button penci-social-item like\" data-post_id=\"39998\" title=\"Like\" data-like=\"Like\" data-unlike=\"Unlike\"><span class=\"penci-share-number\">0<\/span><\/a><\/span><\/footer>\n<\/article>\n<div class=\"penci-entry-content entry-content\">\n<p><strong>Premierul Ilie Bolojan a impus \u00een coali\u021bie reforma administrativ\u0103. Dup\u0103 o perioad\u0103 de calcule, administra\u021bia Fritz a decis s\u0103 treac\u0103 la concedieri. C\u00e2teva sute de posturi se desfiin\u021beaz\u0103. <\/strong><\/p>\n<p>Municipiul Timi\u0219oara continu\u0103 reforma administrativ\u0103 \u00een contextul prevederilor OUG nr. 7\/2026 privind reducerea num\u0103rului maxim de posturi cu 30%. Primarul Dominic Fritz propune Consiliului Local desfiin\u021barea a 138 de posturi \u00een cadrul Aparatului de Specialitate al Primarului, la Direc\u021bia Fiscal\u0103 a Municipiului Timi\u0219oara, Direc\u021bia General\u0103 Proiecte \u0219i Lucr\u0103ri Municipale pentru Sport \u0219i Transport Feroviar \u0219i la Sport Club Municipal. De asemenea, \u00een urma modific\u0103rilor legislative care impun un post de agent local pentru fiecare 1.200 de locuitori, fa\u021b\u0103 de 1.000 anterior, sunt propuse ajust\u0103ri \u0219i la nivelul Poli\u021biei Locale, cu reducerea de 86 de posturi. \u00cen total, administra\u021bia local\u0103 va reduce 102 posturi ocupate, m\u0103sur\u0103 ce va aduce o economie anual\u0103 la bugetul local este de aproximativ 13 milioane de lei.<\/p>\n<p>La nivelul Aparatului de Specialitate al Primarului, reorganizarea are la baz\u0103 procesul de digitalizare a fluxurilor interne care a generat o redimensionare a structurilor \u00een func\u021bie de volumul real de munc\u0103. Spre exemplu, este propus\u0103 desfiin\u021barea a dou\u0103 servicii din cadrul Direc\u021biei de Autorizare \u0219i Control, precum \u0219i desfiin\u021barea a patru posturi la Serviciul Achizi\u021bii Publice, acolo unde analiza activit\u0103\u021bii arat\u0103 c\u0103 performan\u021ba poate fi men\u021binut\u0103 cu o mai bun\u0103 utilizare a resurselor. Totodat\u0103, pentru a \u00eent\u0103ri capacitatea financiar\u0103 \u0219i a sus\u021bine mai eficient orientarea municipalit\u0103\u021bii c\u0103tre finan\u021b\u0103ri externe, este propus\u0103 comasarea Direc\u021biei Incubator Proiecte cu Direc\u021bia Economic\u0103, \u00eentr-o structur\u0103 unitar\u0103 Direc\u021bia General\u0103 Economic\u0103 \u0219i Finan\u021b\u0103ri Proiecte.<\/p>\n<p>Per ansamblu, pentru Aparatul de Specialitate, care \u00een prezent \u00eensumeaz\u0103 494 de posturi, este propus\u0103 desfiin\u021barea a 72 de posturi (8 func\u021bii de conducere, din care 4 ocupate; 62 func\u021bii de execu\u021bie, din care 27 ocupate; 2 func\u021bii contractuale, din care 2 ocupate), precum \u0219i \u00eenfiin\u021barea unui post de director general.<\/p>\n<p>La nivelul structurilor vizate de reform\u0103 este propus\u0103 reducerea num\u0103rului de posturi astfel:<\/p>\n<p>\u2013 Direc\u021bia Fiscal\u0103 a Municipiului Timi\u0219oara \u2013 32 de posturi (18 ocupate \u0219i 17 vacante);<\/p>\n<p>\u2013 Direc\u021bia General\u0103 Proiecte \u0219i Lucr\u0103ri Municipale pentru Sport \u0219i Transport Feroviar \u2013 24 de posturi \u0219i desfiin\u021barea structurii (8 ocupate \u0219i 16 vacante);<\/p>\n<p>\u2013 Sport Club Municipal \u2013 10 posturi (1 ocupat \u0219i 9 vacante);<\/p>\n<p>\u2013 Direc\u021bia General\u0103 Poli\u021bia Local\u0103 Timi\u0219oara \u2013 86 de posturi (42 ocupate \u0219i 44 vacante).<\/p>\n<p>Primarul Dominic Fritz a ini\u021biat procesul de eficientizare al Aparatului de Specialitate \u00eenc\u0103 din anul 2021, c\u00e2nd organigrama num\u0103ra 644 de posturi. Num\u0103rul a fost redus succesiv la 535, apoi la 494, ajung\u00e2nd la 423 de posturi, conform propunerii curente.<\/p>\n<p>Proiectele de hot\u0103r\u00e2re privind reorganizarea pot fi consultate aici:<\/p>\n<ul>\n<li><a href=\"https:\/\/www.primariatm.ro\/proiecte-hcl\/22f6d27d-588c-496a-a8f1-e908366f64d0\">https:\/\/www.primariatm.ro\/proiecte-hcl\/22f6d27d-588c-496a-a8f1-e908366f64d0<\/a>\u00a0<\/li>\n<li><a href=\"https:\/\/www.primariatm.ro\/proiecte-hcl\/b814bd7f-0965-43c5-985a-0330319dea19\">https:\/\/www.primariatm.ro\/proiecte-hcl\/b814bd7f-0965-43c5-985a-0330319dea19<\/a>\u00a0<\/li>\n<li><a href=\"https:\/\/www.primariatm.ro\/proiecte-hcl\/ea9e8505-99d8-4d01-8f8d-1b06eb4dc014\">https:\/\/www.primariatm.ro\/proiecte-hcl\/ea9e8505-99d8-4d01-8f8d-1b06eb4dc014<\/a>\u00a0<\/li>\n<li><a href=\"https:\/\/www.primariatm.ro\/proiecte-hcl\/7e3c81b5-6850-45b2-8a77-816e4d7fd992\">https:\/\/www.primariatm.ro\/proiecte-hcl\/7e3c81b5-6850-45b2-8a77-816e4d7fd992<\/a>\u00a0<\/li>\n<li><a href=\"https:\/\/www.primariatm.ro\/proiecte-hcl\/4dc92908-37f6-4e54-b584-8a7a61aa8131\">https:\/\/www.primariatm.ro\/proiecte-hcl\/4dc92908-37f6-4e54-b584-8a7a61aa8131<\/a>\u00a0<\/li>\n<\/ul>\n<p>Cei interesa\u021bi sunt invita\u021bi s\u0103 trimit\u0103 propuneri, sugestii sau opinii legate de proiectele de hot\u0103r\u00e2re la adresele consultare@primariatm.ro \u0219i primariatm@primariatm.ro, sau fizic la Camera 12 p\u00e2n\u0103 la data de 27 aprilie. Prim\u0103ria va organiza o dezbatere public\u0103 pe care o va anun\u021ba ulterior.<\/p>\n<div class=\"sharedaddy sd-sharing-enabled\">\n<div class=\"robots-nocontent sd-block sd-social sd-social-icon-text sd-sharing\">\n<h3 class=\"sd-title\">Partajeaz\u0103 asta:<\/h3>\n<div class=\"sd-content\">\n<ul>\n<li class=\"share-twitter\"><a rel=\"nofollow noopener noreferrer\" data-shared=\"sharing-twitter-39998\" class=\"share-twitter sd-button share-icon\" href=\"https:\/\/focustim.ro\/dominic-fritz-anunta-concedieri-la-primaria-timisoara-si-politia-locala-cu-ordinele-lui-bolojan-nu-se-joaca-nimeni\/?share=twitter\" target=\"_blank\" title=\"D\u0103 clic pentru a partaja pe Twitter\"><span>Twitter<\/span><\/a><\/li>\n<li class=\"share-facebook\"><a rel=\"nofollow noopener noreferrer\" data-shared=\"sharing-facebook-39998\" class=\"share-facebook sd-button share-icon\" href=\"https:\/\/focustim.ro\/dominic-fritz-anunta-concedieri-la-primaria-timisoara-si-politia-locala-cu-ordinele-lui-bolojan-nu-se-joaca-nimeni\/?share=facebook\" target=\"_blank\" title=\"D\u0103 clic pentru a partaja pe Facebook\"><span>Facebook<\/span><\/a><\/li>\n<li class=\"share-end\"><\/ul>\n<\/div>\n<\/div>\n<\/div>\n<div class=\"sharedaddy sd-block sd-like jetpack-likes-widget-wrapper jetpack-likes-widget-unloaded\" id=\"like-post-wrapper-167025405-39998-69e25f7be2691\" data-src=\"https:\/\/widgets.wp.com\/likes\/#blog_id=167025405&amp;post_id=39998&amp;origin=focustim.ro&amp;obj_id=167025405-39998-69e25f7be2691\" data-name=\"like-post-frame-167025405-39998-69e25f7be2691\" data-title=\"Apreciaz\u0103 sau republic\u0103\">\n<h3 class=\"sd-title\">Apreciaz\u0103:<\/h3>\n<div class=\"likes-widget-placeholder post-likes-widget-placeholder\"><span class=\"button\"><span>Apreciere<\/span><\/span><span class=\"loading\">\u00cencarc&#8230;<\/span><\/div>\n<\/div>\n<\/div>\n<p>[analyse_source url=&#8221;https:\/\/focustim.ro\/dominic-fritz-anunta-concedieri-la-primaria-timisoara-si-politia-locala-cu-ordinele-lui-bolojan-nu-se-joaca-nimeni\/&#8221;]<\/p>\n","protected":false},"excerpt":{"rendered":"<p>[analyse_image type=&#8221;featured&#8221; src=&#8221;https:\/\/focustim.ro\/wp-content\/uploads\/2024\/07\/fritz.jpeg&#8221;] ActualitateAdministra\u021bieFeatured Dominic Fritz anun\u021b\u0103 concedieri la Prim\u0103ria Timi\u0219oara \u0219i Poli\u021bia Local\u0103: Cu ordinele lui Bolojan nu se joac\u0103 nimeni 17\/04\/202617\/04\/20260 Distribuie0 Premierul Ilie Bolojan a impus \u00een coali\u021bie reforma administrativ\u0103. Dup\u0103 o perioad\u0103 de calcule, administra\u021bia Fritz a decis s\u0103 treac\u0103 la concedieri. C\u00e2teva sute de posturi se desfiin\u021beaz\u0103. Municipiul Timi\u0219oara continu\u0103 [&hellip;]<\/p>\n","protected":false},"author":1,"featured_media":0,"comment_status":"open","ping_status":"","sticky":false,"template":"","format":"standard","meta":{"footnotes":""},"categories":[89],"tags":[226,197],"class_list":["post-1888250","post","type-post","status-publish","format-standard","hentry","category-romania","tag-crawlmanager","tag-focustim-ro"],"_links":{"self":[{"href":"https:\/\/analyse.optim.biz\/index.php?rest_route=\/wp\/v2\/posts\/1888250","targetHints":{"allow":["GET"]}}],"collection":[{"href":"https:\/\/analyse.optim.biz\/index.php?rest_route=\/wp\/v2\/posts"}],"about":[{"href":"https:\/\/analyse.optim.biz\/index.php?rest_route=\/wp\/v2\/types\/post"}],"author":[{"embeddable":true,"href":"https:\/\/analyse.optim.biz\/index.php?rest_route=\/wp\/v2\/users\/1"}],"replies":[{"embeddable":true,"href":"https:\/\/analyse.optim.biz\/index.php?rest_route=%2Fwp%2Fv2%2Fcomments&post=1888250"}],"version-history":[{"count":0,"href":"https:\/\/analyse.optim.biz\/index.php?rest_route=\/wp\/v2\/posts\/1888250\/revisions"}],"wp:attachment":[{"href":"https:\/\/analyse.optim.biz\/index.php?rest_route=%2Fwp%2Fv2%2Fmedia&parent=1888250"}],"wp:term":[{"taxonomy":"category","embeddable":true,"href":"https:\/\/analyse.optim.biz\/index.php?rest_route=%2Fwp%2Fv2%2Fcategories&post=1888250"},{"taxonomy":"post_tag","embeddable":true,"href":"https:\/\/analyse.optim.biz\/index.php?rest_route=%2Fwp%2Fv2%2Ftags&post=1888250"}],"curies":[{"name":"wp","href":"https:\/\/api.w.org\/{rel}","templated":true}]}}