{"id":1888207,"date":"2026-04-17T15:36:29","date_gmt":"2026-04-17T12:36:29","guid":{"rendered":"https:\/\/analyse.optim.biz\/?p=1888207"},"modified":"2026-04-17T15:36:29","modified_gmt":"2026-04-17T12:36:29","slug":"scandal-si-bataie-intr-un-bar-o-angajata-a-fost-lovita-pe-motiv-ca-a-refuzat-sa-mai-serveasca-alcool-unui","status":"publish","type":"post","link":"https:\/\/analyse.optim.biz\/?p=1888207","title":{"rendered":"Scandal \u0219i b\u0103taie, \u00eentr-un bar, o angajat\u0103 a fost lovit\u0103 pe motiv c\u0103 a refuzat s\u0103 mai serveasc\u0103 alcool unui"},"content":{"rendered":"<p>[analyse_image type=&#8221;featured&#8221; src=&#8221;https:\/\/www.informatiata.ro\/wp-content\/uploads\/2026\/04\/IMG_20260417_183124-1024&#215;774.jpg&#8221;]<\/p>\n<div class=\"td-post-content tagdiv-type\">\n<div class=\"td-post-featured-image\"><a href=\"https:\/\/www.informatiata.ro\/wp-content\/uploads\/2026\/04\/IMG_20260417_183124-scaled.jpg\" data-caption><img loading=\"lazy\" decoding=\"async\" width=\"696\" height=\"526\" class=\"entry-thumb td-modal-image\" src=\"https:\/\/www.informatiata.ro\/wp-content\/uploads\/2026\/04\/IMG_20260417_183124-696x526.jpg\" alt title=\"IMG_20260417_183124\"><img loading=\"lazy\" decoding=\"async\" width=\"696\" height=\"526\" class=\"entry-thumb td-modal-image\" src=\"https:\/\/www.informatiata.ro\/wp-content\/uploads\/2026\/04\/IMG_20260417_183124-696x526.jpg\" alt title=\"IMG_20260417_183124\"><\/a><\/div>\n<p>Scandal \u0219i b\u0103taie, \u00eentr-un bar, o angajat\u0103 a fost lovit\u0103 pe motiv c\u0103 a refuzat s\u0103 mai serveasc\u0103 alcool unui individ. <\/p>\n<p>La data de 12.04.2026, \u00een jurul orelor 19:50, lucr\u0103torii Poli\u021biei ora\u0219ului Salcea, \u00een timp efectuau serviciul de patrulare cu autospeciala au observat faptul c\u0103 \u00een parcarea din fa\u021ba barului TIMEOUT are loc un conflict \u00een desf\u0103\u0219urare, motiv pentru care au intervenit. <\/p>\n<div class=\"td-a-rec td-a-rec-id-content_inlineright  tdi_6 td_block_template_1\"><img loading=\"lazy\" decoding=\"async\" class=\"aligncenter size-full wp-image-64555\" src=\"https:\/\/www.informatiata.ro\/wp-content\/uploads\/2026\/04\/SAVCOM-13.gif\" alt width=\"299\" height=\"250\"><img loading=\"lazy\" decoding=\"async\" class=\"aligncenter size-full wp-image-64555\" src=\"https:\/\/www.informatiata.ro\/wp-content\/uploads\/2026\/04\/SAVCOM-13.gif\" alt width=\"299\" height=\"250\"><img loading=\"lazy\" decoding=\"async\" class=\"aligncenter size-full wp-image-64556\" src=\"https:\/\/www.informatiata.ro\/wp-content\/uploads\/2026\/04\/FACOS-11.gif\" alt width=\"300\" height=\"250\"><img loading=\"lazy\" decoding=\"async\" class=\"aligncenter size-full wp-image-64556\" src=\"https:\/\/www.informatiata.ro\/wp-content\/uploads\/2026\/04\/FACOS-11.gif\" alt width=\"300\" height=\"250\"><\/div>\n<p>Astfel, conflictul \u00een desf\u0103\u0219urare se manifesta \u00eentre dou\u0103 persoane de sex masculin, respectiv numitul T. C. L. \u00een v\u00e2rst\u0103 de 25 de ani, din sat S\u0103l\u0103geni, com. Dumbr\u0103veni, jud. Suceava, \u0219i G. M., \u00een v\u00e2rst\u0103 de 57 de ani, din sat\/com. Dumbr\u0103veni, jud. SUCEAVA.<\/p>\n<p>G. M., aflat \u00een v\u0103dit\u0103 stare de ebrietate, se manifesta agresiv, amenin\u021b\u00e2ndu-l pe cel\u0103lalt b\u0103rbat cu acte de violen\u021b\u0103. <\/p>\n<p>Lucr\u0103torii de poli\u021bie au \u00eencercat aplanarea conflictului, dar f\u0103r\u0103 rezultat, G.M. manifest\u00e2ndu-se \u00een continuare agresiv, motiv pentru care a fost imobilizat \u0219i \u00eenc\u0103tu\u0219at. <\/p>\n<p> Av\u00e2nd \u00een vedere comportamentul agresiv verbal continuu al acestuia \u0219i la momentul conducerii la sediul Poli\u021biei, s-a procedat la solicitarea unui echipaj medical \u00een vederea transport\u0103rii \u0219i evalu\u0103rii de c\u0103tre un medic specialist psihiatru.<\/p>\n<p>Totodat\u0103, s-a stabilit \u0219i faptul c\u0103 gestionara barului respectiv, anterior conflictului \u00eentre cei doi, a fost lovit\u0103 cu palma peste fa\u021b\u0103 de c\u0103tre numitul G. M. pe motiv c\u0103 aceasta nu a mai dorit s\u0103-l serveasc\u0103 cu b\u0103uturi alcoolice. <\/p>\n<p>Ulterior, numitul T.C.L. a intervenit, \u00eencerc\u00e2nd s\u0103-l lini\u0219teasc\u0103 pe scandalagiu, conflictul continu\u00e2nd \u00een parcarea din fa\u021ba barului p\u00e2n\u0103 la momentul sosirii echipajului de poli\u021bie.<\/p>\n<p>Individul violent a fost re\u021binut pentru 24 de ore \u0219i va fi prezentat instan\u021bei cu propunere de arestare preventiv\u0103. <\/p>\n<div class=\"td-a-rec td-a-rec-id-content_bottom  tdi_7 td_block_template_1\"><img loading=\"lazy\" decoding=\"async\" class=\"aligncenter size-large wp-image-64642\" src=\"https:\/\/www.informatiata.ro\/wp-content\/uploads\/2026\/04\/felicitare-bun-Dzimi-1024x612.jpg\" alt width=\"696\" height=\"416\"><img loading=\"lazy\" decoding=\"async\" class=\"aligncenter size-large wp-image-64642\" src=\"https:\/\/www.informatiata.ro\/wp-content\/uploads\/2026\/04\/felicitare-bun-Dzimi-1024x612.jpg\" alt width=\"696\" height=\"416\"><img loading=\"lazy\" decoding=\"async\" class=\"aligncenter size-large wp-image-64641\" src=\"https:\/\/www.informatiata.ro\/wp-content\/uploads\/2026\/04\/felicitare-bun-balan-1024x765.jpg\" alt width=\"696\" height=\"520\"><img loading=\"lazy\" decoding=\"async\" class=\"aligncenter size-large wp-image-64641\" src=\"https:\/\/www.informatiata.ro\/wp-content\/uploads\/2026\/04\/felicitare-bun-balan-1024x765.jpg\" alt width=\"696\" height=\"520\"><img loading=\"lazy\" decoding=\"async\" class=\"aligncenter size-large wp-image-64643\" src=\"https:\/\/www.informatiata.ro\/wp-content\/uploads\/2026\/04\/felicitare-bun-boliacu-1024x1024.jpg\" alt width=\"696\" height=\"696\"><img loading=\"lazy\" decoding=\"async\" class=\"aligncenter size-large wp-image-64643\" src=\"https:\/\/www.informatiata.ro\/wp-content\/uploads\/2026\/04\/felicitare-bun-boliacu-1024x1024.jpg\" alt width=\"696\" height=\"696\"><\/div>\n<\/div>\n<p>[analyse_source url=&#8221;https:\/\/www.informatiata.ro\/scandal-si-gestionara-lovita-bar-salcea\/&#8221;]<\/p>\n","protected":false},"excerpt":{"rendered":"<p>[analyse_image type=&#8221;featured&#8221; src=&#8221;https:\/\/www.informatiata.ro\/wp-content\/uploads\/2026\/04\/IMG_20260417_183124-1024&#215;774.jpg&#8221;] Scandal \u0219i b\u0103taie, \u00eentr-un bar, o angajat\u0103 a fost lovit\u0103 pe motiv c\u0103 a refuzat s\u0103 mai serveasc\u0103 alcool unui individ. La data de 12.04.2026, \u00een jurul orelor 19:50, lucr\u0103torii Poli\u021biei ora\u0219ului Salcea, \u00een timp efectuau serviciul de patrulare cu autospeciala au observat faptul c\u0103 \u00een parcarea din fa\u021ba barului TIMEOUT are [&hellip;]<\/p>\n","protected":false},"author":1,"featured_media":0,"comment_status":"open","ping_status":"","sticky":false,"template":"","format":"standard","meta":{"footnotes":""},"categories":[89],"tags":[226,167],"class_list":["post-1888207","post","type-post","status-publish","format-standard","hentry","category-romania","tag-crawlmanager","tag-informatiata-ro"],"_links":{"self":[{"href":"https:\/\/analyse.optim.biz\/index.php?rest_route=\/wp\/v2\/posts\/1888207","targetHints":{"allow":["GET"]}}],"collection":[{"href":"https:\/\/analyse.optim.biz\/index.php?rest_route=\/wp\/v2\/posts"}],"about":[{"href":"https:\/\/analyse.optim.biz\/index.php?rest_route=\/wp\/v2\/types\/post"}],"author":[{"embeddable":true,"href":"https:\/\/analyse.optim.biz\/index.php?rest_route=\/wp\/v2\/users\/1"}],"replies":[{"embeddable":true,"href":"https:\/\/analyse.optim.biz\/index.php?rest_route=%2Fwp%2Fv2%2Fcomments&post=1888207"}],"version-history":[{"count":0,"href":"https:\/\/analyse.optim.biz\/index.php?rest_route=\/wp\/v2\/posts\/1888207\/revisions"}],"wp:attachment":[{"href":"https:\/\/analyse.optim.biz\/index.php?rest_route=%2Fwp%2Fv2%2Fmedia&parent=1888207"}],"wp:term":[{"taxonomy":"category","embeddable":true,"href":"https:\/\/analyse.optim.biz\/index.php?rest_route=%2Fwp%2Fv2%2Fcategories&post=1888207"},{"taxonomy":"post_tag","embeddable":true,"href":"https:\/\/analyse.optim.biz\/index.php?rest_route=%2Fwp%2Fv2%2Ftags&post=1888207"}],"curies":[{"name":"wp","href":"https:\/\/api.w.org\/{rel}","templated":true}]}}