{"id":188819,"date":"2015-01-06T20:07:59","date_gmt":"2015-01-06T17:07:59","guid":{"rendered":"https:\/\/analyse.optim.biz\/?p=188819"},"modified":"2015-01-06T20:07:59","modified_gmt":"2015-01-06T17:07:59","slug":"monica-macovei-patru-motive-sa-ne-intrebam-care-sunt-intentiile-presedintelui-iohannis-privind-justitia","status":"publish","type":"post","link":"https:\/\/analyse.optim.biz\/?p=188819","title":{"rendered":"Monica Macovei: Patru motive s\u0103 ne \u00eentreb\u0103m care sunt inten\u021biile pre\u0219edintelui Iohannis privind justi\u021bia"},"content":{"rendered":"<div class=\"entry data-app-meta data-app-meta-article\" data-embed-base-url-canonical=\"https:\/\/www.digi24.ro\/embed\/stiri\/actualitate\/politica\/monica-macovei-patru-motive-sa-ne-intrebam-care-sunt-intentiile-presedintelui-iohannis-privind-justitia-343754\">\n<p data-index=\"1\"><img decoding=\"async\" src=\"https:\/\/analyse.optim.biz\/wp-content\/uploads\/2024\/09\/lmpwzyz3ptgwmczoyxnopwm4mmjjnddlmgm1mmrlywuymgqwnjixmtq5mjdmnmmw-thumb_.jpg\" data-skip-htmlfix=\"1\" title=\"lmpwzyz3ptgwmczoyxnopwm4mmjjnddlmgm1mmrlywuymgqwnjixmtq5mjdmnmmw-thumb_\"><\/p>\n<p data-index=\"2\"><em>FOTO: Facebook Monica Macovei<\/em><\/p>\n<p data-index=\"3\">\u201e1. Pre\u0219edintele Klaus Iohannis a spus ast\u0103zi public c\u0103 are obiectivul ridic\u0103rii Mecanismului de Cooperare \u0219i Verificare p\u00e2n\u0103 la sf\u00e2r\u0219itul lui 2016.<\/p>\n<p data-index=\"4\">Reamintesc c\u0103 DNA exist\u0103 \u0219i lucreaz\u0103 ast\u0103zi tocmai datorit\u0103 MCV, pentru c\u0103 obsesia majorit\u0103\u021bii clasei politice este de ani de zile eliminarea DNA. MCV exist\u0103 pentru c\u0103 Parlamentul \u0219i politicienii nu au voin\u021ba politic\u0103 de a lupta cu corup\u021bia, am\u00e2n\u0103 sau blocheaz\u0103 ridicarea imunit\u0103\u021bii sau \u00eencearc\u0103 gra\u021bierea colegilor de dup\u0103 gratii.<\/p>\n<p data-index=\"5\">Solu\u021bia este ridicarea imediat\u0103 \u0219i f\u0103r\u0103 excep\u021bii a imunit\u0103\u021bii parlamentarilor \u0219i mini\u0219trilor cu dosare penale \u0219i oprirea ordonan\u021belor de urgen\u021b\u0103 \u0219i a legilor de protec\u021bie a politicienilor. P\u00e2n\u0103 nu se elimin\u0103 blocajele politice din drumul justi\u021biei, MCV trebuie s\u0103 r\u0103m\u00e2n\u0103 pentru func\u021bionarea dreapt\u0103 \u0219i independent\u0103 a justi\u021biei.<\/p>\n<p data-index=\"6\">2. Pre\u0219edintele Iohannis, care este \u0219i pre\u0219edintele CSAT, a vorbit ast\u0103zi despre posibilitatea ca procurorul general s\u0103 fie membru CSAT, iar prim-ministrul Ponta s-a gr\u0103bit s\u0103-\u0219i anun\u021be sus\u021binerea pentru acest lucru, f\u0103r\u0103 a aduce argumente.<\/p>\n<p data-index=\"7\">O astfel de m\u0103sur\u0103, adic\u0103 prezen\u021ba permanent\u0103 a procurorului general \u00een cadrul CSAT, este gre\u0219it\u0103 \u0219i \u00eenc\u0103lc\u0103 principiul separa\u021biei puterilor \u00een stat.<\/p>\n<p data-index=\"8\">Exist\u0103 riscul ca, odat\u0103 a\u0219ezat la aceea\u0219i mas\u0103 cu at\u00e2\u021bia oameni politici (pre\u0219edinte, prim-ministru, mini\u0219tri), procurorul general s\u0103 primeasc\u0103 sugestii sau chiar s\u0103 fie supus unor presiuni politice privind anchetele \u00een curs sau ini\u021bierea unor dosare penale.<\/p>\n<p data-index=\"9\">Legea si practica de ast\u0103zi, care permit invitarea procurorului general la unele \u0219edin\u021be CSAT, c\u00e2nd se discut\u0103 chestiuni din domeniul lui de activitate, sunt suficiente.<\/p>\n<p data-index=\"10\">3. Pre\u0219edintele Iohannis a spus ast<span>\u0103zi c\u0103 j<\/span>usti\u021bia este \u201cuna din cele trei puteri ale statului, nu o supraputere\u201d. C\u00e2nd a dat justi\u021bia semnale sau s-a comportat ca o \u201csupraputere\u201d, astfel \u00eenc\u00e2t s\u0103 devin\u0103 motiv de \u00eengrijorare pentru pre\u0219edinte? P\u00e2n\u0103 acum, toate atacurile murdare au fost la adresa justi\u021biei, a unor judec\u0103tori \u0219i procurori.<\/p>\n<p data-index=\"11\">Este justi\u021bia o \u201csupraputere\u201d dac\u0103 ancheteaz\u0103 parlamentari \u0219i mini\u0219tri, adic\u0103 reprezentan\u021bii celorlalte dou\u0103 puteri ale statului, \u0219i atunci s\u0103 o lase mai \u00eencet cu aceste anchete?<\/p>\n<p data-index=\"12\">4. Pre\u0219edintele Iohannis a vorbit ast\u0103zi \u0219i despre \u201cscurgeri nepermise de informa<span>\u021b<\/span>ii \u00een pres\u0103, din dosarele penale aflate \u00een curs de instrumentare\u201d, prelu\u00e2nd astfel una din temele preferate de atac ale politicienilor PSD\/USL cerceta\u021bi \u00een dosare penale.<\/p>\n<p data-index=\"13\">Oamenii trebuie s\u0103 \u0219tie dac\u0103 politicienii sunt ancheta\u021bi pentru corup\u021bie, dac\u0103 sunt fura\u021bi de politicieni. Iar presa trebuie s\u0103 r\u0103spund\u0103 acestui interes public. Nu este vorba despre \u201cscurgeri nepermise de informa<span>\u021b<\/span>ii \u00een pres\u0103\u201d, ci despre informarea publicului\u201d, spune <strong>Monica Macovei \u00een comunicatul dat publicit\u0103\u021bii.<\/strong><\/p>\n<p data-index=\"14\"><strong>Monica Macovei \u0219i-a detaliat opiniile \u00een emisiunea \u201eJurnalul de Sear\u0103\u201d, de la Digi24. Urm\u0103ri\u021bi \u00een materialul video de mai jos comentariile europarlamentarului pe tema primelor propuneri ale pre\u0219edintelui pe tema justi\u021biei:<\/strong><\/p>\n<p data-index=\"15\"><strong><br \/><\/strong><\/p>\n<p data-index=\"16\"><strong>Citi\u021bi \u0219i:\u00a0<\/strong><\/p>\n<h5><a href=\"https:\/\/www.digi24.ro\/Stiri\/Digi24\/Actualitate\/Justitie\/Iohannis+Procurorul+general+ar+trebui+sa+fie+membru+al+CSAT\" target=\"_blank\" data-skip-linkfix=\"1\" rel=\"noopener\">Klaus Iohannis: Procurorul general ar trebui s\u0103 fie membru al CSAT<\/a><\/h5>\n<h5><a href=\"https:\/\/www.digi24.ro\/Stiri\/Digi24\/Actualitate\/Justitie\/Klaus+Iohannis+Ridicarea+MCV+trebuie+sa+devina+un+obiectiv+major\" target=\"_blank\" data-skip-linkfix=\"1\" rel=\"noopener\">Klaus Iohannis: Ridicarea MCV trebuie s\u0103 devin\u0103 un obiectiv major al justi\u021biei<\/a><\/h5>\n<h5><a href=\"https:\/\/www.digi24.ro\/Stiri\/Digi24\/Actualitate\/Justitie\/CSM+isi+alege+conducerea+Sedinta+va+fi+prezidata+de+Klaus+Iohann\" target=\"_blank\" data-skip-linkfix=\"1\" rel=\"noopener\">Klaus Iohannis, mesaj pentru magistra\u0163i: CSM s\u0103 ia atitudine c\u00e2nd apar scurgeri din dosare \u00een pres\u0103<\/a><\/h5>\n<h5><a href=\"https:\/\/www.digi24.ro\/Stiri\/Digi24\/Actualitate\/Justitie\/Livia+Stanciu+Magistratii+nu+vor+negocia+independenta+justitiei+\" target=\"_blank\" data-skip-linkfix=\"1\" rel=\"noopener\">Livia Stanciu: Magistra\u0163ii nu vor negocia independen\u0163a justi\u0163iei, nici m\u0103car de dragul unei p\u0103ci politice<\/a><\/h5>\n<p data-index=\"17\"><strong><br \/><\/strong><\/p>\n<\/div>\n<p> Source URL: https:\/\/www.digi24.ro\/stiri\/actualitate\/politica\/monica-macovei-patru-motive-sa-ne-intrebam-care-sunt-intentiile-presedintelui-iohannis-privind-justitia-343754<\/p>\n","protected":false},"excerpt":{"rendered":"<p>FOTO: Facebook Monica Macovei \u201e1. Pre\u0219edintele Klaus Iohannis a spus ast\u0103zi public c\u0103 are obiectivul ridic\u0103rii Mecanismului de Cooperare \u0219i Verificare p\u00e2n\u0103 la sf\u00e2r\u0219itul lui 2016. Reamintesc c\u0103 DNA exist\u0103 \u0219i lucreaz\u0103 ast\u0103zi tocmai datorit\u0103 MCV, pentru c\u0103 obsesia majorit\u0103\u021bii clasei politice este de ani de zile eliminarea DNA. MCV exist\u0103 pentru c\u0103 Parlamentul \u0219i [&hellip;]<\/p>\n","protected":false},"author":1,"featured_media":188820,"comment_status":"open","ping_status":"","sticky":false,"template":"","format":"standard","meta":{"footnotes":""},"categories":[2],"tags":[11],"class_list":["post-188819","post","type-post","status-publish","format-standard","has-post-thumbnail","hentry","category-politics","tag-digi24"],"_links":{"self":[{"href":"https:\/\/analyse.optim.biz\/index.php?rest_route=\/wp\/v2\/posts\/188819","targetHints":{"allow":["GET"]}}],"collection":[{"href":"https:\/\/analyse.optim.biz\/index.php?rest_route=\/wp\/v2\/posts"}],"about":[{"href":"https:\/\/analyse.optim.biz\/index.php?rest_route=\/wp\/v2\/types\/post"}],"author":[{"embeddable":true,"href":"https:\/\/analyse.optim.biz\/index.php?rest_route=\/wp\/v2\/users\/1"}],"replies":[{"embeddable":true,"href":"https:\/\/analyse.optim.biz\/index.php?rest_route=%2Fwp%2Fv2%2Fcomments&post=188819"}],"version-history":[{"count":0,"href":"https:\/\/analyse.optim.biz\/index.php?rest_route=\/wp\/v2\/posts\/188819\/revisions"}],"wp:featuredmedia":[{"embeddable":true,"href":"https:\/\/analyse.optim.biz\/index.php?rest_route=\/wp\/v2\/media\/188820"}],"wp:attachment":[{"href":"https:\/\/analyse.optim.biz\/index.php?rest_route=%2Fwp%2Fv2%2Fmedia&parent=188819"}],"wp:term":[{"taxonomy":"category","embeddable":true,"href":"https:\/\/analyse.optim.biz\/index.php?rest_route=%2Fwp%2Fv2%2Fcategories&post=188819"},{"taxonomy":"post_tag","embeddable":true,"href":"https:\/\/analyse.optim.biz\/index.php?rest_route=%2Fwp%2Fv2%2Ftags&post=188819"}],"curies":[{"name":"wp","href":"https:\/\/api.w.org\/{rel}","templated":true}]}}