{"id":188808,"date":"2015-01-06T23:12:53","date_gmt":"2015-01-06T20:12:53","guid":{"rendered":"https:\/\/analyse.optim.biz\/?p=188808"},"modified":"2015-01-06T23:12:53","modified_gmt":"2015-01-06T20:12:53","slug":"marian-vanghelie-negociaza-pentru-infiintarea-unui-nou-partid-de-stanga","status":"publish","type":"post","link":"https:\/\/analyse.optim.biz\/?p=188808","title":{"rendered":"Marian Vanghelie negociaz\u0103 pentru \u00eenfiin\u021barea unui nou partid de st\u00e2nga"},"content":{"rendered":"<div class=\"entry data-app-meta data-app-meta-article\" data-embed-base-url-canonical=\"https:\/\/www.digi24.ro\/embed\/stiri\/actualitate\/politica\/marian-vanghelie-negociaza-pentru-infiintarea-unui-nou-partid-de-stanga-343780\">\n<p data-index=\"1\"><strong>O nou\u0103 platform\u0103 politic\u0103 de st\u00e2nga va fi anun\u0163at\u0103 p\u00e2n\u0103 la finalul acestei luni.<\/strong> Deocamdat\u0103, n-are nume. \u201eP\u0103rin\u0163ii fondatori\u201d <strong>Marian Vanghelie \u015fi Mircea Geaoan\u0103<\/strong> spun c\u0103 au convins s\u0103 se al\u0103ture proiectului cel pu\u0163in 50 de parlamentari de la PSD, dar \u0219i de la UNPR, PC \u0219i PP-DD. De altfel, <strong>noul proiect politic va \u00eencepe \u00een Parlament \u015fi se va extinde apoi spre teritoriu.<\/strong><\/p>\n<p data-index=\"2\">\u201e<span>Noi am avut \u00eent\u00e2lniri foarte multe cu foarte mul\u0163i parlamentari. Cred c\u0103 am avut cu 50-60 de parlamentari. S\u0103 nu zic majoritatea, 90 % cred c\u0103 din organiza\u0163ia din Bucure\u015fti sunt sc\u00e2rbi\u0163i de ce se \u00eent\u00e2mpl\u0103 \u00een partid. (&#8230;) Am discutat \u00een propor\u0163ie de 90 % cu colegi de-ai no\u015ftri din \u0163ar\u0103 care fiecare dintre ei \u00ee\u015fi manifest\u0103 sup\u0103rarea \u015fi nu \u015ftiu care este solu\u0163ia. De aceea am vrut s\u0103 str\u00e2ngem c\u00e2t mai mul\u0163i colegi de-ai no\u015ftri, care \u00eentr-adev\u0103r pot s\u0103 \u00ee\u015fi aduc\u0103 aportul\u201d, a declarat <strong>Marian Vanghelie<\/strong> pentru <strong>Digi24<\/strong>.<\/span><\/p>\n<p data-index=\"3\">Marian Vanghelie sus\u0163ine c\u0103 a avut discu\u0163ii \u00eencurajatoare cu lideri PSD din <strong>Timi\u015f, Arad, Alba, Cluj, Giurgiu, C\u0103l\u0103ra\u015fi<\/strong>.<\/p>\n<p data-index=\"4\">\u201e<span>Eu \u00eensumi am fost la o discu\u0163ie cu el. Mi-e team\u0103 c\u0103 excluderea lor din partid a generat un pol de putere \u00een afara partidului\u201d, a declarat deputatul PSD, <strong>Radu Popa<\/strong>. \u201eCred c\u0103 excluderea lui Mircea Geoan\u0103 \u015fi al lui Marian Vanghelie din PSD a reprezentat o eroare major\u0103 a conducerii centrale a PSD. Nu pentru faprul c\u0103 Marian Vanghelie este prietenul meu, c\u0103 nu m-am dezis niciodat\u0103 de prietenia cu el\u201d, a declarat pentru Digi24 deputatul <strong>Radu Popa<\/strong>.<\/span><\/p>\n<p data-index=\"5\">Deputatul Radu Popa a fost, p\u00e2n\u0103 de cur\u00e2nd, \u015fi consilier personal al premierului pe linie parlamentar\u0103. A p\u0103r\u0103sit echipa lui Victor Ponta pe motiv c\u0103 s-a sim\u0163it neputincios \u00een fa\u0163a deciziilor luate de conducerea social-democra\u0163ilor dup\u0103 pierderea alegerilor.<\/p>\n<p data-index=\"6\">Toate acestea se \u00eent\u00e2mpl\u0103 \u00een vreme ce <strong>mai mul\u0163i parlamentari \u015fi membri PSD str\u00e2ng semn\u0103turi pentru revenirea lui Mircea Geoan\u0103 \u015fi Marian Vanghelie \u00een partid.<\/strong><\/p>\n<p data-index=\"7\"><strong>Reporter<\/strong>: V-a\u0163i \u00eentoarce \u00een PSD dac\u0103, p\u00e2n\u0103 la urm\u0103, s-ar l\u0103sa convins Victor Ponta de aceast\u0103 scrisoare? <strong>Marian Vanghelie<\/strong>: Din punctul meu de vedere, eu \u00een PSD al\u0103turi de Victor Ponta \u015fi Liviu Dragnea nu am cum s\u0103 vin. M-au sunat s\u0103 m\u0103 \u00eentrebe ce p\u0103rere am. (&#8230;) Dac\u0103 cineva vrea s\u0103 te apere \u015fi vrea s\u0103 vin\u0103 al\u0103turi de tine &#8230;nu am ce s\u0103 fac dec\u00e2t s\u0103 le mul\u0163umesc pentru sprijinul pe care mi-l acord\u0103\u201d, a declarat Marian Vanghelie.<\/p>\n<p data-index=\"8\">Discu\u0163iile despre acest nou pol politic au \u00eenceput \u00een 2014, la scurt timp dup\u0103 ce Comitetul Executiv al PSD i-a dat afar\u0103 din partid pe Mircea Geoan\u0103 \u015fi Marian Vanghelie. Au fost sanc\u0163iona\u0163i astfel dup\u0103 ce au criticat campania electoral\u0103 condus\u0103 de Liviu Dragnea, ba chiar \u00eentreaga conducere a partidului. Tot atunci a fost exclus \u015fi <strong>Dan \u015eova<\/strong>, care \u015fi-ar fi negociat pozi\u0163ia de \u015fef PSD. Dar el nu a contestat decizia.<\/p>\n<\/div>\n<p> Source URL: https:\/\/www.digi24.ro\/stiri\/actualitate\/politica\/marian-vanghelie-negociaza-pentru-infiintarea-unui-nou-partid-de-stanga-343780<\/p>\n","protected":false},"excerpt":{"rendered":"<p>O nou\u0103 platform\u0103 politic\u0103 de st\u00e2nga va fi anun\u0163at\u0103 p\u00e2n\u0103 la finalul acestei luni. Deocamdat\u0103, n-are nume. \u201eP\u0103rin\u0163ii fondatori\u201d Marian Vanghelie \u015fi Mircea Geaoan\u0103 spun c\u0103 au convins s\u0103 se al\u0103ture proiectului cel pu\u0163in 50 de parlamentari de la PSD, dar \u0219i de la UNPR, PC \u0219i PP-DD. De altfel, noul proiect politic va \u00eencepe [&hellip;]<\/p>\n","protected":false},"author":1,"featured_media":188809,"comment_status":"open","ping_status":"","sticky":false,"template":"","format":"standard","meta":{"footnotes":""},"categories":[2],"tags":[11],"class_list":["post-188808","post","type-post","status-publish","format-standard","has-post-thumbnail","hentry","category-politics","tag-digi24"],"_links":{"self":[{"href":"https:\/\/analyse.optim.biz\/index.php?rest_route=\/wp\/v2\/posts\/188808","targetHints":{"allow":["GET"]}}],"collection":[{"href":"https:\/\/analyse.optim.biz\/index.php?rest_route=\/wp\/v2\/posts"}],"about":[{"href":"https:\/\/analyse.optim.biz\/index.php?rest_route=\/wp\/v2\/types\/post"}],"author":[{"embeddable":true,"href":"https:\/\/analyse.optim.biz\/index.php?rest_route=\/wp\/v2\/users\/1"}],"replies":[{"embeddable":true,"href":"https:\/\/analyse.optim.biz\/index.php?rest_route=%2Fwp%2Fv2%2Fcomments&post=188808"}],"version-history":[{"count":0,"href":"https:\/\/analyse.optim.biz\/index.php?rest_route=\/wp\/v2\/posts\/188808\/revisions"}],"wp:featuredmedia":[{"embeddable":true,"href":"https:\/\/analyse.optim.biz\/index.php?rest_route=\/wp\/v2\/media\/188809"}],"wp:attachment":[{"href":"https:\/\/analyse.optim.biz\/index.php?rest_route=%2Fwp%2Fv2%2Fmedia&parent=188808"}],"wp:term":[{"taxonomy":"category","embeddable":true,"href":"https:\/\/analyse.optim.biz\/index.php?rest_route=%2Fwp%2Fv2%2Fcategories&post=188808"},{"taxonomy":"post_tag","embeddable":true,"href":"https:\/\/analyse.optim.biz\/index.php?rest_route=%2Fwp%2Fv2%2Ftags&post=188808"}],"curies":[{"name":"wp","href":"https:\/\/api.w.org\/{rel}","templated":true}]}}