{"id":188797,"date":"2015-01-06T23:42:59","date_gmt":"2015-01-06T20:42:59","guid":{"rendered":"https:\/\/analyse.optim.biz\/?p=188797"},"modified":"2015-01-06T23:42:59","modified_gmt":"2015-01-06T20:42:59","slug":"emil-hurezeanu-referitor-la-criticile-aduse-lui-klaus-iohannis-lasati-l-sa-fie-un-presedinte-normal","status":"publish","type":"post","link":"https:\/\/analyse.optim.biz\/?p=188797","title":{"rendered":"Emil Hurezeanu, referitor la criticile aduse lui Klaus Iohannis: L\u0103sa\u0163i-l s\u0103 fie un pre\u015fedinte normal!"},"content":{"rendered":"<div class=\"entry data-app-meta data-app-meta-article\" data-embed-base-url-canonical=\"https:\/\/www.digi24.ro\/embed\/stiri\/actualitate\/politica\/emil-hurezeanu-referitor-la-criticile-aduse-lui-klaus-iohannis-lasati-l-sa-fie-un-presedinte-normal-343783\">\n<p data-index=\"1\">\u201e\u00cel \u00een\u0163eleg pe pre\u015fedinte care vrea s\u0103 refac\u0103 un ritm de normalitate \u00een felul \u00een care procedeaz\u0103 el. S\u0103 nu pornim, de fiecare dat\u0103, orice ar face, uit\u00e2ndu-ne la ceas. &#8216;E de cinci zile pre\u015fedinte \u015fi nu a f\u0103cut dec\u00e2t asta?&#8217;. L\u0103sa\u0163i-l s\u0103 fie un pre\u015fedinte normal! Nu cumva ne concentr\u0103m prea mult pe ceea ce face sau nu face un pre\u015fedinte? <span lang=\"en-US\">Tot timpul ne <\/span>concentr\u0103m<span lang=\"en-US\"> pe <\/span>s\u0103m\u00e2n\u0163a<span lang=\"en-US\"> de scandal!\u201d, a spus Emil Hurezeanu.<\/span><\/p>\n<h2 id=\"highlight-343783-1\"><a href=\"https:\/\/www.digi24.ro\/Stiri\/Digi24\/Actualitate\/Justitie\/CSM+isi+alege+conducerea+Sedinta+va+fi+prezidata+de+Klaus+Iohann\" target=\"_blank\" data-skip-linkfix=\"1\" rel=\"noopener\">Klaus Iohannis, mesaj pentru magistra\u0163i: CSM s\u0103 ia atitudine c\u00e2nd apar scurgeri din dosare \u00een pres\u0103<\/a><\/h2>\n<p data-index=\"2\"><strong>Pre\u015fedintele Klaus Iohannis<\/strong> a declarat, la \u015fedin\u0163a CSM, c\u0103 procurorul general ar trebui s\u0103 fie membru al Consiliului Suprem de Ap\u0103rare a \u0162\u0103rii (CSAT) iar CSM-ul, \u00cenalta Curte de Casa\u0163ie \u015fi Justi\u0163ie \u015fi Parchetul General s\u0103 aib\u0103 drept de ini\u0163iativ\u0103 legislativ\u0103.<\/p>\n<h2 id=\"highlight-343783-2\"><a href=\"https:\/\/www.digi24.ro\/Stiri\/Digi24\/Actualitate\/Justitie\/CSM+isi+alege+conducerea+Sedinta+va+fi+prezidata+de+Klaus+Iohann\" target=\"_blank\" data-skip-linkfix=\"1\" rel=\"noopener\">Klaus Iohannis: Ridicarea MCV trebuie s\u0103 devin\u0103 un obiectiv major al justi\u021biei<\/a><\/h2>\n<p data-index=\"3\"><span lang=\"en-US\">Pre\u0219edintele a <\/span>mai ad\u0103ugat<span lang=\"en-US\"> c\u0103 <strong>ridicarea Mecanismului de Cooperare \u0219i Verificare<\/strong>, impus Rom\u00e2niei la aderarea la Uniunea European\u0103, trebuie s\u0103 devin\u0103 o prioritate a justi\u021biei.<\/span><\/p>\n<p data-index=\"4\"><span lang=\"en-US\">Judec\u0103torul Adrian Bordea, care ast\u0103zi \u00ee\u0219i \u00eencheie mandatul de pre\u0219edinte al CSM, declara, recent, \u00eentr-un interviu pentru Digi24, c\u0103 Mecanismul de Cooperare \u0219i Verificare este \u201eexcesiv\u201d, \u201e\u00een contextul \u00een care Rom\u00e2nia nu este mult departe de alte state care se pretind a fi mult democratice\u201d.<\/span><\/p>\n<h2 id=\"highlight-343783-3\"><a href=\"https:\/\/www.digi24.ro\/Stiri\/Digi24\/Actualitate\/Politica\/Monica+Macovei+Patru+motive+sa+ne+intrebam+care+sunt+intentiile+\" target=\"_blank\" data-skip-linkfix=\"1\" rel=\"noopener\">Monica Macovei: Patru motive s\u0103 ne \u00eentreb\u0103m care sunt inten\u021biile pre\u0219edintelui Iohannis privind justi\u021bia<\/a><\/h2>\n<p data-index=\"5\"><strong>Discursul pre\u015fedintelui \u00een cadrul \u0219edin\u021bei Consiliului Superior al Magistraturii<\/strong> privind justi\u0163ia a st\u00e2rnit critici din partea politicienilor, anali\u015ftilor \u015fi chiar pre\u015fedinta \u00cenaltei Cur\u0163i, Livia Stanciu a avut o pozi\u0163ie de distan\u0163are chiar \u00een timpul \u015fedin\u0163ei CSM.<\/p>\n<\/div>\n<p> Source URL: https:\/\/www.digi24.ro\/stiri\/actualitate\/politica\/emil-hurezeanu-referitor-la-criticile-aduse-lui-klaus-iohannis-lasati-l-sa-fie-un-presedinte-normal-343783<\/p>\n","protected":false},"excerpt":{"rendered":"<p>\u201e\u00cel \u00een\u0163eleg pe pre\u015fedinte care vrea s\u0103 refac\u0103 un ritm de normalitate \u00een felul \u00een care procedeaz\u0103 el. S\u0103 nu pornim, de fiecare dat\u0103, orice ar face, uit\u00e2ndu-ne la ceas. &#8216;E de cinci zile pre\u015fedinte \u015fi nu a f\u0103cut dec\u00e2t asta?&#8217;. L\u0103sa\u0163i-l s\u0103 fie un pre\u015fedinte normal! Nu cumva ne concentr\u0103m prea mult pe ceea [&hellip;]<\/p>\n","protected":false},"author":1,"featured_media":188798,"comment_status":"open","ping_status":"","sticky":false,"template":"","format":"standard","meta":{"footnotes":""},"categories":[2],"tags":[11],"class_list":["post-188797","post","type-post","status-publish","format-standard","has-post-thumbnail","hentry","category-politics","tag-digi24"],"_links":{"self":[{"href":"https:\/\/analyse.optim.biz\/index.php?rest_route=\/wp\/v2\/posts\/188797","targetHints":{"allow":["GET"]}}],"collection":[{"href":"https:\/\/analyse.optim.biz\/index.php?rest_route=\/wp\/v2\/posts"}],"about":[{"href":"https:\/\/analyse.optim.biz\/index.php?rest_route=\/wp\/v2\/types\/post"}],"author":[{"embeddable":true,"href":"https:\/\/analyse.optim.biz\/index.php?rest_route=\/wp\/v2\/users\/1"}],"replies":[{"embeddable":true,"href":"https:\/\/analyse.optim.biz\/index.php?rest_route=%2Fwp%2Fv2%2Fcomments&post=188797"}],"version-history":[{"count":0,"href":"https:\/\/analyse.optim.biz\/index.php?rest_route=\/wp\/v2\/posts\/188797\/revisions"}],"wp:featuredmedia":[{"embeddable":true,"href":"https:\/\/analyse.optim.biz\/index.php?rest_route=\/wp\/v2\/media\/188798"}],"wp:attachment":[{"href":"https:\/\/analyse.optim.biz\/index.php?rest_route=%2Fwp%2Fv2%2Fmedia&parent=188797"}],"wp:term":[{"taxonomy":"category","embeddable":true,"href":"https:\/\/analyse.optim.biz\/index.php?rest_route=%2Fwp%2Fv2%2Fcategories&post=188797"},{"taxonomy":"post_tag","embeddable":true,"href":"https:\/\/analyse.optim.biz\/index.php?rest_route=%2Fwp%2Fv2%2Ftags&post=188797"}],"curies":[{"name":"wp","href":"https:\/\/api.w.org\/{rel}","templated":true}]}}