{"id":1887962,"date":"2026-04-17T15:02:27","date_gmt":"2026-04-17T12:02:27","guid":{"rendered":"https:\/\/analyse.optim.biz\/?p=1887962"},"modified":"2026-04-17T15:02:27","modified_gmt":"2026-04-17T12:02:27","slug":"recunoastere-europeana-pentru-banat-titlul-de-regiune-gastronomica-europeana-2028-confirmat","status":"publish","type":"post","link":"https:\/\/analyse.optim.biz\/?p=1887962","title":{"rendered":"Recunoa\u0219tere european\u0103 pentru Banat: titlul de Regiune Gastronomic\u0103 European\u0103 2028, confirmat"},"content":{"rendered":"<p>[analyse_image type=&#8221;featured&#8221; src=&#8221;https:\/\/orasul-timisoara.ro\/wp-content\/uploads\/2026\/04\/regiune-gastronomica-europeana-1.jpg&#8221;]<\/p>\n<article id=\"post-38200\" class=\"td-post-template-7 post-38200 post type-post status-publish format-standard has-post-thumbnail category-administratie category-featured category-investitii-in-timisoara category-stiri-timisoara category-stiri-nationale-si-internationale category-turism tag-alfred-simonis tag-banat-gastronomic tag-dezvoltare-regionala-2 tag-gastronomie-locala-2 tag-igcat tag-regiune-gastronomica-europeana-2 tag-traditii-culinare-2 tag-turism-banat tag-visit-timis td-container-wrap\">\n<div class=\"td-full-screen-header-image-wrap\">\n<div class=\"td-container td-post-header\">\n<div class=\"td-crumb-container\">\n<div class=\"entry-crumbs\"><span><a title=\"Vede\u021bi toate articolele \u00een Administra\u021bie local\u0103\" class=\"entry-crumb\" href=\"https:\/\/orasul-timisoara.ro\/local-category\/administratie\/\">Administra\u021bie local\u0103<\/a><\/span><span class=\"td-bred-no-url-last\">Recunoa\u0219tere european\u0103 pentru Banat: titlul de Regiune Gastronomic\u0103 European\u0103 2028, confirmat<\/span><\/div>\n<\/div>\n<div class=\"td-post-header-holder\">\n<div class=\"td-parallax-header\">\n<header class=\"td-post-title\">\n<ul class=\"td-category\">\n<li class=\"entry-category\"><a href=\"https:\/\/orasul-timisoara.ro\/local-category\/administratie\/\">Administra\u021bie local\u0103<\/a><\/li>\n<li class=\"entry-category\"><a href=\"https:\/\/orasul-timisoara.ro\/local-category\/investitii-in-timisoara\/\">Investitii in Timisoara<\/a><\/li>\n<li class=\"entry-category\"><a href=\"https:\/\/orasul-timisoara.ro\/local-category\/stiri-timisoara\/\">\u0218tiri Locale<\/a><\/li>\n<li class=\"entry-category\"><a href=\"https:\/\/orasul-timisoara.ro\/local-category\/stiri-nationale-si-internationale\/\">\u0218tiri na\u021bionale \u0219i interna\u021bionale<\/a><\/li>\n<li class=\"entry-category\"><a href=\"https:\/\/orasul-timisoara.ro\/local-category\/turism\/\">Turism<\/a><\/li>\n<\/ul>\n<h1 class=\"entry-title\">Recunoa\u0219tere european\u0103 pentru Banat: titlul de Regiune Gastronomic\u0103 European\u0103 2028, confirmat<\/h1>\n<div class=\"td-module-meta-info\">\n<div class=\"td-post-author-name\">\n<div class=\"td-author-by\">De c\u0103tre<\/div>\n<p><a href=\"https:\/\/orasul-timisoara.ro\/author\/timisoara\/\">redactia<\/a><\/p>\n<div class=\"td-author-line\"> &#8211; <\/div>\n<\/div>\n<p><span class=\"td-post-date\"><time class=\"entry-date updated td-module-date\" datetime=\"2026-04-17T18:02:27+03:00\">17\/04\/2026<\/time><\/span><\/div>\n<\/header>\n<\/div>\n<\/div>\n<\/div>\n<div id=\"td-full-screen-header-image\" class=\"td-image-gradient-style7\"><img decoding=\"async\" class=\"td-backstretch\" src=\"https:\/\/orasul-timisoara.ro\/wp-content\/uploads\/2026\/04\/regiune-gastronomica-europeana-1.jpg\"><\/div>\n<\/div>\n<div class=\"td-container\">\n<div class=\"td-pb-row\">\n<div class=\"td-pb-span8 td-main-content\" role=\"main\">\n<div class=\"td-ss-main-content\">\n<div class=\"td-post-sharing-top\">\n<div class=\"td-post-sharing-classic\"><iframe title=\"topFacebookLike\" frameborder src=\"https:\/\/www.facebook.com\/plugins\/like.php?href=https:\/\/orasul-timisoara.ro\/local-38200\/&amp;layout=button_count&amp;show_faces=false&amp;width=105&amp;action=like&amp;colorscheme=light&amp;height=21\"><\/iframe><\/div>\n<div id=\"td_social_sharing_article_top\" class=\"td-post-sharing td-ps-bg td-ps-notext td-post-sharing-style1 \">\n<div class=\"td-post-sharing-visible\"><a class=\"td-social-sharing-button td-social-sharing-button-js td-social-network td-social-facebook\" href=\"https:\/\/www.facebook.com\/sharer.php?u=https%3A%2F%2Forasul-timisoara.ro%2Flocal-38200%2F\" title=\"Facebook\"><\/p>\n<div class=\"td-social-but-text\">Facebook<\/div>\n<p><\/a><a class=\"td-social-sharing-button td-social-sharing-button-js td-social-network td-social-twitter\" href=\"https:\/\/twitter.com\/intent\/tweet?text=Recunoa%C8%99tere+european%C4%83+pentru+Banat%3A+titlul+de+Regiune+Gastronomic%C4%83+European%C4%83+2028%2C+confirmat&amp;url=https%3A%2F%2Forasul-timisoara.ro%2Flocal-38200%2F&amp;via=orasultm\" title=\"Twitter\"><\/p>\n<div class=\"td-social-but-text\">Twitter<\/div>\n<p><\/a><a class=\"td-social-sharing-button td-social-sharing-button-js td-social-network td-social-whatsapp\" href=\"https:\/\/api.whatsapp.com\/send?text=Recunoa%C8%99tere+european%C4%83+pentru+Banat%3A+titlul+de+Regiune+Gastronomic%C4%83+European%C4%83+2028%2C+confirmat%20%0A%0A%20https:\/\/orasul-timisoara.ro\/local-38200\/\" title=\"WhatsApp\"><\/p>\n<div class=\"td-social-but-text\">WhatsApp<\/div>\n<p><\/a><a class=\"td-social-sharing-button td-social-sharing-button-js td-social-network td-social-linkedin\" href=\"https:\/\/www.linkedin.com\/shareArticle?mini=true&amp;url=https:\/\/orasul-timisoara.ro\/local-38200\/&amp;title=Recunoa%C8%99tere+european%C4%83+pentru+Banat%3A+titlul+de+Regiune+Gastronomic%C4%83+European%C4%83+2028%2C+confirmat\" title=\"Linkedin\"><\/p>\n<div class=\"td-social-but-text\">Linkedin<\/div>\n<p><\/a><a class=\"td-social-sharing-button td-social-sharing-button-js td-social-network td-social-reddit\" href=\"https:\/\/reddit.com\/submit?url=https:\/\/orasul-timisoara.ro\/local-38200\/&amp;title=Recunoa%C8%99tere+european%C4%83+pentru+Banat%3A+titlul+de+Regiune+Gastronomic%C4%83+European%C4%83+2028%2C+confirmat\" title=\"ReddIt\"><\/p>\n<div class=\"td-social-but-text\">ReddIt<\/div>\n<p><\/a><a class=\"td-social-sharing-button td-social-sharing-button-js td-social-network td-social-mail\" href=\"mailto:?subject=Recunoa%C8%99tere%20european%C4%83%20pentru%20Banat:%20titlul%20de%20Regiune%20Gastronomic%C4%83%20European%C4%83%202028,%20confirmat&amp;body=https:\/\/orasul-timisoara.ro\/local-38200\/\" title=\"Email\"><\/p>\n<div class=\"td-social-but-text\">Email<\/div>\n<p><\/a><a class=\"td-social-sharing-button td-social-sharing-button-js td-social-network td-social-print\" href=\"https:\/\/orasul-timisoara.ro\/local-38200\/\" title=\"Imprimare\"><\/p>\n<div class=\"td-social-but-text\">Imprimare<\/div>\n<p><\/a><\/div>\n<\/div>\n<\/div>\n<div class=\"td-post-content tagdiv-type\">\n<p>Regiunea Banatului a ob\u021binut oficial titlul de \u201eRegiune Gastronomic\u0103 European\u0103 2028\u201d, \u00een urma evalu\u0103rii realizate de juriul interna\u021bional al IGCAT, desf\u0103\u0219urat\u0103 \u00eentre 13 \u0219i 17 aprilie 2026. Anun\u021bul a fost f\u0103cut la finalul vizitei de evaluare, \u00een cadrul unei conferin\u021be de pres\u0103 organizate la Consiliul Jude\u021bean Timi\u0219.<\/p>\n<p>Distinc\u021bia confirm\u0103 recunoa\u0219terea la nivel european a valorii gastronomice \u0219i culturale a Banatului, dar \u0219i a capacit\u0103\u021bii regiunii de a dezvolta proiecte integrate, bazate pe colaborare \u00eentre administra\u021bie, mediul privat \u0219i comunit\u0103\u021bi locale.<\/p>\n<p>La eveniment au participat reprezentan\u021bi ai autorit\u0103\u021bilor locale, ai mediului universitar \u0219i ai industriei HoReCa, dar \u0219i lideri regionali precum Alfred Simonis, Iustin Cionca \u0219i Silviu Hurduzeu, subliniind dimensiunea interjude\u021bean\u0103 a proiectului.<\/p>\n<p>Candidatura \u201eBanat \u2013 Regiune Gastronomic\u0103 European\u0103 2028\u201d a fost ini\u021biat\u0103 de Consiliul Jude\u021bean Timi\u0219 \u0219i implementat\u0103 prin Visit Timi\u0219, \u00een parteneriat cu numeroase organiza\u021bii din domeniul gastronomiei, turismului \u0219i dezvolt\u0103rii locale.<\/p>\n<p>Pe parcursul celor patru zile de evaluare, exper\u021bii interna\u021bionali au vizitat jude\u021bele Timi\u0219, Cara\u0219-Severin \u0219i Arad, analiz\u00e2nd ini\u021biative locale, \u00eent\u00e2lnindu-se cu produc\u0103tori, antreprenori \u0219i reprezentan\u021bi ai comunit\u0103\u021bilor. Programul a inclus vizite la ferme, crame, restaurante \u0219i puncte gastronomice, fiind eviden\u021biate direc\u021bii esen\u021biale precum sustenabilitatea, inova\u021bia, educa\u021bia alimentar\u0103 \u0219i promovarea lan\u021burilor scurte de aprovizionare.<\/p>\n<p>Conceptul central al candidaturii, \u201eFusion Beyond Borders. Bold Flavours. Diverse Origins. One Shared Table\u201d, reflect\u0103 specificul multicultural al Banatului, unde influen\u021bele rom\u00e2ne\u0219ti, s\u00e2rbe\u0219ti, maghiare, germane, bulg\u0103re\u0219ti, evreie\u0219ti \u0219i italiene au contribuit la formarea unei identit\u0103\u021bi gastronomice distincte.<\/p>\n<p>Pre\u0219edintele CJ Timi\u0219, Alfred Simonis, a declarat c\u0103 acest titlu este rezultatul unui efort comun \u0219i al unei colabor\u0103ri regionale solide, subliniind c\u0103 proiectul demonstreaz\u0103 capacitatea Banatului de a ac\u021biona unitar, cu viziune european\u0103.<\/p>\n<p>La r\u00e2ndul s\u0103u, Simona Neumann, coordonatoarea proiectului, a eviden\u021biat importan\u021ba momentului, descriindu-l drept o validare a muncii depuse de to\u021bi partenerii implica\u021bi.<\/p>\n<p>Pre\u0219edinta IGCAT, Diane Dodd, a apreciat candidatura Banatului ca fiind un exemplu relevant de valorificare a identit\u0103\u021bii regionale prin gastronomie \u0219i cooperare \u00eentre comunit\u0103\u021bi.<\/p>\n<p>Ob\u021binerea titlului deschide noi oportunit\u0103\u021bi pentru dezvoltarea turismului \u0219i sus\u021binerea produc\u0103torilor locali, consolid\u00e2nd pozi\u021bia Banatului pe harta gastronomic\u0103 a Europei \u0219i oferind un model de dezvoltare regional\u0103 bazat pe patrimoniu, colaborare \u0219i inova\u021bie.<\/p>\n<\/div>\n<footer>\n<div class=\"td-post-source-tags\">\n<ul class=\"td-tags td-post-small-box clearfix\">\n<li><span>ETICHETE<\/span><\/li>\n<li><a href=\"https:\/\/orasul-timisoara.ro\/local-tag\/alfred-simonis\/\">alfred simonis<\/a><\/li>\n<li><a href=\"https:\/\/orasul-timisoara.ro\/local-tag\/banat-gastronomic\/\">Banat gastronomic<\/a><\/li>\n<li><a href=\"https:\/\/orasul-timisoara.ro\/local-tag\/dezvoltare-regionala-2\/\">dezvoltare regionala<\/a><\/li>\n<li><a href=\"https:\/\/orasul-timisoara.ro\/local-tag\/gastronomie-locala-2\/\">gastronomie locala<\/a><\/li>\n<li><a href=\"https:\/\/orasul-timisoara.ro\/local-tag\/igcat\/\">IGCAT<\/a><\/li>\n<li><a href=\"https:\/\/orasul-timisoara.ro\/local-tag\/regiune-gastronomica-europeana-2\/\">Regiune Gastronomica Europeana<\/a><\/li>\n<li><a href=\"https:\/\/orasul-timisoara.ro\/local-tag\/traditii-culinare-2\/\">traditii culinare<\/a><\/li>\n<li><a href=\"https:\/\/orasul-timisoara.ro\/local-tag\/turism-banat\/\">turism banat<\/a><\/li>\n<li><a href=\"https:\/\/orasul-timisoara.ro\/local-tag\/visit-timis\/\">visit timis<\/a><\/li>\n<\/ul>\n<\/div>\n<div class=\"td-post-sharing-bottom\">\n<div class=\"td-post-sharing-classic\"><iframe title=\"bottomFacebookLike\" frameborder src=\"https:\/\/www.facebook.com\/plugins\/like.php?href=https:\/\/orasul-timisoara.ro\/local-38200\/&amp;layout=button_count&amp;show_faces=false&amp;width=105&amp;action=like&amp;colorscheme=light&amp;height=21\"><\/iframe><\/div>\n<div id=\"td_social_sharing_article_bottom\" class=\"td-post-sharing td-ps-bg td-ps-notext td-post-sharing-style1 \">\n<div class=\"td-post-sharing-visible\"><a class=\"td-social-sharing-button td-social-sharing-button-js td-social-network td-social-facebook\" href=\"https:\/\/www.facebook.com\/sharer.php?u=https%3A%2F%2Forasul-timisoara.ro%2Flocal-38200%2F\" title=\"Facebook\"><\/p>\n<div class=\"td-social-but-text\">Facebook<\/div>\n<p><\/a><a class=\"td-social-sharing-button td-social-sharing-button-js td-social-network td-social-twitter\" href=\"https:\/\/twitter.com\/intent\/tweet?text=Recunoa%C8%99tere+european%C4%83+pentru+Banat%3A+titlul+de+Regiune+Gastronomic%C4%83+European%C4%83+2028%2C+confirmat&amp;url=https%3A%2F%2Forasul-timisoara.ro%2Flocal-38200%2F&amp;via=orasultm\" title=\"Twitter\"><\/p>\n<div class=\"td-social-but-text\">Twitter<\/div>\n<p><\/a><a class=\"td-social-sharing-button td-social-sharing-button-js td-social-network td-social-whatsapp\" href=\"https:\/\/api.whatsapp.com\/send?text=Recunoa%C8%99tere+european%C4%83+pentru+Banat%3A+titlul+de+Regiune+Gastronomic%C4%83+European%C4%83+2028%2C+confirmat%20%0A%0A%20https:\/\/orasul-timisoara.ro\/local-38200\/\" title=\"WhatsApp\"><\/p>\n<div class=\"td-social-but-text\">WhatsApp<\/div>\n<p><\/a><a class=\"td-social-sharing-button td-social-sharing-button-js td-social-network td-social-linkedin\" href=\"https:\/\/www.linkedin.com\/shareArticle?mini=true&amp;url=https:\/\/orasul-timisoara.ro\/local-38200\/&amp;title=Recunoa%C8%99tere+european%C4%83+pentru+Banat%3A+titlul+de+Regiune+Gastronomic%C4%83+European%C4%83+2028%2C+confirmat\" title=\"Linkedin\"><\/p>\n<div class=\"td-social-but-text\">Linkedin<\/div>\n<p><\/a><a class=\"td-social-sharing-button td-social-sharing-button-js td-social-network td-social-reddit\" href=\"https:\/\/reddit.com\/submit?url=https:\/\/orasul-timisoara.ro\/local-38200\/&amp;title=Recunoa%C8%99tere+european%C4%83+pentru+Banat%3A+titlul+de+Regiune+Gastronomic%C4%83+European%C4%83+2028%2C+confirmat\" title=\"ReddIt\"><\/p>\n<div class=\"td-social-but-text\">ReddIt<\/div>\n<p><\/a><a class=\"td-social-sharing-button td-social-sharing-button-js td-social-network td-social-mail\" href=\"mailto:?subject=Recunoa%C8%99tere%20european%C4%83%20pentru%20Banat:%20titlul%20de%20Regiune%20Gastronomic%C4%83%20European%C4%83%202028,%20confirmat&amp;body=https:\/\/orasul-timisoara.ro\/local-38200\/\" title=\"Email\"><\/p>\n<div class=\"td-social-but-text\">Email<\/div>\n<p><\/a><a class=\"td-social-sharing-button td-social-sharing-button-js td-social-network td-social-print\" href=\"https:\/\/orasul-timisoara.ro\/local-38200\/\" title=\"Imprimare\"><\/p>\n<div class=\"td-social-but-text\">Imprimare<\/div>\n<p><\/a><\/div>\n<\/div>\n<\/div>\n<div class=\"td-block-row td-post-next-prev\">\n<div class=\"td-block-span6 td-post-prev-post\">\n<div class=\"td-post-next-prev-content\"><span>Articolul precedent<\/span><a href=\"https:\/\/orasul-timisoara.ro\/local-38198\/\">\u00cencepe cur\u0103\u021benia stradal\u0103 \u00een Timi\u0219oara: unde se intervine \u0219i ce restric\u021bii de parcare sunt impuse<\/a><\/div>\n<\/div>\n<\/div>\n<div class=\"td-author-name vcard author\"><span class=\"fn\"><a href=\"https:\/\/orasul-timisoara.ro\/author\/timisoara\/\">redactia<\/a><\/span><\/div>\n<p><span class=\"td-page-meta\"><\/span><span class=\"td-page-meta\"><span class=\"td-page-meta\"><\/span><\/span><span class=\"td-page-meta\"><\/span><\/footer>\n<div class=\"td_block_wrap td_block_related_posts tdi_3 td_with_ajax_pagination td-pb-border-top td_block_template_8\" data-td-block-uid=\"tdi_3\">\n<h4 class=\"td-related-title td-block-title\"><a id=\"tdi_4\" class=\"td-related-left td-cur-simple-item\" data-td_filter_value data-td_block_id=\"tdi_3\" href=\"https:\/\/orasul-timisoara.ro\/local-38200\/\">ARTICOLE SIMILARE<\/a><a id=\"tdi_5\" class=\"td-related-right\" data-td_filter_value=\"td_related_more_from_author\" data-td_block_id=\"tdi_3\" href=\"https:\/\/orasul-timisoara.ro\/local-38200\/\">DE LA ACELA\u0218I AUTOR<\/a><\/h4>\n<div id=\"tdi_3\" class=\"td_block_inner\">\n<div class=\"td-related-row\">\n<div class=\"td-related-span4\">\n<div class=\"td_module_related_posts td-animation-stack td_mod_related_posts\">\n<div class=\"td-module-image\">\n<div class=\"td-module-thumb\"><a href=\"https:\/\/orasul-timisoara.ro\/local-38147\/\" rel=\"bookmark\" class=\"td-image-wrap \" title=\"Banatul \u00ee\u0219i alege ambasadorii culinari pentru World Food Gift Challenge 2026 \u00een Creta\"><img loading=\"lazy\" decoding=\"async\" class=\"entry-thumb\" src=\"https:\/\/orasul-timisoara.ro\/wp-content\/uploads\/2026\/04\/grafica-World-Food-Gift-2026-436x300.jpg\" alt title=\"Banatul \u00ee\u0219i alege ambasadorii culinari pentru World Food Gift Challenge 2026 \u00een Creta\" width=\"218\" height=\"150\"><\/a><\/div>\n<\/div>\n<div class=\"item-details\">\n<h3 class=\"entry-title td-module-title\"><a href=\"https:\/\/orasul-timisoara.ro\/local-38147\/\" rel=\"bookmark\" title=\"Banatul \u00ee\u0219i alege ambasadorii culinari pentru World Food Gift Challenge 2026 \u00een Creta\">Banatul \u00ee\u0219i alege ambasadorii culinari pentru World Food Gift Challenge 2026 \u00een Creta<\/a><\/h3>\n<\/div>\n<\/div>\n<\/div>\n<div class=\"td-related-span4\">\n<div class=\"td_module_related_posts td-animation-stack td_mod_related_posts\">\n<div class=\"td-module-image\">\n<div class=\"td-module-thumb\"><a href=\"https:\/\/orasul-timisoara.ro\/local-37521\/\" rel=\"bookmark\" class=\"td-image-wrap \" title=\"Primul pas spre noua aren\u0103 a Timi\u0219oarei: CNI a desemnat constructorul stadionului \u201eDan P\u0103ltini\u0219anu\u201d\"><img loading=\"lazy\" decoding=\"async\" class=\"entry-thumb\" src=\"https:\/\/orasul-timisoara.ro\/wp-content\/uploads\/2026\/03\/dan-paltinisanu-01-436x300.jpg\" alt title=\"Primul pas spre noua aren\u0103 a Timi\u0219oarei: CNI a desemnat constructorul stadionului \u201eDan P\u0103ltini\u0219anu\u201d\" width=\"218\" height=\"150\"><\/a><\/div>\n<\/div>\n<div class=\"item-details\">\n<h3 class=\"entry-title td-module-title\"><a href=\"https:\/\/orasul-timisoara.ro\/local-37521\/\" rel=\"bookmark\" title=\"Primul pas spre noua aren\u0103 a Timi\u0219oarei: CNI a desemnat constructorul stadionului \u201eDan P\u0103ltini\u0219anu\u201d\">Primul pas spre noua aren\u0103 a Timi\u0219oarei: CNI a desemnat constructorul stadionului \u201eDan P\u0103ltini\u0219anu\u201d<\/a><\/h3>\n<\/div>\n<\/div>\n<\/div>\n<div class=\"td-related-span4\">\n<div class=\"td_module_related_posts td-animation-stack td_mod_related_posts\">\n<div class=\"td-module-image\">\n<div class=\"td-module-thumb\"><a href=\"https:\/\/orasul-timisoara.ro\/local-37492\/\" rel=\"bookmark\" class=\"td-image-wrap \" title=\"T\u00e2rgul Apicol Interna\u021bional de Prim\u0103var\u0103 revine la Ghiroda: peste 100 de expozan\u021bi \u0219i mii de vizitatori a\u0219tepta\u021bi\"><img loading=\"lazy\" decoding=\"async\" class=\"entry-thumb\" src=\"https:\/\/orasul-timisoara.ro\/wp-content\/uploads\/2026\/03\/grafica-Targul-Apicol-International-Ghiroda-436x300.jpg\" alt title=\"T\u00e2rgul Apicol Interna\u021bional de Prim\u0103var\u0103 revine la Ghiroda: peste 100 de expozan\u021bi \u0219i mii de vizitatori a\u0219tepta\u021bi\" width=\"218\" height=\"150\"><\/a><\/div>\n<\/div>\n<div class=\"item-details\">\n<h3 class=\"entry-title td-module-title\"><a href=\"https:\/\/orasul-timisoara.ro\/local-37492\/\" rel=\"bookmark\" title=\"T\u00e2rgul Apicol Interna\u021bional de Prim\u0103var\u0103 revine la Ghiroda: peste 100 de expozan\u021bi \u0219i mii de vizitatori a\u0219tepta\u021bi\">T\u00e2rgul Apicol Interna\u021bional de Prim\u0103var\u0103 revine la Ghiroda: peste 100 de expozan\u021bi \u0219i mii de vizitatori a\u0219tepta\u021bi<\/a><\/h3>\n<\/div>\n<\/div>\n<\/div>\n<\/div>\n<\/div>\n<\/div>\n<div class=\"comments\" id=\"comments\">\n<div id=\"respond\" class=\"comment-respond\">\n<h3 id=\"reply-title\" class=\"comment-reply-title\">L\u0102SA\u021aI UN MESAJ<\/h3>\n<div class=\"comment-form-input-wrap td-form-comment\">\n<div class=\"td-warning-comment\">V\u0103 rug\u0103m s\u0103 introduce\u021bi comentariul dvs.!<\/div>\n<\/div>\n<div class=\"comment-form-input-wrap td-form-author\">\n<div class=\"td-warning-author\">Introduce\u021bi aici numele dvs.<\/div>\n<\/div>\n<div class=\"comment-form-input-wrap td-form-email\">\n<div class=\"td-warning-email-error\">A\u021bi introdus o adres\u0103 de e-mail incorect\u0103!<\/div>\n<div class=\"td-warning-email\">V\u0103 rug\u0103m s\u0103 introduce\u021bi adresa dvs. de e-mail aici<\/div>\n<\/div>\n<\/div>\n<p class=\"akismet_comment_form_privacy_notice\">Acest site folose\u0219te Akismet pentru a reduce spamul. <a href=\"https:\/\/akismet.com\/privacy\/\" target=\"_blank\" rel=\"nofollow noopener\">Afl\u0103 cum sunt procesate datele comentariilor tale<\/a>.<\/p>\n<\/div>\n<\/div>\n<\/div>\n<div class=\"td-pb-span4 td-main-sidebar\" role=\"complementary\">\n<div class=\"td-ss-main-sidebar\">\n<aside id=\"block-5\" class=\"td_block_template_8 widget block-5 widget_block widget_media_image\">\n<div class=\"wp-block-image\">\n<figure class=\"aligncenter size-full\"><img loading=\"lazy\" decoding=\"async\" width=\"400\" height=\"400\" src=\"https:\/\/orasul-timisoara.ro\/wp-content\/uploads\/2026\/04\/400x400.png\" alt class=\"wp-image-38045\"><\/figure>\n<\/div>\n<\/aside>\n<aside id=\"block-4\" class=\"td_block_template_8 widget block-4 widget_block widget_media_image\">\n<figure class=\"wp-block-image size-full\"><img loading=\"lazy\" decoding=\"async\" width=\"336\" height=\"280\" src=\"https:\/\/orasul-timisoara.ro\/wp-content\/uploads\/2024\/11\/ReTIM-Abonamentul-Verde-Google-Ads-336x280px.gif\" alt class=\"wp-image-29257\"><\/figure>\n<\/aside>\n<div class=\"td_block_wrap td_block_social_counter td_block_widget tdi_6 td-social-style5 td-social-boxed td-pb-border-top td_block_template_8\">\n<div class=\"td-block-title-wrap\">\n<h4 class=\"td-block-title\"><span>Urm\u0103re\u0219te-ne pe Social Media<\/span><\/h4>\n<\/div>\n<div class=\"td-social-list\">\n<div class=\"td_social_type td-pb-margin-side td_social_facebook\">\n<div class=\"td-social-box\"><span class=\"td_social_info td_social_info_counter\">344,595<\/span><span class=\"td_social_info td_social_info_name\">Fani<\/span><span class=\"td_social_button\"><a href=\"https:\/\/www.facebook.com\/247timisoara\" target=\"_blank\" rel=\"nofollow\">\u00cemi place<\/a><\/span><\/div>\n<\/div>\n<div class=\"td_social_type td-pb-margin-side td_social_instagram\">\n<div class=\"td-social-box\"><span class=\"td_social_info td_social_info_counter\">4,416<\/span><span class=\"td_social_info td_social_info_name\">Cititori<\/span><span class=\"td_social_button\"><a href=\"https:\/\/instagram.com\/orasultimisoararo\/\" target=\"_blank\" rel=\"nofollow\">Conecta\u021bi-v\u0103<\/a><\/span><\/div>\n<\/div>\n<div class=\"td_social_type td-pb-margin-side td_social_rss\">\n<div class=\"td-social-box\"><span class=\"td_social_info td_social_info_counter\">12,506<\/span><span class=\"td_social_info td_social_info_name\">Cititori<\/span><span class=\"td_social_button\"><a href=\"https:\/\/orasul-timisoara.ro\/feed\/\" target=\"_blank\" rel=\"nofollow\">Conecta\u021bi-v\u0103<\/a><\/span><\/div>\n<\/div>\n<div class=\"td_social_type td-pb-margin-side td_social_tiktok\">\n<div class=\"td-social-box\"><span class=\"td_social_info td_social_info_counter\">1,500<\/span><span class=\"td_social_info td_social_info_name\">Cititori<\/span><span class=\"td_social_button\"><a href=\"https:\/\/www.tiktok.com\/@orasultimisoara\" target=\"_blank\" rel=\"nofollow\">Conecta\u021bi-v\u0103<\/a><\/span><\/div>\n<\/div>\n<div class=\"td_social_type td-pb-margin-side td_social_twitter\">\n<div class=\"td-social-box\"><span class=\"td_social_info td_social_info_counter\">1,595<\/span><span class=\"td_social_info td_social_info_name\">Cititori<\/span><span class=\"td_social_button\"><a href=\"https:\/\/twitter.com\/orasultm\" target=\"_blank\" rel=\"nofollow\">Conecta\u021bi-v\u0103<\/a><\/span><\/div>\n<\/div>\n<div class=\"td_social_type td-pb-margin-side td_social_youtube\">\n<div class=\"td-social-box\"><span class=\"td_social_info td_social_info_counter\">3,506<\/span><span class=\"td_social_info td_social_info_name\">Abona\u021bi<\/span><span class=\"td_social_button\"><a href=\"https:\/\/www.youtube.com\/channel\/UCQNsQvs2XCSIm1Z-AHRturw?sub_confirmation=1\" target=\"_blank\" rel=\"nofollow\">Abona\u021bi-v\u0103<\/a><\/span><\/div>\n<\/div>\n<\/div>\n<\/div>\n<aside id=\"text-7\" class=\"td_block_template_8 widget text-7 widget_text\">\n<h4 class=\"td-block-title\"><span>C\u0103ut\u0103ri populare pe OTM<\/span><\/h4>\n<div class=\"textwidget\"><a href=\"https:\/\/orasul-timisoara.ro\/?s=timisoara\"><span>Timisoara<\/span><\/a><a href=\"https:\/\/orasul-timisoara.ro\/?s=calin+dobra\"><span>Calin Dobra<\/span><\/a><a href=\"https:\/\/orasul-timisoara.ro\/?s=primaria+timisoara\"><span>Primaria Timisoara<\/span><\/a><a href=\"https:\/\/orasul-timisoara.ro\/?s=dominic+fritz\"><span>Dominic Fritz<\/span><\/a><a href=\"https:\/\/orasul-timisoara.ro\/?s=nicolae+robu\"><span>Nicolae Robu<\/span><\/a><a href=\"https:\/\/orasul-timisoara.ro\/?s=consiliul+local+timisoara\">Consiliul Local Timisoara<\/a><a href=\"https:\/\/orasul-timisoara.ro\/?s=consiliul+judetean+timis\"><span>Consiliul Judetean Timis<\/span><\/a><a href=\"https:\/\/orasul-timisoara.ro\/?s=cjt\"><span>CJT<\/span><\/a><a href=\"https:\/\/orasul-timisoara.ro\/?s=Alfred+Simonis\"><span>Alfred Simonis<\/span><\/a><a href=\"https:\/\/orasul-timisoara.ro\/?s=PNL\"><span>PNL<\/span><\/a><a href=\"https:\/\/orasul-timisoara.ro\/?s=coronavirus\"><span>coronavirus<\/span><\/a><a href=\"https:\/\/orasul-timisoara.ro\/?s=teatru+timisoara\">teatru Timisoara<\/a><a href=\"https:\/\/orasul-timisoara.ro\/?s=restaurante\"><span>restaurante Timisoara<\/span><\/a><a href=\"https:\/\/orasul-timisoara.ro\/?s=diskoteka\"><span>Diskoteka<\/span><\/a><a href=\"https:\/\/orasul-timisoara.ro\/?s=iulius+town\"><span>Iulius Town<\/span><\/a><a href=\"https:\/\/orasul-timisoara.ro\/?s=iulius+mall\"><span>Iulius Mall<\/span><\/a><a href=\"https:\/\/orasul-timisoara.ro\/?s=stpt\"><span>STPT<\/span><\/a><a href=\"https:\/\/orasul-timisoara.ro\/?s=alin+nica\"><span>Alin Nica<\/span><\/a><a href=\"https:\/\/orasul-timisoara.ro\/?s=psd\"><span>PSD<\/span><\/a><a href=\"https:\/\/orasul-timisoara.ro\/?s=aeroport\"><span>Aeroportul International Timisoara<\/span><\/a><a href=\"https:\/\/orasul-timisoara.ro\/?s=babes\"><span>Spitalul Victor Babes Timisoara<\/span><\/a><a href=\"https:\/\/orasul-timisoara.ro\/?s=poli\"><span>Poli Timi\u0219oara<\/span><\/a><a href=\"https:\/\/orasul-timisoara.ro\/?s=carantina\"><span>carantina<\/span><\/a><a href=\"https:\/\/orasul-timisoara.ro\/?s=aquatim\"><span>Aquatim<\/span><\/a><a href=\"https:\/\/orasul-timisoara.ro\/local-category\/stiri-timisoara\/\"><span>Stiri Timisoara<\/span><\/a><a href=\"https:\/\/orasul-timisoara.ro\/local-category\/investitii-in-timisoara\/\"><span>Investi\u021bii in Timi\u0219oara<\/span><\/a><a href=\"https:\/\/orasul-timisoara.ro\/local-9463\/\"><span>shaorma<\/span><\/a><a href=\"https:\/\/orasul-timisoara.ro\/?s=trafic\"><span>trafic rutier<\/span><\/a><a href=\"https:\/\/orasul-timisoara.ro\/?s=politia\"><span>politia locala timisoara<\/span><\/a><a href=\"https:\/\/orasul-timisoara.ro\/?s=roxana\"><span>Roxana Iliescu<\/span><\/a><a href=\"https:\/\/orasul-timisoara.ro\/?s=colterm\"><span>Colterm<\/span><\/a><a href=\"https:\/\/orasul-timisoara.ro\/?s=latcau\"><span>Ruben La\u021bc\u0103u<\/span><\/a><a href=\"https:\/\/orasul-timisoara.ro\/?s=timis\"><span>\u0218tiri din Timi\u0219<\/span><\/a><a href=\"https:\/\/orasul-timisoara.ro\/?s=spital\"><span>Spitale din Timi\u0219oara<\/span><\/a><a href=\"https:\/\/orasul-timisoara.ro\/?s=tabara\"><span>Cosmin Tab\u0103r\u0103<\/span><\/a><\/div>\n<\/aside>\n<aside id=\"rss-2\" class=\"td_block_template_8 widget rss-2 widget_rss\">\n<h4 class=\"td-block-title\"><span><a class=\"rsswidget rss-widget-feed\" href=\"https:\/\/fashionfridays.ro\/feed\"><img decoding=\"async\" class=\"rss-widget-icon\" width=\"14\" height=\"14\" src=\"https:\/\/orasul-timisoara.ro\/wp-includes\/images\/rss.png\" alt=\"RSS\" loading=\"lazy\"><\/a><a class=\"rsswidget rss-widget-title\" href=\"https:\/\/fashionfridays.ro\/\">Fashion Fridays<\/a><\/span><\/h4>\n<ul>\n<li><a class=\"rsswidget\" href=\"https:\/\/fashionfridays.ro\/crocs-lanseaza-crocband-gum-clog-confort-iconic-cu-influente-retro-sport-pentru-primavara\/\">Crocs lanseaz\u0103 Crocband Gum Clog: confort iconic cu influen\u021be retro-sport pentru prim\u0103var\u0103<\/a>\n<div class=\"rssSummary\">Martie marcheaz\u0103 acel moment al anului \u00een care stilul \u00eencepe s\u0103 se relaxeze. Zilele devin mai lungi, ritmul ora\u0219ului se schimb\u0103, iar garderoba face tranzi\u021bia c\u0103tre piese care pun confortul pe primul loc, f\u0103r\u0103 s\u0103 renun\u021be la atitudine. Este sezonul \u00een care autenticitatea devine declara\u021bie de stil, iar alegerile vestimentare reflect\u0103 mai mult ca oric\u00e2nd [\u2026]<\/div>\n<\/li>\n<\/ul>\n<\/aside>\n<aside id=\"rss-4\" class=\"td_block_template_8 widget rss-4 widget_rss\">\n<h4 class=\"td-block-title\"><span><a class=\"rsswidget rss-widget-feed\" href=\"https:\/\/emasini.ro\/feed\"><img decoding=\"async\" class=\"rss-widget-icon\" width=\"14\" height=\"14\" src=\"https:\/\/orasul-timisoara.ro\/wp-includes\/images\/rss.png\" alt=\"RSS\" loading=\"lazy\"><\/a><a class=\"rsswidget rss-widget-title\" href=\"https:\/\/emasini.ro\/\">eMasini<\/a><\/span><\/h4>\n<ul>\n<li><a class=\"rsswidget\" href=\"https:\/\/emasini.ro\/mercedes-eqs-2026-promite-autonomie-record-pana-la-925-km-electric\/\">Mercedes EQS 2026 promite autonomie record: p\u00e2n\u0103 la 925 km electric<\/a>\n<div class=\"rssSummary\">Mercedes-Benz intensific\u0103 competi\u021bia pe pia\u021ba ma\u0219inilor electrice de lux, lans\u00e2nd noua genera\u021bie Mercedes-Benz EQS, care promite o autonomie de p\u00e2n\u0103 la 925 de kilometri conform standardului WLTP. Modelul devine, cel pu\u021bin teoretic, liderul segmentului, dep\u0103\u0219ind rivalul direct, BMW, cu al s\u0103u sedan electric de top. Noua versiune EQS450+ aduce o cre\u0219tere de aproximativ 13% a [\u2026]<\/div>\n<\/li>\n<\/ul>\n<\/aside>\n<\/div>\n<\/div>\n<\/div>\n<\/div>\n<\/article>\n<div class=\"td-post-content tagdiv-type\">\n<p>Regiunea Banatului a ob\u021binut oficial titlul de \u201eRegiune Gastronomic\u0103 European\u0103 2028\u201d, \u00een urma evalu\u0103rii realizate de juriul interna\u021bional al IGCAT, desf\u0103\u0219urat\u0103 \u00eentre 13 \u0219i 17 aprilie 2026. Anun\u021bul a fost f\u0103cut la finalul vizitei de evaluare, \u00een cadrul unei conferin\u021be de pres\u0103 organizate la Consiliul Jude\u021bean Timi\u0219.<\/p>\n<p>Distinc\u021bia confirm\u0103 recunoa\u0219terea la nivel european a valorii gastronomice \u0219i culturale a Banatului, dar \u0219i a capacit\u0103\u021bii regiunii de a dezvolta proiecte integrate, bazate pe colaborare \u00eentre administra\u021bie, mediul privat \u0219i comunit\u0103\u021bi locale.<\/p>\n<p>La eveniment au participat reprezentan\u021bi ai autorit\u0103\u021bilor locale, ai mediului universitar \u0219i ai industriei HoReCa, dar \u0219i lideri regionali precum Alfred Simonis, Iustin Cionca \u0219i Silviu Hurduzeu, subliniind dimensiunea interjude\u021bean\u0103 a proiectului.<\/p>\n<p>Candidatura \u201eBanat \u2013 Regiune Gastronomic\u0103 European\u0103 2028\u201d a fost ini\u021biat\u0103 de Consiliul Jude\u021bean Timi\u0219 \u0219i implementat\u0103 prin Visit Timi\u0219, \u00een parteneriat cu numeroase organiza\u021bii din domeniul gastronomiei, turismului \u0219i dezvolt\u0103rii locale.<\/p>\n<p>Pe parcursul celor patru zile de evaluare, exper\u021bii interna\u021bionali au vizitat jude\u021bele Timi\u0219, Cara\u0219-Severin \u0219i Arad, analiz\u00e2nd ini\u021biative locale, \u00eent\u00e2lnindu-se cu produc\u0103tori, antreprenori \u0219i reprezentan\u021bi ai comunit\u0103\u021bilor. Programul a inclus vizite la ferme, crame, restaurante \u0219i puncte gastronomice, fiind eviden\u021biate direc\u021bii esen\u021biale precum sustenabilitatea, inova\u021bia, educa\u021bia alimentar\u0103 \u0219i promovarea lan\u021burilor scurte de aprovizionare.<\/p>\n<p>Conceptul central al candidaturii, \u201eFusion Beyond Borders. Bold Flavours. Diverse Origins. One Shared Table\u201d, reflect\u0103 specificul multicultural al Banatului, unde influen\u021bele rom\u00e2ne\u0219ti, s\u00e2rbe\u0219ti, maghiare, germane, bulg\u0103re\u0219ti, evreie\u0219ti \u0219i italiene au contribuit la formarea unei identit\u0103\u021bi gastronomice distincte.<\/p>\n<p>Pre\u0219edintele CJ Timi\u0219, Alfred Simonis, a declarat c\u0103 acest titlu este rezultatul unui efort comun \u0219i al unei colabor\u0103ri regionale solide, subliniind c\u0103 proiectul demonstreaz\u0103 capacitatea Banatului de a ac\u021biona unitar, cu viziune european\u0103.<\/p>\n<p>La r\u00e2ndul s\u0103u, Simona Neumann, coordonatoarea proiectului, a eviden\u021biat importan\u021ba momentului, descriindu-l drept o validare a muncii depuse de to\u021bi partenerii implica\u021bi.<\/p>\n<p>Pre\u0219edinta IGCAT, Diane Dodd, a apreciat candidatura Banatului ca fiind un exemplu relevant de valorificare a identit\u0103\u021bii regionale prin gastronomie \u0219i cooperare \u00eentre comunit\u0103\u021bi.<\/p>\n<p>Ob\u021binerea titlului deschide noi oportunit\u0103\u021bi pentru dezvoltarea turismului \u0219i sus\u021binerea produc\u0103torilor locali, consolid\u00e2nd pozi\u021bia Banatului pe harta gastronomic\u0103 a Europei \u0219i oferind un model de dezvoltare regional\u0103 bazat pe patrimoniu, colaborare \u0219i inova\u021bie.<\/p>\n<\/div>\n<p>[analyse_source url=&#8221;https:\/\/orasul-timisoara.ro\/local-38200\/&#8221;]<\/p>\n","protected":false},"excerpt":{"rendered":"<p>[analyse_image type=&#8221;featured&#8221; src=&#8221;https:\/\/orasul-timisoara.ro\/wp-content\/uploads\/2026\/04\/regiune-gastronomica-europeana-1.jpg&#8221;] Administra\u021bie local\u0103Recunoa\u0219tere european\u0103 pentru Banat: titlul de Regiune Gastronomic\u0103 European\u0103 2028, confirmat Administra\u021bie local\u0103 Investitii in Timisoara \u0218tiri Locale \u0218tiri na\u021bionale \u0219i interna\u021bionale Turism Recunoa\u0219tere european\u0103 pentru Banat: titlul de Regiune Gastronomic\u0103 European\u0103 2028, confirmat De c\u0103tre redactia &#8211; 17\/04\/2026 Facebook Twitter WhatsApp Linkedin ReddIt Email Imprimare Regiunea Banatului a ob\u021binut oficial [&hellip;]<\/p>\n","protected":false},"author":1,"featured_media":0,"comment_status":"open","ping_status":"","sticky":false,"template":"","format":"standard","meta":{"footnotes":""},"categories":[89],"tags":[226,189],"class_list":["post-1887962","post","type-post","status-publish","format-standard","hentry","category-romania","tag-crawlmanager","tag-orasul-timisoara-ro"],"_links":{"self":[{"href":"https:\/\/analyse.optim.biz\/index.php?rest_route=\/wp\/v2\/posts\/1887962","targetHints":{"allow":["GET"]}}],"collection":[{"href":"https:\/\/analyse.optim.biz\/index.php?rest_route=\/wp\/v2\/posts"}],"about":[{"href":"https:\/\/analyse.optim.biz\/index.php?rest_route=\/wp\/v2\/types\/post"}],"author":[{"embeddable":true,"href":"https:\/\/analyse.optim.biz\/index.php?rest_route=\/wp\/v2\/users\/1"}],"replies":[{"embeddable":true,"href":"https:\/\/analyse.optim.biz\/index.php?rest_route=%2Fwp%2Fv2%2Fcomments&post=1887962"}],"version-history":[{"count":0,"href":"https:\/\/analyse.optim.biz\/index.php?rest_route=\/wp\/v2\/posts\/1887962\/revisions"}],"wp:attachment":[{"href":"https:\/\/analyse.optim.biz\/index.php?rest_route=%2Fwp%2Fv2%2Fmedia&parent=1887962"}],"wp:term":[{"taxonomy":"category","embeddable":true,"href":"https:\/\/analyse.optim.biz\/index.php?rest_route=%2Fwp%2Fv2%2Fcategories&post=1887962"},{"taxonomy":"post_tag","embeddable":true,"href":"https:\/\/analyse.optim.biz\/index.php?rest_route=%2Fwp%2Fv2%2Ftags&post=1887962"}],"curies":[{"name":"wp","href":"https:\/\/api.w.org\/{rel}","templated":true}]}}