{"id":1887946,"date":"2026-04-13T09:06:31","date_gmt":"2026-04-13T06:06:31","guid":{"rendered":"https:\/\/analyse.optim.biz\/?p=1887946"},"modified":"2026-04-13T09:06:31","modified_gmt":"2026-04-13T06:06:31","slug":"sofer-din-liteni-prins-baut-la-volan-dupa-o-depasire-neregulamentara","status":"publish","type":"post","link":"https:\/\/analyse.optim.biz\/?p=1887946","title":{"rendered":"\u0218ofer din Liteni, prins b\u0103ut la volan dup\u0103 o dep\u0103\u0219ire neregulamentar\u0103"},"content":{"rendered":"<p>[analyse_image type=&#8221;featured&#8221; src=&#8221;https:\/\/img.svnews.ro\/foto\/2024\/11\/10\/445580\/d912521867fa94ef7df8dfc61.jpg&#8221;]<\/p>\n<div class=\"entry\"><img loading=\"lazy\" decoding=\"async\" width=\"650\" height=\"325\" src=\"https:\/\/img.svnews.ro\/foto\/2024\/11\/10\/445580\/d912521867fa94ef7df8dfc6106500325.jpg\" alt><\/p>\n<div class=\"entry_content\">\n<p class=\"p1\"><span class=\"s1\">Un b\u0103rbat de 37 de ani din ora\u0219ul Liteni este cercetat penal dup\u0103 ce a fost depistat de poli\u021bi\u0219tii rutieri conduc\u00e2nd sub influen\u021ba alcoolului, \u00een cursul zilei de 11 aprilie 2026.<\/span><\/p>\n<p class=\"p1\"><span class=\"s1\">\u00cen jurul orei 18:00, poli\u021bi\u0219tii din cadrul Biroului Rutier au oprit pentru control, pe varianta ocolitoare VO2P, un autoturism marca VW Golf, dup\u0103 ce acesta a efectuat o dep\u0103\u0219ire neregulamentar\u0103 \u0219i a dep\u0103\u0219it limita legal\u0103 de vitez\u0103.<\/span><\/p>\n<p class=\"p1\"><span class=\"s1\">La volan a fost identificat un b\u0103rbat din satul Rotunda, ora\u0219ul Liteni. \u0218oferul nu a putut prezenta dec\u00e2t certificatul de \u00eenmatriculare al autoturismului, sus\u021bin\u00e2nd c\u0103 \u0219i-a uitat acas\u0103 celelalte documente. Verific\u0103rile \u00een bazele de date au confirmat identitatea acestuia.<\/span><\/p>\n<p class=\"p1\"><span class=\"s1\">\u00centruc\u00e2t b\u0103rbatul emana halen\u0103 alcoolic\u0103, poli\u021bi\u0219tii au procedat la testarea cu aparatul etilotest, rezultatul indic\u00e2nd o alcoolemie de 0,47 mg\/l alcool pur \u00een aerul expirat.<\/span><\/p>\n<p class=\"p1\"><span class=\"s1\">\u00cen urma acestui rezultat, conduc\u0103torul auto a fost transportat la Spitalul Jude\u021bean Suceava, unde i-au fost recoltate dou\u0103 probe biologice de s\u00e2nge pentru stabilirea exact\u0103 a alcoolemiei.<\/span><\/p>\n<p class=\"p1\"><span class=\"s1\">Pe l\u00e2ng\u0103 dosarul penal \u00eentocmit pentru infrac\u021biunea de \u201econducere sub influen\u021ba alcoolului\u201d, \u0219oferul a fost sanc\u021bionat contraven\u021bional pentru mai multe abateri, respectiv dep\u0103\u0219ire neregulamentar\u0103, dep\u0103\u0219irea limitei legale de vitez\u0103, neprezentarea documentelor \u0219i nepurtarea centurii de siguran\u021b\u0103.<\/span><\/p>\n<\/div>\n<div>\n<div>VN:F [1.9.22_1171]<\/div>\n<div class=\"ratingblock \">\n<div class=\"ratingstars \">\n<div id=\"article_loader_528944\" class=\"ratingloaderarticle\">\n<div class=\"loader arrows \">\n<div class=\"loaderinner\">se actualizeaz\u0103&#8230;<\/div>\n<\/div>\n<\/div>\n<\/div>\n<div class=\"ratingtext \">\n<div id=\"gdr_text_a528944\">Rating: 0.0\/<strong>10<\/strong> (0 votes cast)<\/div>\n<\/div>\n<\/div>\n<\/div>\n<\/div>\n<div class=\"entry_content\">\n<p class=\"p1\"><span class=\"s1\">Un b\u0103rbat de 37 de ani din ora\u0219ul Liteni este cercetat penal dup\u0103 ce a fost depistat de poli\u021bi\u0219tii rutieri conduc\u00e2nd sub influen\u021ba alcoolului, \u00een cursul zilei de 11 aprilie 2026.<\/span><\/p>\n<p class=\"p1\"><span class=\"s1\">\u00cen jurul orei 18:00, poli\u021bi\u0219tii din cadrul Biroului Rutier au oprit pentru control, pe varianta ocolitoare VO2P, un autoturism marca VW Golf, dup\u0103 ce acesta a efectuat o dep\u0103\u0219ire neregulamentar\u0103 \u0219i a dep\u0103\u0219it limita legal\u0103 de vitez\u0103.<\/span><\/p>\n<p class=\"p1\"><span class=\"s1\">La volan a fost identificat un b\u0103rbat din satul Rotunda, ora\u0219ul Liteni. \u0218oferul nu a putut prezenta dec\u00e2t certificatul de \u00eenmatriculare al autoturismului, sus\u021bin\u00e2nd c\u0103 \u0219i-a uitat acas\u0103 celelalte documente. Verific\u0103rile \u00een bazele de date au confirmat identitatea acestuia.<\/span><\/p>\n<p class=\"p1\"><span class=\"s1\">\u00centruc\u00e2t b\u0103rbatul emana halen\u0103 alcoolic\u0103, poli\u021bi\u0219tii au procedat la testarea cu aparatul etilotest, rezultatul indic\u00e2nd o alcoolemie de 0,47 mg\/l alcool pur \u00een aerul expirat.<\/span><\/p>\n<p class=\"p1\"><span class=\"s1\">\u00cen urma acestui rezultat, conduc\u0103torul auto a fost transportat la Spitalul Jude\u021bean Suceava, unde i-au fost recoltate dou\u0103 probe biologice de s\u00e2nge pentru stabilirea exact\u0103 a alcoolemiei.<\/span><\/p>\n<p class=\"p1\"><span class=\"s1\">Pe l\u00e2ng\u0103 dosarul penal \u00eentocmit pentru infrac\u021biunea de \u201econducere sub influen\u021ba alcoolului\u201d, \u0219oferul a fost sanc\u021bionat contraven\u021bional pentru mai multe abateri, respectiv dep\u0103\u0219ire neregulamentar\u0103, dep\u0103\u0219irea limitei legale de vitez\u0103, neprezentarea documentelor \u0219i nepurtarea centurii de siguran\u021b\u0103.<\/span><\/p>\n<\/div>\n<p>[analyse_source url=&#8221;https:\/\/www.svnews.ro\/sofer-din-liteni-prins-baut-la-volan-dupa-o-depasire-neregulamentara\/528944\/&#8221;]<\/p>\n","protected":false},"excerpt":{"rendered":"<p>[analyse_image type=&#8221;featured&#8221; src=&#8221;https:\/\/img.svnews.ro\/foto\/2024\/11\/10\/445580\/d912521867fa94ef7df8dfc61.jpg&#8221;] Un b\u0103rbat de 37 de ani din ora\u0219ul Liteni este cercetat penal dup\u0103 ce a fost depistat de poli\u021bi\u0219tii rutieri conduc\u00e2nd sub influen\u021ba alcoolului, \u00een cursul zilei de 11 aprilie 2026. \u00cen jurul orei 18:00, poli\u021bi\u0219tii din cadrul Biroului Rutier au oprit pentru control, pe varianta ocolitoare VO2P, un autoturism marca VW [&hellip;]<\/p>\n","protected":false},"author":1,"featured_media":0,"comment_status":"open","ping_status":"","sticky":false,"template":"","format":"standard","meta":{"footnotes":""},"categories":[89],"tags":[226,175],"class_list":["post-1887946","post","type-post","status-publish","format-standard","hentry","category-romania","tag-crawlmanager","tag-svnews-ro"],"_links":{"self":[{"href":"https:\/\/analyse.optim.biz\/index.php?rest_route=\/wp\/v2\/posts\/1887946","targetHints":{"allow":["GET"]}}],"collection":[{"href":"https:\/\/analyse.optim.biz\/index.php?rest_route=\/wp\/v2\/posts"}],"about":[{"href":"https:\/\/analyse.optim.biz\/index.php?rest_route=\/wp\/v2\/types\/post"}],"author":[{"embeddable":true,"href":"https:\/\/analyse.optim.biz\/index.php?rest_route=\/wp\/v2\/users\/1"}],"replies":[{"embeddable":true,"href":"https:\/\/analyse.optim.biz\/index.php?rest_route=%2Fwp%2Fv2%2Fcomments&post=1887946"}],"version-history":[{"count":0,"href":"https:\/\/analyse.optim.biz\/index.php?rest_route=\/wp\/v2\/posts\/1887946\/revisions"}],"wp:attachment":[{"href":"https:\/\/analyse.optim.biz\/index.php?rest_route=%2Fwp%2Fv2%2Fmedia&parent=1887946"}],"wp:term":[{"taxonomy":"category","embeddable":true,"href":"https:\/\/analyse.optim.biz\/index.php?rest_route=%2Fwp%2Fv2%2Fcategories&post=1887946"},{"taxonomy":"post_tag","embeddable":true,"href":"https:\/\/analyse.optim.biz\/index.php?rest_route=%2Fwp%2Fv2%2Ftags&post=1887946"}],"curies":[{"name":"wp","href":"https:\/\/api.w.org\/{rel}","templated":true}]}}