{"id":1887945,"date":"2026-04-13T08:52:57","date_gmt":"2026-04-13T05:52:57","guid":{"rendered":"https:\/\/analyse.optim.biz\/?p=1887945"},"modified":"2026-04-13T08:52:57","modified_gmt":"2026-04-13T05:52:57","slug":"urmarire-ca-in-filme-pe-strazile-sucevei-motociclist-fara-permis-prins-dupa-ce-a-refuzat-sa-opreasca-la-semnalele-politiei","status":"publish","type":"post","link":"https:\/\/analyse.optim.biz\/?p=1887945","title":{"rendered":"Urm\u0103rire ca \u00een filme pe str\u0103zile Sucevei. Motociclist f\u0103r\u0103 permis, prins dup\u0103 ce a refuzat s\u0103 opreasc\u0103 la semnalele poli\u021biei"},"content":{"rendered":"<p>[analyse_image type=&#8221;featured&#8221; src=&#8221;https:\/\/img.svnews.ro\/foto\/2022\/11\/13\/318801\/35d95272fdfd3976f8d39d09f.jpg&#8221;]<\/p>\n<div class=\"entry\"><img loading=\"lazy\" decoding=\"async\" width=\"650\" height=\"325\" src=\"https:\/\/img.svnews.ro\/foto\/2022\/11\/13\/318801\/35d95272fdfd3976f8d39d09f06500325.jpg\" alt><\/p>\n<div class=\"entry_content\">\n<p>Scene spectaculoase s-au petrecut \u00een seara zilei de 11 aprilie 2026, \u00een municipiul Suceava, unde un motociclist care a refuzat s\u0103 opreasc\u0103 la semnalele poli\u021biei a fost urm\u0103rit pe mai multe str\u0103zi din ora\u0219, fiind \u00een cele din urm\u0103 blocat \u0219i imobilizat de oamenii legii.<\/p>\n<p data-start=\"386\" data-end=\"687\">Incidentul s-a petrecut \u00een jurul orei 19:50, c\u00e2nd patrula de siguran\u021b\u0103 public\u0103 din cadrul Biroului de Ordine Public\u0103 \u2013 Poli\u021bia Municipiului Suceava, aflat\u0103 \u00een patrulare pe strada Calea Unirii, a observat un motociclu marca Kawasaki, \u00eenmatriculat \u00een Fran\u021ba, care avea un comportament agresiv \u00een trafic.<\/p>\n<p data-start=\"689\" data-end=\"1066\">Poli\u021bi\u0219tii au efectuat semnal regulamentar de oprire, \u00eens\u0103 conduc\u0103torul motocicletei nu s-a conformat, continu\u00e2nd deplasarea. A urmat o urm\u0103rire pe mai multe artere din municipiu, respectiv Calea Unirii, parcarea Iulius Mall, strada Energeticianului, Mir\u0103u\u021bilor, Petru Mu\u0219at \u0219i Tudor \u0218tefaneli. \u00cen timpul deplas\u0103rii, motociclistul a trecut inclusiv pe culoarea ro\u0219ie a semaforului.<\/p>\n<p data-start=\"1068\" data-end=\"1231\">Cu sprijinul unui alt echipaj de poli\u021bie, urm\u0103rirea s-a \u00eencheiat pe strada Mir\u0103u\u021bilor, unde motociclistul a fost blocat \u00een trafic \u0219i imobilizat, fiind \u00eenc\u0103tu\u0219at.<\/p>\n<p data-start=\"1233\" data-end=\"1482\">\u00cen urma legitim\u0103rii, acesta a fost identificat ca fiind un b\u0103rbat din comuna Preute\u0219ti, satul Basarabi. Verific\u0103rile \u00een bazele de date au ar\u0103tat c\u0103 b\u0103rbatul nu de\u021bine permis de conducere pentru categoria A.<\/p>\n<p data-start=\"1484\" data-end=\"1767\">De asemenea, poli\u021bi\u0219tii au constatat mai multe nereguli privind vehiculul. Astfel numerele de \u00eenmatriculare montate erau atribuite unei motociclete marca Suzuki \u00eenmatriculat\u0103 \u00een Fran\u021ba, iar seria de \u0219asiu corespundea unui vehicul \u00eenmatriculat \u00een Italia.<\/p>\n<p data-start=\"1769\" data-end=\"1845\">Motociclistul a fost testat cu aparatul etilotest, rezultatul fiind negativ.<\/p>\n<p data-start=\"1847\" data-end=\"2148\">Acesta a fost condus la sediul Poli\u021biei Municipiului Suceava, iar pe numele s\u0103u a fost \u00eentocmit dosar penal pentru mai multe infrac\u021biuni: conducerea unui vehicul f\u0103r\u0103 permis corespunz\u0103tor, punerea \u00een circula\u021bie a unui vehicul ne\u00eenmatriculat \u0219i conducerea unui vehicul cu numere false de \u00eenmatriculare.<\/p>\n<p data-start=\"2150\" data-end=\"2354\">Totodat\u0103, b\u0103rbatul a fost sanc\u021bionat contraven\u021bional cu amenzi \u00een valoare total\u0103 de peste 6.600 de lei pentru abaterile rutiere comise \u00een timpul urm\u0103ririi, precum \u0219i pentru lipsa unei poli\u021be RCA valabile.<\/p>\n<\/div>\n<div>\n<div>VN:F [1.9.22_1171]<\/div>\n<div class=\"ratingblock \">\n<div class=\"ratingstars \">\n<div id=\"article_loader_528942\" class=\"ratingloaderarticle\">\n<div class=\"loader arrows \">\n<div class=\"loaderinner\">se actualizeaz\u0103&#8230;<\/div>\n<\/div>\n<\/div>\n<\/div>\n<div class=\"ratingtext \">\n<div id=\"gdr_text_a528942\">Rating: 0.0\/<strong>10<\/strong> (0 votes cast)<\/div>\n<\/div>\n<\/div>\n<\/div>\n<\/div>\n<div class=\"entry_content\">\n<p>Scene spectaculoase s-au petrecut \u00een seara zilei de 11 aprilie 2026, \u00een municipiul Suceava, unde un motociclist care a refuzat s\u0103 opreasc\u0103 la semnalele poli\u021biei a fost urm\u0103rit pe mai multe str\u0103zi din ora\u0219, fiind \u00een cele din urm\u0103 blocat \u0219i imobilizat de oamenii legii.<\/p>\n<p data-start=\"386\" data-end=\"687\">Incidentul s-a petrecut \u00een jurul orei 19:50, c\u00e2nd patrula de siguran\u021b\u0103 public\u0103 din cadrul Biroului de Ordine Public\u0103 \u2013 Poli\u021bia Municipiului Suceava, aflat\u0103 \u00een patrulare pe strada Calea Unirii, a observat un motociclu marca Kawasaki, \u00eenmatriculat \u00een Fran\u021ba, care avea un comportament agresiv \u00een trafic.<\/p>\n<p data-start=\"689\" data-end=\"1066\">Poli\u021bi\u0219tii au efectuat semnal regulamentar de oprire, \u00eens\u0103 conduc\u0103torul motocicletei nu s-a conformat, continu\u00e2nd deplasarea. A urmat o urm\u0103rire pe mai multe artere din municipiu, respectiv Calea Unirii, parcarea Iulius Mall, strada Energeticianului, Mir\u0103u\u021bilor, Petru Mu\u0219at \u0219i Tudor \u0218tefaneli. \u00cen timpul deplas\u0103rii, motociclistul a trecut inclusiv pe culoarea ro\u0219ie a semaforului.<\/p>\n<p data-start=\"1068\" data-end=\"1231\">Cu sprijinul unui alt echipaj de poli\u021bie, urm\u0103rirea s-a \u00eencheiat pe strada Mir\u0103u\u021bilor, unde motociclistul a fost blocat \u00een trafic \u0219i imobilizat, fiind \u00eenc\u0103tu\u0219at.<\/p>\n<p data-start=\"1233\" data-end=\"1482\">\u00cen urma legitim\u0103rii, acesta a fost identificat ca fiind un b\u0103rbat din comuna Preute\u0219ti, satul Basarabi. Verific\u0103rile \u00een bazele de date au ar\u0103tat c\u0103 b\u0103rbatul nu de\u021bine permis de conducere pentru categoria A.<\/p>\n<p data-start=\"1484\" data-end=\"1767\">De asemenea, poli\u021bi\u0219tii au constatat mai multe nereguli privind vehiculul. Astfel numerele de \u00eenmatriculare montate erau atribuite unei motociclete marca Suzuki \u00eenmatriculat\u0103 \u00een Fran\u021ba, iar seria de \u0219asiu corespundea unui vehicul \u00eenmatriculat \u00een Italia.<\/p>\n<p data-start=\"1769\" data-end=\"1845\">Motociclistul a fost testat cu aparatul etilotest, rezultatul fiind negativ.<\/p>\n<p data-start=\"1847\" data-end=\"2148\">Acesta a fost condus la sediul Poli\u021biei Municipiului Suceava, iar pe numele s\u0103u a fost \u00eentocmit dosar penal pentru mai multe infrac\u021biuni: conducerea unui vehicul f\u0103r\u0103 permis corespunz\u0103tor, punerea \u00een circula\u021bie a unui vehicul ne\u00eenmatriculat \u0219i conducerea unui vehicul cu numere false de \u00eenmatriculare.<\/p>\n<p data-start=\"2150\" data-end=\"2354\">Totodat\u0103, b\u0103rbatul a fost sanc\u021bionat contraven\u021bional cu amenzi \u00een valoare total\u0103 de peste 6.600 de lei pentru abaterile rutiere comise \u00een timpul urm\u0103ririi, precum \u0219i pentru lipsa unei poli\u021be RCA valabile.<\/p>\n<\/div>\n<p>[analyse_source url=&#8221;https:\/\/www.svnews.ro\/urmarire-ca-in-filme-pe-strazile-sucevei-motociclist-fara-permis-prins-dupa-ce-a-refuzat-sa-opreasca-la-semnalele-politiei\/528942\/&#8221;]<\/p>\n","protected":false},"excerpt":{"rendered":"<p>[analyse_image type=&#8221;featured&#8221; src=&#8221;https:\/\/img.svnews.ro\/foto\/2022\/11\/13\/318801\/35d95272fdfd3976f8d39d09f.jpg&#8221;] Scene spectaculoase s-au petrecut \u00een seara zilei de 11 aprilie 2026, \u00een municipiul Suceava, unde un motociclist care a refuzat s\u0103 opreasc\u0103 la semnalele poli\u021biei a fost urm\u0103rit pe mai multe str\u0103zi din ora\u0219, fiind \u00een cele din urm\u0103 blocat \u0219i imobilizat de oamenii legii. Incidentul s-a petrecut \u00een jurul orei 19:50, [&hellip;]<\/p>\n","protected":false},"author":1,"featured_media":0,"comment_status":"open","ping_status":"","sticky":false,"template":"","format":"standard","meta":{"footnotes":""},"categories":[89],"tags":[226,175],"class_list":["post-1887945","post","type-post","status-publish","format-standard","hentry","category-romania","tag-crawlmanager","tag-svnews-ro"],"_links":{"self":[{"href":"https:\/\/analyse.optim.biz\/index.php?rest_route=\/wp\/v2\/posts\/1887945","targetHints":{"allow":["GET"]}}],"collection":[{"href":"https:\/\/analyse.optim.biz\/index.php?rest_route=\/wp\/v2\/posts"}],"about":[{"href":"https:\/\/analyse.optim.biz\/index.php?rest_route=\/wp\/v2\/types\/post"}],"author":[{"embeddable":true,"href":"https:\/\/analyse.optim.biz\/index.php?rest_route=\/wp\/v2\/users\/1"}],"replies":[{"embeddable":true,"href":"https:\/\/analyse.optim.biz\/index.php?rest_route=%2Fwp%2Fv2%2Fcomments&post=1887945"}],"version-history":[{"count":0,"href":"https:\/\/analyse.optim.biz\/index.php?rest_route=\/wp\/v2\/posts\/1887945\/revisions"}],"wp:attachment":[{"href":"https:\/\/analyse.optim.biz\/index.php?rest_route=%2Fwp%2Fv2%2Fmedia&parent=1887945"}],"wp:term":[{"taxonomy":"category","embeddable":true,"href":"https:\/\/analyse.optim.biz\/index.php?rest_route=%2Fwp%2Fv2%2Fcategories&post=1887945"},{"taxonomy":"post_tag","embeddable":true,"href":"https:\/\/analyse.optim.biz\/index.php?rest_route=%2Fwp%2Fv2%2Ftags&post=1887945"}],"curies":[{"name":"wp","href":"https:\/\/api.w.org\/{rel}","templated":true}]}}