{"id":188783,"date":"2015-01-07T03:54:29","date_gmt":"2015-01-07T00:54:29","guid":{"rendered":"https:\/\/analyse.optim.biz\/?p=188783"},"modified":"2015-01-07T03:54:29","modified_gmt":"2015-01-07T00:54:29","slug":"klaus-iohannis-debut-de-mandat-sub-semnul-criticilor","status":"publish","type":"post","link":"https:\/\/analyse.optim.biz\/?p=188783","title":{"rendered":"Klaus Iohannis, debut de mandat sub semnul criticilor"},"content":{"rendered":"<div class=\"entry data-app-meta data-app-meta-article\" data-embed-base-url-canonical=\"https:\/\/www.digi24.ro\/embed\/stiri\/actualitate\/politica\/klaus-iohannis-debut-de-mandat-sub-semnul-criticilor-343797\">\n<p data-index=\"1\"><img decoding=\"async\" src=\"https:\/\/analyse.optim.biz\/wp-content\/uploads\/2024\/09\/mczoyxnoptuwztbmzgeynji2zdlkmzhjm2q2mzywyjdkzdzkntnj-thumb_.jpg\" data-skip-htmlfix=\"1\" title=\"mczoyxnoptuwztbmzgeynji2zdlkmzhjm2q2mzywyjdkzdzkntnj-thumb_\"><\/p>\n<p data-index=\"2\"><em>Klaus Iohannis, la prima \u0219edin\u021b\u0103 CSM FOTO: presidency.ro<\/em><\/p>\n<p data-index=\"3\">S\u0103 fie un <a href=\"https:\/\/www.digi24.ro\/Stiri\/Digi24\/Actualitate\/Politica\/Deutsche+Welle+Klaus+Iohannis+a+debutat+cu+stangul+in+noua+sa+fu\" target=\"_blank\" data-skip-linkfix=\"1\" rel=\"noopener\">debut cu st\u00e2ngul<\/a>, a\u0219a cum comenta \u00eenc\u0103 de acum c\u00e2teva zile <strong>Deutsche Welle?<\/strong><\/p>\n<p data-index=\"4\">Criticat pentru c\u0103 de obicei este prea t\u0103cut, frustrant de discret, pentru unii, \u00een noaptea de Revelion, Klaus Iohannis a vorbit, mar\u021bi, la prima \u0219edin\u021b\u0103 din acest an a <strong>Consiliului Superior al Magistraturi<\/strong>i. <a href=\"http:\/\/www.presidency.ro\/?_RID=det&amp;tb=date&amp;id=15406&amp;_PRID=lazi\" target=\"_blank\" data-skip-linkfix=\"1\" rel=\"noopener\">A vorbit \u00een calitate de pre\u0219edinte \u0219i a f\u0103cut unele propuneri<\/a> \u2013 controversate &#8211; pe tema justi\u021biei: Parchetul General \u015fi Curtea Suprem\u0103 s\u0103 aib\u0103 ini\u0163iativ\u0103 legislativ\u0103, iar procurorul general s\u0103 fie membru CSAT. Pre\u015fedintele Rom\u00e2niei le-a cerut magistra\u0163ilor s\u0103 nu mai permit\u0103 ca informa\u0163ii din dosare s\u0103 ajung\u0103 \u00een pres\u0103. \u015ei tot el a spus c\u0103 este momentul \u00eencet\u0103rii monitoriz\u0103rii Rom\u00e2niei \u00een cadrul MCV.<\/p>\n<p data-index=\"5\">Prezent pentru prima dat\u0103 \u00een calitate de \u015fef al statului la \u015fedin\u0163a CSM, <strong>Klaus Iohannis<\/strong> a propus schimb\u0103ri \u00een sistemul judiciar. Pre\u015fedintele a subliniat c\u0103 institu\u0163iile sunt cele importante, nu cei care le conduc.<\/p>\n<p data-index=\"6\">\u201e<span>\u00cen perspectiva reg\u00e2ndirii \u015fi moderniz\u0103rii arhitecturii institu\u0163ionale, a legilor siguran\u0163ei na\u0163ionale \u015fi a legii <strong>CSAT este util s\u0103 lu\u0103m \u00een discu\u0163ie dac\u0103 nu cumva \u00eentre membrii CSAT ar trebui s\u0103 se reg\u0103seasc\u0103 \u015fi Procurorul General<\/strong>. Nu persoana anume, ci institu\u0163ia Procurorului General. (&#8230;) De asemenea, cred c\u0103<strong> CSM, \u00cenalta Curte \u015fi Parchetul General ar trebui s\u0103 poat\u0103 avea ini\u0163iativ\u0103 legislativ\u0103<\/strong>\u201d, a declarat Klaus Iohannis.<\/span><\/p>\n<p data-index=\"7\">Pre\u015fedintele le-a cerut magistra\u0163ilor s\u0103 ia atitudine atunci c\u00e2nd politicienii comenteaz\u0103 sentin\u0163e ori fac declara\u0163ii publice care aduc atingere justi\u0163iei. \u201e<strong>CSM trebuie s\u0103 aib\u0103 reac\u021bii rapide \u0219i s\u0103 sanc\u021bioneze imediat orice atacuri, ingerin\u021be, derapaje \u0219i imixtiuni, indiferent dac\u0103 e vorba de demnitar de cel mai \u00eenalt rang sau un consilier comunal<\/strong>\u201d, a spus pre\u0219edintele.<\/p>\n<p data-index=\"8\">Ideea a fost sus\u0163inut\u0103 \u015fi de membrii CSM. Unul dintre ei,<strong> Hora\u0163iu Dumbrav\u0103<\/strong><a href=\"https:\/\/www.digi24.ro\/Stiri\/Digi24\/Actualitate\/Politica\/Traian+Basescu+declaratii+de+presa+9+10+2014\" target=\"_blank\" data-skip-linkfix=\"1\" rel=\"noopener\">(taxat anul trecut de fostul pre\u0219edinte Traian B\u0103sescu pentru c\u0103 ar \u201e\u021bine neap\u0103rat s\u0103 fac\u0103 politic\u0103\u201d<\/a>), a propus chiar sanc\u0163iuni: de la contraven\u0163ii, p\u00e2n\u0103 la suspendarea din func\u0163ie.<\/p>\n<p data-index=\"9\">Pre\u015fedintele Klaus Iohannis a f\u0103cut referire \u015fi la <strong>scurgerile de informa\u0163ii<\/strong>. \u201eJusti\u0163ia trebuie exercitat\u0103 cu demnitate, respect \u015fi sobrietate, nu etalat\u0103 sub aspecte de exotism mediatic. \u00cen acela\u015fi timp, justi\u0163ia se face cu respectarea tuturor drepturilor \u015fi libert\u0103\u0163ilor civile, inclusiv a prezum\u0163iei de nevinov\u0103\u0163ie \u015fi a dreptului la imagine. Din acest punct de vedere, cred c\u0103 este de dorit ca CSM \u015fi Inspec\u0163ia Judiciar\u0103 s\u0103 ia atitudine, potrivit atribu\u0163iilor legale, la modul cel mai serios, ori de c\u00e2te ori apar scurgeri nepermise de informa\u0163ii \u00een pres\u0103\u201d, a recomandat noul pre\u0219edinte.<\/p>\n<p data-index=\"10\">Un alt capitol abordat de \u015feful statului se refer\u0103 la <strong>Mecanismul de Cooperare \u015fi Verificare<\/strong> impus Rom\u00e2niei \u00een urm\u0103 cu opt ani de Comisia European\u0103. \u201eCred c\u0103 unul dintre obiectivele majore ale sistemului judiciar trebuie s\u0103 fie ridicarea MCV\u201d, a afirmat pre\u0219edintele. Urm\u0103torul raport MCV va fi f\u0103cut public de Uniunea European\u0103 la sf\u00e2r\u015fitul lunii, iar purt\u0103torul de cuv\u00e2nt al Comisiei Europene, citat de <a href=\"http:\/\/www.gandul.info\/politica\/comisia-europeana-pentru-gandul-iohannis-si-juncker-vor-vorbi-saptamana-viitoare-despre-mcv-ce-se-vede-in-romania-dupa-13-rapoarte-pe-justitie-13751266\" target=\"_blank\" data-skip-linkfix=\"1\" rel=\"noopener\">cotidianul G\u00e2ndu<\/a>l, spune ca pre\u015fedintele Klaus Iohannis va discuta despre MCV, s\u0103pt\u0103m\u00e2n\u0103 viitoare, la Bruxelles, cu <strong>Jean-Claude Juncker<\/strong>, pre\u0219edintele Comisiei Europene.<\/p>\n<h5>Ce \u00eei repro\u0219eaz\u0103 criticii<\/h5>\n<p data-index=\"11\">\u015ei nu au \u00eent\u00e2rziat s\u0103 apar\u0103 reac\u0163ii la propunerile pre\u015fedintelui privind func\u0163ionarea justi\u0163iei. \u015eefa Cur\u0163ii Supreme, <strong>Livia Stanciu<\/strong>, spune c\u0103 <a href=\"https:\/\/www.digi24.ro\/Stiri\/Digi24\/Actualitate\/Justitie\/Livia+Stanciu+Magistratii+nu+vor+negocia+independenta+justitiei+\" target=\"_blank\" data-skip-linkfix=\"1\" rel=\"noopener\">monitorizarea MCV este necesar\u0103<\/a>, deoarece asupra justi\u0163iei continu\u0103 s\u0103 se fac\u0103 presiuni.<\/p>\n<p data-index=\"12\">Citi\u021bi \u0219i:\u00a0<\/p>\n<h5><a href=\"https:\/\/www.digi24.ro\/Stiri\/Digi24\/Actualitate\/Justitie\/Livia+Stanciu+Dosarul+de+incompatibilitate+al+lui+Klaus+Iohannis\" target=\"_blank\" data-skip-linkfix=\"1\" rel=\"noopener\">Livia Stanciu: Dosarul de incompatibilitate al lui Klaus Iohannis \u00ee\u015fi urmeaz\u0103 cursul firesc<\/a><\/h5>\n<p data-index=\"13\">Iar fostul ministru al justi\u0163iei, europarlamentarul <strong>Monica Macovei<\/strong>, sus\u0163ine c\u0103<a href=\"https:\/\/www.digi24.ro\/Stiri\/Digi24\/Actualitate\/Politica\/Monica+Macovei+Patru+motive+sa+ne+intrebam+care+sunt+intentiile+\" target=\"_blank\" data-skip-linkfix=\"1\" rel=\"noopener\"> \u00een Rom\u00e2nia \u00eenc\u0103 nu exist\u0103 voin\u0163\u0103 politic\u0103 de a lupta \u00eempotriva corup\u0163iei<\/a>. Critici au provocat \u015fi propunerile pre\u015fedintelui de cre\u015ftere a puterilor Parchetului General \u015fi CSM.<\/p>\n<p data-index=\"14\">Rom\u00e2nia a \u00eendeplinit doar o parte din cerin\u0163ele Mecanismului de Cooperare \u015fi Verificare, sus\u0163ine Monica Macovei, ca reac\u0163ie la afirma\u0163iile pre\u015fedintelui. \u201eNu au fost deloc \u00eendeplinite ac\u0163iunile politicienilor\u201d, a precizat la<strong> Digi24<\/strong> europarlamentarul. \u201eVoin\u0163a politic\u0103 de a lupta cu corup\u0163ia este zero sau minus 20, sau minus 100 \u00een Rom\u00e2nia \u015fi asta vedem din refuzul de a ridica imunitatea, din \u00eencercarea de a gra\u0163ia tot timpul, din refuzul de a permite cercet\u0103rile. Deci, nu trebuie ridicat\u201d, a punctat Monica Macovei.<\/p>\n<h5><a href=\"https:\/\/www.digi24.ro\/Stiri\/Digi24\/Actualitate\/Politica\/Monica+Macovei+Patru+motive+sa+ne+intrebam+care+sunt+intentiile+\" target=\"_blank\" data-skip-linkfix=\"1\" rel=\"noopener\">Monica Macovei: Patru motive s\u0103 ne \u00eentreb\u0103m care sunt inten\u021biile pre\u0219edintelui Iohannis privind justi\u021bia<\/a><\/h5>\n<p data-index=\"15\">\u015ei pre\u015fedintele \u00cenaltei Cur\u0163i, Livia Stanciu, sus\u0163ine c\u0103 acest instrument de monitorizare a sistemului judiciar trebuie men\u0163inut. \u201eNu se impune ridicarea MCV, pentru c\u0103 \u00eenc\u0103 mai sunt multe obiective de atins. MCV este un mecanism de cooperare \u015fi \u00een subsidiar de verificare. Evident c\u0103 to\u0163i tindem spre ridicare, dar nu se impune. Sunt presiuni \u015fi e bine c\u0103 e acolo\u201d, a declarat <strong>Livia Stanciu<\/strong>, citat\u0103 de Mediafax.<\/p>\n<p data-index=\"16\">Schimb\u0103rile din sistemul judiciar propuse de Klaus Iohannis nu sunt nici ele bine primite de <strong>comentatorii politici.<\/strong><\/p>\n<p data-index=\"17\"><strong><br \/><\/strong><\/p>\n<p data-index=\"18\">\u201eA\u0219 critica inten\u021bia sa de a aduce \u00een CSAT \u00cenalta Curte \u0219i Parchetul General. (&#8230;) Ideea de ini\u021biativ\u0103 legislativ\u0103 dat\u0103 CSM mi se pare, iar\u0103\u0219i, incredibil\u0103\u201d, a spus la emisiunea \u201eJurnalul de Sear\u0103\u201d <strong>Cristian P\u00eervulescu, pre\u0219edintele Asocia\u021biei Pro Democra\u0163ia.<\/strong><\/p>\n<p data-index=\"19\">\u201e<span>Cei care i le-au sugerat pre\u0219edintelui nu au fost cu siguran\u021b\u0103 foarte aten\u021bi \u00een leg\u0103tur\u0103 cu separa\u021bia puterilor \u00een stat \u0219i semnifica\u021bia separa\u021biei puterilor \u00een stat\u201d, a opinat<strong> Vlad Nistor,<\/strong> deputat PNL.<\/span><\/p>\n<p data-index=\"20\">Iar europarlamentarul Monica Macovei \u2013 care l-a sprijinit pe Klaus Iohannis \u00een turul al doilea al preziden\u021bialelor &#8211; nu este de acord nici cu discre\u0163ia cerut\u0103 de \u015feful statului privind anchetele \u00een curs.<\/p>\n<p data-index=\"21\">\u201eEu traduc scurgerile nepermise de informa\u0163ii \u00een pres\u0103 din dosare penale cu informarea publicului. Nici nu ar trebui s\u0103 ajungem la scurgeri, ar trebui ca unele lucruri, prin practic\u0103, s\u0103 fie publice pentru c\u0103 da, ne intereseaz\u0103 pe to\u0163i cum fac aranjamente politicienii\u201d, spune <strong>Monica Macovei<\/strong>.<\/p>\n<p data-index=\"22\">\u00cen schimb, <a href=\"https:\/\/www.digi24.ro\/Stiri\/Digi24\/Actualitate\/Justitie\/Victor+Ponta+sprijina+propunerea+presedintelui+Klaus+Iohannis+ca\" target=\"_blank\" data-skip-linkfix=\"1\" rel=\"noopener\"><strong>primul care s-a declarat de acord cu propunerile pre\u015fedintelui a fost premierul Victor Ponta<\/strong><\/a>, care a scris pe <a href=\"https:\/\/twitter.com\/search?q=victor%20ponta&amp;src=typd\" target=\"_blank\" data-skip-linkfix=\"1\" rel=\"noopener\">Twitter<\/a> le va sus\u0163ine. Ulterior, tot mar\u021bi, <a href=\"https:\/\/www.digi24.ro\/Stiri\/Digi24\/Actualitate\/Politica\/V+Ponta+Finantare+adecvata+pentru+aparare+idee+evocata+si+de+K+I\" target=\"_blank\" data-skip-linkfix=\"1\" rel=\"noopener\">Victor Ponta s-a mai declarat o dat\u0103 de acord cu pre\u0219edintele<\/a>. De data aceasta, pe tema bugetului de 2 la sut\u0103 care ar trebui alocat Armatei. A fost \u201eziua armoniei\u201d \u00eentre pre\u0219edinte \u0219i premier, au decretat observatorii.<\/p>\n<p data-index=\"23\">Citi\u021bi \u0219i:\u00a0<\/p>\n<h5><a href=\"https:\/\/www.digi24.ro\/Stiri\/Digi24\/Actualitate\/Politica\/Emil+Hurezeanu+referitor+la+criticile+aduse+lui+Klaus+Iohannis+L\" target=\"_blank\" data-skip-linkfix=\"1\" rel=\"noopener\">Emil Hurezeanu, referitor la criticile aduse lui Klaus Iohannis: L\u0103sa\u0163i-l s\u0103 fie un pre\u015fedinte normal!<\/a><\/h5>\n<\/div>\n<p> Source URL: https:\/\/www.digi24.ro\/stiri\/actualitate\/politica\/klaus-iohannis-debut-de-mandat-sub-semnul-criticilor-343797<\/p>\n","protected":false},"excerpt":{"rendered":"<p>Klaus Iohannis, la prima \u0219edin\u021b\u0103 CSM FOTO: presidency.ro S\u0103 fie un debut cu st\u00e2ngul, a\u0219a cum comenta \u00eenc\u0103 de acum c\u00e2teva zile Deutsche Welle? Criticat pentru c\u0103 de obicei este prea t\u0103cut, frustrant de discret, pentru unii, \u00een noaptea de Revelion, Klaus Iohannis a vorbit, mar\u021bi, la prima \u0219edin\u021b\u0103 din acest an a Consiliului Superior [&hellip;]<\/p>\n","protected":false},"author":1,"featured_media":188784,"comment_status":"open","ping_status":"","sticky":false,"template":"","format":"standard","meta":{"footnotes":""},"categories":[2],"tags":[11],"class_list":["post-188783","post","type-post","status-publish","format-standard","has-post-thumbnail","hentry","category-politics","tag-digi24"],"_links":{"self":[{"href":"https:\/\/analyse.optim.biz\/index.php?rest_route=\/wp\/v2\/posts\/188783","targetHints":{"allow":["GET"]}}],"collection":[{"href":"https:\/\/analyse.optim.biz\/index.php?rest_route=\/wp\/v2\/posts"}],"about":[{"href":"https:\/\/analyse.optim.biz\/index.php?rest_route=\/wp\/v2\/types\/post"}],"author":[{"embeddable":true,"href":"https:\/\/analyse.optim.biz\/index.php?rest_route=\/wp\/v2\/users\/1"}],"replies":[{"embeddable":true,"href":"https:\/\/analyse.optim.biz\/index.php?rest_route=%2Fwp%2Fv2%2Fcomments&post=188783"}],"version-history":[{"count":0,"href":"https:\/\/analyse.optim.biz\/index.php?rest_route=\/wp\/v2\/posts\/188783\/revisions"}],"wp:featuredmedia":[{"embeddable":true,"href":"https:\/\/analyse.optim.biz\/index.php?rest_route=\/wp\/v2\/media\/188784"}],"wp:attachment":[{"href":"https:\/\/analyse.optim.biz\/index.php?rest_route=%2Fwp%2Fv2%2Fmedia&parent=188783"}],"wp:term":[{"taxonomy":"category","embeddable":true,"href":"https:\/\/analyse.optim.biz\/index.php?rest_route=%2Fwp%2Fv2%2Fcategories&post=188783"},{"taxonomy":"post_tag","embeddable":true,"href":"https:\/\/analyse.optim.biz\/index.php?rest_route=%2Fwp%2Fv2%2Ftags&post=188783"}],"curies":[{"name":"wp","href":"https:\/\/api.w.org\/{rel}","templated":true}]}}