{"id":188772,"date":"2015-01-07T04:50:36","date_gmt":"2015-01-07T01:50:36","guid":{"rendered":"https:\/\/analyse.optim.biz\/?p=188772"},"modified":"2015-01-07T04:50:36","modified_gmt":"2015-01-07T01:50:36","slug":"bani-pentru-armata-primul-pact-politic-propus-de-presedinte","status":"publish","type":"post","link":"https:\/\/analyse.optim.biz\/?p=188772","title":{"rendered":"Bani pentru armat\u0103, primul pact politic propus de pre\u0219edinte"},"content":{"rendered":"<div class=\"entry data-app-meta data-app-meta-article\" data-embed-base-url-canonical=\"https:\/\/www.digi24.ro\/embed\/stiri\/actualitate\/politica\/bani-pentru-armata-primul-pact-politic-propus-de-presedinte-343801\">\n<p data-index=\"1\">Primul partid chemat la discu\u0163iile cu pre\u015fedintele este PSD, luni, de la ora 10:00. Vor urma cei de la PNL, UNPR, PC, UDMR, reprezenatan\u0163ii minorit\u0103\u0163ilor na\u0163ionale \u015fi cei ai PPDD. Discu\u0163iile dintre Klaus Iohannis \u015fi fiecare delega\u0163ie vor dura aproximativ o jum\u0103tate de or\u0103.<\/p>\n<p data-index=\"2\">\u201e<span>Voi declan\u021ba consultari cu partidele pentru \u00eencheierea unui acord pentru asigurarea \u00een 2017 a unui prag minimal de 2% din PIB pentru ap\u0103rare. Nu voi accepta ca guvernul s\u0103 nu respecte finan\u021barea asumat\u0103 pentru armat\u0103. Niciun aliat sau partener nu ne va putea garanta vreodat\u0103 securitatea dac\u0103 noi singuri nu vom face asta pentru noi\u201d, a avertizat pre\u0219edintele.<\/span><\/p>\n<p data-index=\"3\">2% din PIB este bugetul asumat de Rom\u00e2nia la summitul NATO din \u0162ara Galilor. Banii ar trebui s\u0103 garanteze finan\u0163area exerci\u0163iilor militare \u015fi a misiunilor din largul M\u0103rii Negre. Zona este permanent supravegheat\u0103 acum de nave de r\u0103zboi americane, rom\u00e2ne \u015fi bulgare.<\/p>\n<p data-index=\"4\">\u201eAm \u00een fa\u0163\u0103 (arat\u0103 un grafic) m\u0103 bucur c\u0103 \u00een 2014 \u015fi 2015 prin buget, sumele acordate sunt mai mari chiar \u015fi ca cele din 2008\u201d, a declarat premierul Victor Ponta.<\/p>\n<p data-index=\"5\">Capacitatea de ap\u0103rare a Rom\u00e2niei \u00een cazul unui conflict \u00een zon\u0103 trebuie \u015fi ea luat\u0103 \u00een calcul. 2016 este anul \u00een care primele avioane de lupt\u0103 F16 vor putea fi pilotate de solda\u0163ii rom\u00e2ni. P\u00e2n\u0103 atunci, b\u0103tr\u00e2nele Mig21 Lancer \u015fi avioane de lupt\u0103 ale alia\u0163ilor vor asigura misiunile. For\u0163ele Aeriene vor finaliza \u015fi achizi\u0163ia avioanelor de transport.<\/p>\n<p data-index=\"6\">Ultimul avion de transport mediu curier, de tip CJ27 Spartan, din lotul de \u0219apte, va ajunge \u00een Rom\u00e2nia \u00een aproximativ 10 zile.<\/p>\n<p data-index=\"7\">For\u0163ele terestre au nevoie \u015fi ele de \u00eent\u0103rire, mai ales c\u0103 CSAT a aprobat ca militarii rom\u00e2ni s\u0103 continue misiunea din Afganistan.<\/p>\n<p data-index=\"8\">\u201eParticiparea \u00een teatrele de opera\u0163ii. 650 de militari pleac\u0103 \u00een Afganistan \u00een urm\u0103toarea lun\u0103 \u0219i jumat\u0103te\u201d, a anun\u021bat ministrul Ap\u0103r\u0103rii, Mircea Du\u0219a.<\/p>\n<p data-index=\"9\">\u00cen acest moment bugetul solda\u0163ilor nu atinge pragul minim cerut de 2% din PIB. Misiunile solda\u0163ilor rom\u00e2ni s-au intensificat \u00een ultimul an \u015fi jum\u0103tate, dup\u0103 escaladarea conflictului din Ucraina.\u00a0<\/p>\n<h5>De ce trebuie 2% din PIB pentru armat\u0103? Harta pericolelor:<\/h5>\n<p data-index=\"10\">\u00a0(<em>Jurnalul de Sear\u0103. Urm\u0103ri\u021bi explica\u021biile lui Cosmin Prelipceanu<\/em>)<\/p>\n<\/div>\n<p> Source URL: https:\/\/www.digi24.ro\/stiri\/actualitate\/politica\/bani-pentru-armata-primul-pact-politic-propus-de-presedinte-343801<\/p>\n","protected":false},"excerpt":{"rendered":"<p>Primul partid chemat la discu\u0163iile cu pre\u015fedintele este PSD, luni, de la ora 10:00. Vor urma cei de la PNL, UNPR, PC, UDMR, reprezenatan\u0163ii minorit\u0103\u0163ilor na\u0163ionale \u015fi cei ai PPDD. Discu\u0163iile dintre Klaus Iohannis \u015fi fiecare delega\u0163ie vor dura aproximativ o jum\u0103tate de or\u0103. \u201eVoi declan\u021ba consultari cu partidele pentru \u00eencheierea unui acord pentru asigurarea [&hellip;]<\/p>\n","protected":false},"author":1,"featured_media":188773,"comment_status":"open","ping_status":"","sticky":false,"template":"","format":"standard","meta":{"footnotes":""},"categories":[2],"tags":[11],"class_list":["post-188772","post","type-post","status-publish","format-standard","has-post-thumbnail","hentry","category-politics","tag-digi24"],"_links":{"self":[{"href":"https:\/\/analyse.optim.biz\/index.php?rest_route=\/wp\/v2\/posts\/188772","targetHints":{"allow":["GET"]}}],"collection":[{"href":"https:\/\/analyse.optim.biz\/index.php?rest_route=\/wp\/v2\/posts"}],"about":[{"href":"https:\/\/analyse.optim.biz\/index.php?rest_route=\/wp\/v2\/types\/post"}],"author":[{"embeddable":true,"href":"https:\/\/analyse.optim.biz\/index.php?rest_route=\/wp\/v2\/users\/1"}],"replies":[{"embeddable":true,"href":"https:\/\/analyse.optim.biz\/index.php?rest_route=%2Fwp%2Fv2%2Fcomments&post=188772"}],"version-history":[{"count":0,"href":"https:\/\/analyse.optim.biz\/index.php?rest_route=\/wp\/v2\/posts\/188772\/revisions"}],"wp:featuredmedia":[{"embeddable":true,"href":"https:\/\/analyse.optim.biz\/index.php?rest_route=\/wp\/v2\/media\/188773"}],"wp:attachment":[{"href":"https:\/\/analyse.optim.biz\/index.php?rest_route=%2Fwp%2Fv2%2Fmedia&parent=188772"}],"wp:term":[{"taxonomy":"category","embeddable":true,"href":"https:\/\/analyse.optim.biz\/index.php?rest_route=%2Fwp%2Fv2%2Fcategories&post=188772"},{"taxonomy":"post_tag","embeddable":true,"href":"https:\/\/analyse.optim.biz\/index.php?rest_route=%2Fwp%2Fv2%2Ftags&post=188772"}],"curies":[{"name":"wp","href":"https:\/\/api.w.org\/{rel}","templated":true}]}}