{"id":188769,"date":"2015-01-07T10:34:35","date_gmt":"2015-01-07T07:34:35","guid":{"rendered":"https:\/\/analyse.optim.biz\/?p=188769"},"modified":"2015-01-07T10:34:35","modified_gmt":"2015-01-07T07:34:35","slug":"victor-ponta-2015-inceput-de-normalitate","status":"publish","type":"post","link":"https:\/\/analyse.optim.biz\/?p=188769","title":{"rendered":"Victor Ponta: &#8220;2015, \u00eenceput de normalitate&#8221;"},"content":{"rendered":"<div class=\"entry data-app-meta data-app-meta-article\" data-embed-base-url-canonical=\"https:\/\/www.digi24.ro\/embed\/stiri\/actualitate\/politica\/victor-ponta-2015-inceput-de-normalitate-343898\">\n<p data-index=\"1\"><img decoding=\"async\" src=\"https:\/\/analyse.optim.biz\/wp-content\/uploads\/2024\/09\/agfzad1hndm1zdu3m2fmyzu1n2jjn2jkzdrhowq3ytdjzmvlna-thumb_.jpg\" data-skip-htmlfix=\"1\" title=\"agfzad1hndm1zdu3m2fmyzu1n2jjn2jkzdrhowq3ytdjzmvlna-thumb_\"><\/p>\n<p data-index=\"2\">Victor Ponta \u015fi-a schimbat coverul paginii de Facebook post\u00e2nd acest mesaj.<\/p>\n<div class=\"fb-post\">\n<div class=\"fb-xfbml-parse-ignore\"><a href=\"https:\/\/www.facebook.com\/victor.ponta\/posts\/887245411315347\" data-skip-linkfix=\"1\">Postare<\/a> de <a href=\"https:\/\/www.facebook.com\/victor.ponta\" data-skip-linkfix=\"1\">Victor Ponta<\/a>.<\/div>\n<\/div>\n<div class=\"fb-xfbml-parse-ignore\">\u00a0<\/div>\n<div class=\"fb-xfbml-parse-ignore\">\n<p data-index=\"4\">Ieri, Victor Ponta \u015fi-a \u00eenceput discursul la ceremonia de predare-primire a func\u0163iei de \u015fef al SMG amintindu-\u015fi de pre\u015fedintele B\u0103sescu \u015fi de faptul c\u0103 atmosfera a fost &#8220;rece&#8221; c\u00e2nd a participat cu acesta la bilan\u0163ul MapN. El a remarcat c\u0103 acum, \u00een prezen\u0163a lui Iohannis, lucrurile sunt &#8220;mult mai c\u0103lduroase&#8221;.<\/p>\n<p data-index=\"5\">&#8220;Ultima dat\u0103 c\u00e2nd ne-am v\u0103zut aici cu reprezentan\u0163ii tuturor armelor era o atmosfer\u0103 mult mai rece din toate punctele de vedere. M\u0103 bucur c\u0103, azi, lucrurile sunt mult mai c\u0103lduroase&#8221;, a spus Ponta, prezent al\u0103turi de pre\u015fedintele Klaus Iohannis la sediul Ministerului Ap\u0103r\u0103rii, pentru ceremonia de predare-primire a func\u0163iei de \u015fef al Statului Major General (SMG).<\/p>\n<p data-index=\"6\"><a href=\"https:\/\/www.digi24.ro\/Stiri\/Digi24\/Actualitate\/Politica\/Bani+pentru+armata+primul+pact+politic+propus+de+presedinte\" target=\"_blank\" data-skip-linkfix=\"1\" rel=\"noopener\"><strong>Bani pentru armat\u0103, primul pact politic propus de pre\u0219edinte<\/strong><\/a><\/p>\n<p data-index=\"7\">Tot ieri, premierul a afirmat c\u0103 vrea \u00eent\u00e2lniri s\u0103pt\u0103m\u00e2nale cu pre\u015fedintele Iohannis, deoarece sunt utile pentru \u0163ar\u0103.<\/p>\n<p data-index=\"8\">&#8220;Eu inten\u0163ionez &#8211; cred c\u0103 \u015fi pre\u015fedintele, dar nu pot vorbi \u00een numele lui &#8211; s\u0103 avem acea \u00eentrunire s\u0103pt\u0103m\u00e2nal\u0103 \u00eentre prim-ministru \u015fi pre\u015fedinte, pentru c\u0103 este extrem de util\u0103. Primele \u00eent\u00e2lniri pe care le-am avut au fost foarte utile, am discutat ce avem de f\u0103cut, ce propunem. Inclusiv atunci c\u00e2nd nu suntem neap\u0103rat de acord pe ceva, dar faptul c\u0103 discut\u0103m \u00eenainte este un lucru extrem de util. Faptul c\u0103 la o or\u0103 dup\u0103, cum f\u0103ceam cu B\u0103sescu, nu \u00eel v\u0103d la televizor pe Iohannis spun\u00e2nd exact invers ce \u00eemi zisese \u00een discu\u0163ia dintre noi doi e un alt lucru normal, bun \u015fi util \u015fi toat\u0103 \u0163ara are de beneficiat din faptul c\u0103 nu mai e un pre\u015fedinte care toat\u0103 ziua iese \u015fi se ceart\u0103, ci dimpotriv\u0103, vrea s\u0103 discute&#8221;, a spus Ponta la un post de televiziune.<\/p>\n<\/div>\n<\/div>\n<p> Source URL: https:\/\/www.digi24.ro\/stiri\/actualitate\/politica\/victor-ponta-2015-inceput-de-normalitate-343898<\/p>\n","protected":false},"excerpt":{"rendered":"<p>Victor Ponta \u015fi-a schimbat coverul paginii de Facebook post\u00e2nd acest mesaj. Postare de Victor Ponta. \u00a0 Ieri, Victor Ponta \u015fi-a \u00eenceput discursul la ceremonia de predare-primire a func\u0163iei de \u015fef al SMG amintindu-\u015fi de pre\u015fedintele B\u0103sescu \u015fi de faptul c\u0103 atmosfera a fost &#8220;rece&#8221; c\u00e2nd a participat cu acesta la bilan\u0163ul MapN. El a remarcat [&hellip;]<\/p>\n","protected":false},"author":1,"featured_media":188770,"comment_status":"open","ping_status":"","sticky":false,"template":"","format":"standard","meta":{"footnotes":""},"categories":[2],"tags":[11],"class_list":["post-188769","post","type-post","status-publish","format-standard","has-post-thumbnail","hentry","category-politics","tag-digi24"],"_links":{"self":[{"href":"https:\/\/analyse.optim.biz\/index.php?rest_route=\/wp\/v2\/posts\/188769","targetHints":{"allow":["GET"]}}],"collection":[{"href":"https:\/\/analyse.optim.biz\/index.php?rest_route=\/wp\/v2\/posts"}],"about":[{"href":"https:\/\/analyse.optim.biz\/index.php?rest_route=\/wp\/v2\/types\/post"}],"author":[{"embeddable":true,"href":"https:\/\/analyse.optim.biz\/index.php?rest_route=\/wp\/v2\/users\/1"}],"replies":[{"embeddable":true,"href":"https:\/\/analyse.optim.biz\/index.php?rest_route=%2Fwp%2Fv2%2Fcomments&post=188769"}],"version-history":[{"count":0,"href":"https:\/\/analyse.optim.biz\/index.php?rest_route=\/wp\/v2\/posts\/188769\/revisions"}],"wp:featuredmedia":[{"embeddable":true,"href":"https:\/\/analyse.optim.biz\/index.php?rest_route=\/wp\/v2\/media\/188770"}],"wp:attachment":[{"href":"https:\/\/analyse.optim.biz\/index.php?rest_route=%2Fwp%2Fv2%2Fmedia&parent=188769"}],"wp:term":[{"taxonomy":"category","embeddable":true,"href":"https:\/\/analyse.optim.biz\/index.php?rest_route=%2Fwp%2Fv2%2Fcategories&post=188769"},{"taxonomy":"post_tag","embeddable":true,"href":"https:\/\/analyse.optim.biz\/index.php?rest_route=%2Fwp%2Fv2%2Ftags&post=188769"}],"curies":[{"name":"wp","href":"https:\/\/api.w.org\/{rel}","templated":true}]}}