{"id":188766,"date":"2015-01-07T10:44:04","date_gmt":"2015-01-07T07:44:04","guid":{"rendered":"https:\/\/analyse.optim.biz\/?p=188766"},"modified":"2015-01-07T10:44:04","modified_gmt":"2015-01-07T07:44:04","slug":"programul-consultarilor-de-luni-intre-presedintele-iohannis-si-formatiunile-parlamentare","status":"publish","type":"post","link":"https:\/\/analyse.optim.biz\/?p=188766","title":{"rendered":"Programul consult\u0103rilor de luni \u00eentre pre\u015fedintele Iohannis \u015fi forma\u0163iunile parlamentare"},"content":{"rendered":"<div class=\"entry data-app-meta data-app-meta-article\" data-embed-base-url-canonical=\"https:\/\/www.digi24.ro\/embed\/stiri\/actualitate\/politica\/programul-consultarilor-de-luni-intre-presedintele-iohannis-si-formatiunile-parlamentare-343906\">\n<p data-index=\"1\"><img decoding=\"async\" src=\"https:\/\/analyse.optim.biz\/wp-content\/uploads\/2024\/09\/cgcmdz04mdamagfzad03nwi3nzy4mjfmmte4zjrhode0mjm3zjdmmtzmmge3nq-thumb_.jpg\" data-skip-htmlfix=\"1\" title=\"cgcmdz04mdamagfzad03nwi3nzy4mjfmmte4zjrhode0mjm3zjdmmtzmmge3nq-thumb_\"><\/p>\n<p data-index=\"2\">Potrivit comunicatului postat pe site-ul Administra\u0163iei Preziden\u0163iale, \u015feful statului a trimis, mar\u0163i, o invita\u0163ie partidelor \u015fi forma\u0163iunilor politice reprezentate \u00een Parlament, prin care le cheam\u0103, luni, 12 ianuarie, la consult\u0103ri.<\/p>\n<p data-index=\"3\"><strong>Pe agenda discu\u0163iilor se afl\u0103 \u00eencheierea unui acord politic cu scopul asigur\u0103rii, \u00een anul 2017, a unui prag minimal de 2% din PIB pentru Ministerul Ap\u0103r\u0103rii Na\u0163ionale, men\u0163ioneaz\u0103 sursa citat\u0103.<\/strong><\/p>\n<p data-index=\"4\">Programul consult\u0103rilor va fi urm\u0103torul:<\/p>\n<p data-index=\"5\">10.00 &#8211; 10.30 &#8211; Partidul Social Democrat;<\/p>\n<p data-index=\"6\">10.45 &#8211; 11.15 &#8211; Partidul Na\u0163ional Liberal;<\/p>\n<p data-index=\"7\">11.30 &#8211; 12.00 &#8211; Uniunea Na\u0163ional\u0103 pentru Progresul Rom\u00e2niei;<\/p>\n<p data-index=\"8\">12.15 &#8211; 12.45 &#8211; Partidul Conservator;<\/p>\n<p data-index=\"9\">13.00 &#8211; 13.30 &#8211; Uniunea Democrat\u0103 Maghiar\u0103 din Rom\u00e2nia;<\/p>\n<p data-index=\"10\">13.45 &#8211; 14.15 &#8211; Grupul parlamentar al minorit\u0103\u0163ilor na\u0163ionale;<\/p>\n<p data-index=\"11\">14.30 &#8211; 15.00 &#8211; Partidul Poporului &#8211;\u00a0Dan Diaconescu.<\/p>\n<p data-index=\"12\"><strong>Pre\u015fedintele\u00a0Klaus Iohannis\u00a0a declarat, mar\u0163i, la ceremonia de \u00eenvestitur\u0103 a noului \u015fef al Statului Major General, c\u0103 va declan\u015fa consult\u0103ri cu partidele pentru \u00eencheierea unui acord politic cu scopul asigur\u0103rii, \u00een 2017, a unui prag minimal de 2% din PIB pentru Ap\u0103rare.<\/strong><\/p>\n<h3><a href=\"https:\/\/www.digi24.ro\/Stiri\/Digi24\/Actualitate\/Politica\/KLAUS+IOHANNIS+CRITICI+CSM+PROPUNERI+JUSTITIE\" target=\"_blank\" data-skip-linkfix=\"1\" rel=\"noopener\"><span>Klaus Iohannis, debut de mandat sub semnul criticilor<\/span><\/a><\/h3>\n<h3><a href=\"https:\/\/www.digi24.ro\/Stiri\/Digi24\/Actualitate\/Politica\/Klaus+Iohannis+vrea+un+buget+mai+mare+pentru+Armata+Romana\" target=\"_blank\" data-skip-linkfix=\"1\" rel=\"noopener\"><span>Klaus Iohannis vrea un buget mai mare pentru Armat\u0103: &#8220;Voi declan\u015fa consult\u0103ri cu partidele&#8221;<\/span><\/a><\/h3>\n<p data-index=\"13\">Pre\u0219edintele Klaus Iohannis a anun\u021bat mar\u021bi c\u0103 va declan\u0219a consult\u0103ri cu partidele parlamentare \u00een vederea \u00eencheierii unui acord cu scopul asigur\u0103rii \u00een 2017 a unui prag minimal de 2% din PIB pentru Ap\u0103rare \u0219i p\u0103str\u0103rii acestui obiectiv pentru cel pu\u021bin 10 ani.\u00a0<\/p>\n<p data-index=\"14\">\u201e<strong>Una dintre priorit\u0103\u021bile mandatului meu pentru perioada imediat urm\u0103toare este g\u0103sirea solu\u021biilor pentru cre\u0219terea bugetului Ap\u0103r\u0103rii.<\/strong>\u00a0Voi declan\u0219a consult\u0103ri cu partidele parlamentare pentru \u00eencheierea unui acord politic cu scopul asigur\u0103rii \u00een anul 2017 a unui prag minimal de 2% din PIB pentru Ap\u0103rare.\u00a0Mai mult, propun tuturor factorilor politici at\u00e2t de guvernare, c\u00e2t \u0219i din Opozi\u021bie s\u0103-\u0219i asume clar men\u021binerea acestui minim obiectiv pentru cel pu\u021bin 10 ani, astfel \u00eenc\u00e2t s\u0103 putem sigura predictibilitatea cheltuielilor militare, mai ales \u00een ceea ce prive\u0219te preg\u0103tirea \u0219i programele strategice de \u00eenzestrare&#8221;, a declarat pre\u0219edintele la ceremonia de \u00eenvestire \u00een func\u021bie a noului \u0219ef al Statului Major General, general-locotenent Nicolae-Ionel Ciuc\u0103, eveniment desf\u0103\u0219urat la sediul MApN.<\/p>\n<p data-index=\"15\">Iohannis a ad\u0103ugat c\u0103 al\u0103turi de ceilal\u021bi factori de decizie ai statului \u0219i de partenerii externi va face tot posibilul pentru g\u0103sirea &#8220;solu\u021biilor realiste de alocare a resurselor bugetare care s\u0103 permit\u0103 finan\u021barea corect\u0103 a sistemului militar&#8221;.<\/p>\n<p data-index=\"16\">&#8220;Nu voi accepta ca \u00een viitor Guvernul, indiferent de cine-l conduce, s\u0103 nu respecte finan\u021barea asumat\u0103 pentru Armat\u0103&#8221;, a mai declarat \u0219eful statului.<\/p>\n<h2 id=\"highlight-343906-1\">\u00a0<\/h2>\n<\/div>\n<p> Source URL: https:\/\/www.digi24.ro\/stiri\/actualitate\/politica\/programul-consultarilor-de-luni-intre-presedintele-iohannis-si-formatiunile-parlamentare-343906<\/p>\n","protected":false},"excerpt":{"rendered":"<p>Potrivit comunicatului postat pe site-ul Administra\u0163iei Preziden\u0163iale, \u015feful statului a trimis, mar\u0163i, o invita\u0163ie partidelor \u015fi forma\u0163iunilor politice reprezentate \u00een Parlament, prin care le cheam\u0103, luni, 12 ianuarie, la consult\u0103ri. Pe agenda discu\u0163iilor se afl\u0103 \u00eencheierea unui acord politic cu scopul asigur\u0103rii, \u00een anul 2017, a unui prag minimal de 2% din PIB pentru Ministerul [&hellip;]<\/p>\n","protected":false},"author":1,"featured_media":188767,"comment_status":"open","ping_status":"","sticky":false,"template":"","format":"standard","meta":{"footnotes":""},"categories":[2],"tags":[11],"class_list":["post-188766","post","type-post","status-publish","format-standard","has-post-thumbnail","hentry","category-politics","tag-digi24"],"_links":{"self":[{"href":"https:\/\/analyse.optim.biz\/index.php?rest_route=\/wp\/v2\/posts\/188766","targetHints":{"allow":["GET"]}}],"collection":[{"href":"https:\/\/analyse.optim.biz\/index.php?rest_route=\/wp\/v2\/posts"}],"about":[{"href":"https:\/\/analyse.optim.biz\/index.php?rest_route=\/wp\/v2\/types\/post"}],"author":[{"embeddable":true,"href":"https:\/\/analyse.optim.biz\/index.php?rest_route=\/wp\/v2\/users\/1"}],"replies":[{"embeddable":true,"href":"https:\/\/analyse.optim.biz\/index.php?rest_route=%2Fwp%2Fv2%2Fcomments&post=188766"}],"version-history":[{"count":0,"href":"https:\/\/analyse.optim.biz\/index.php?rest_route=\/wp\/v2\/posts\/188766\/revisions"}],"wp:featuredmedia":[{"embeddable":true,"href":"https:\/\/analyse.optim.biz\/index.php?rest_route=\/wp\/v2\/media\/188767"}],"wp:attachment":[{"href":"https:\/\/analyse.optim.biz\/index.php?rest_route=%2Fwp%2Fv2%2Fmedia&parent=188766"}],"wp:term":[{"taxonomy":"category","embeddable":true,"href":"https:\/\/analyse.optim.biz\/index.php?rest_route=%2Fwp%2Fv2%2Fcategories&post=188766"},{"taxonomy":"post_tag","embeddable":true,"href":"https:\/\/analyse.optim.biz\/index.php?rest_route=%2Fwp%2Fv2%2Ftags&post=188766"}],"curies":[{"name":"wp","href":"https:\/\/api.w.org\/{rel}","templated":true}]}}