{"id":188755,"date":"2015-01-07T11:29:48","date_gmt":"2015-01-07T08:29:48","guid":{"rendered":"https:\/\/analyse.optim.biz\/?p=188755"},"modified":"2015-01-07T11:29:48","modified_gmt":"2015-01-07T08:29:48","slug":"klaus-iohannis-despre-relatia-cu-premierul-victor-ponta-nu-avem-niciun-fel-de-coabitare-niciun-pact-nicio-intelegere","status":"publish","type":"post","link":"https:\/\/analyse.optim.biz\/?p=188755","title":{"rendered":"Klaus Iohannis, despre rela\u021bia cu premierul Victor Ponta: \u201eNu avem niciun fel de coabitare, niciun pact, nicio \u00een\u021belegere\u201d"},"content":{"rendered":"<div class=\"entry data-app-meta data-app-meta-article\" data-embed-base-url-canonical=\"https:\/\/www.digi24.ro\/embed\/stiri\/actualitate\/politica\/klaus-iohannis-despre-relatia-cu-premierul-victor-ponta-nu-avem-niciun-fel-de-coabitare-niciun-pact-nicio-intelegere-343937\">\n<p data-index=\"1\">\u201ePre\u0219edintele are atribu\u021biile lui. Prim-ministrul are atribu\u021biile lui. R\u0103spundem de bunul mers al Rom\u00e2niei. Nu e o declara\u021bie teatral\u0103\u201d, a spus Klaus Iohannis.\u00a0<\/p>\n<p data-index=\"2\"><strong>KLAUS IOHANNIS:\u00a0\u201eNormalitatea se va instaura\u201d<\/strong><\/p>\n<p data-index=\"3\">Acesta a explicat c\u0103 \u00een absen\u021ba unui dialog, lucrurile ar deveni complicate. \u201eNu pot s\u0103-mi imaginez cum pre\u0219edintele \u0219i prim-ministrul s\u0103 lucreze pentru Rom\u00e2nia dac\u0103 nu vorbesc. Sunt discu\u021bii de lucru. Trebuie s\u0103 fiu informat. Sunt discu\u021bii \u00eentre pre\u0219edinte \u0219i prim-ministru, cum se fac \u0219i \u00een alte \u021b\u0103ri.<strong> Nu la televizor \u00ee\u0219i dau teme reciproc, ci se \u00eent\u00e2lnesc, pe urm\u0103 \u00ee\u0219i face toat\u0103 lumea treaba. Suntem obliga\u021bi s\u0103 ne \u00eent\u00e2lnim ca s\u0103 prevenim ni\u0219te teme de conflict \u00eentre palate\u201d<\/strong>, a men\u021bionat Klaus Iohannis care \u0219i-a exprimat \u00eencrederea c\u0103 pe viitor lucrurile acestea vor deveni \u201enormalitate\u201d. \u00a0\u201eNormalitatea se va instaura, pentru c\u0103 a\u0219a este bine\u201d, a spus Klaus Iohannis.<\/p>\n<p data-index=\"4\"><strong>KLAUS IOHANNIS:<\/strong>\u00a0<strong>Pre\u0219edintele trebuie s\u0103 aib\u0103 curajul s\u0103 nu comenteze absolut tot<\/strong><\/p>\n<p data-index=\"5\">\u00centrebat <a href=\"https:\/\/www.digi24.ro\/Stiri\/Digi24\/Actualitate\/Educatie\/Guvernul+modifica+legea+educatiei+pentru+a+stabili+cum+se+poate+\" target=\"_blank\" data-skip-linkfix=\"1\" rel=\"noopener\">de ordonan\u021ba de urgen\u021b\u0103 legat\u0103 de renun\u021barea la doctorat a premierului Victor Ponta<\/a>, acesta a spus c\u0103 nu va comenta subiectul \u00een media. \u201e<strong>Pre\u0219edintele trebuie s\u0103 aib\u0103 curajul s\u0103 nu comenteze absolut tot.<\/strong> Trebuie s\u0103 dea mesaje de \u00eencurajare. Despre ordonan\u021b\u0103 se poate povesti foarte mult. Niciodat\u0103 nu am fost de acord c\u0103 trebuie s\u0103 d\u0103m acte normative pentru o persoan\u0103. Nu este treaba pre\u0219edintelui s\u0103 dea comentarii pe ordonan\u021be de urgen\u021b\u0103 dec\u00e2t atunci c\u00e2nd ajung la promulgare\u201d, a comentat pre\u0219edintele Klaus Iohannis.\u00a0<\/p>\n<p data-index=\"6\"><strong>Klaus Iohannis: \u201eUn arbitru trebuie s\u0103 arbitreze atunci c\u00e2nd e cazul, nu s\u0103 comenteze\u201d<\/strong><\/p>\n<p data-index=\"7\"><strong>Acesta a precizat c\u0103 de multe ori politicianul Klaus Iohannis are opinii diferite fa\u021b\u0103 de politicianul Victor Ponta.<\/strong> \u201e<span>Faptul c\u0103 discut\u0103m, \u0219i bine facem, nu \u00eenseamn\u0103 c\u0103 avem aceea\u0219i p\u0103rere. Nu se \u00eent\u00e2lnesc doi politicieni ca s\u0103 discute doctrinar. Sunt lucruri pe care avem opinii total diferite.<\/span>\u00a0Asta nu \u00eenseamn\u0103 c\u0103 nu voi lua atitudine atunci c\u00e2nd se impune. Asta e func\u021bia de arbitru. Dar un arbitru trebuie s\u0103 arbitreze atunci c\u00e2nd e cazul, nu s\u0103 comenteze\u201d, a conchis Klaus Iohannis.\u00a0<\/p>\n<\/div>\n<p> Source URL: https:\/\/www.digi24.ro\/stiri\/actualitate\/politica\/klaus-iohannis-despre-relatia-cu-premierul-victor-ponta-nu-avem-niciun-fel-de-coabitare-niciun-pact-nicio-intelegere-343937<\/p>\n","protected":false},"excerpt":{"rendered":"<p>\u201ePre\u0219edintele are atribu\u021biile lui. Prim-ministrul are atribu\u021biile lui. R\u0103spundem de bunul mers al Rom\u00e2niei. Nu e o declara\u021bie teatral\u0103\u201d, a spus Klaus Iohannis.\u00a0 KLAUS IOHANNIS:\u00a0\u201eNormalitatea se va instaura\u201d Acesta a explicat c\u0103 \u00een absen\u021ba unui dialog, lucrurile ar deveni complicate. \u201eNu pot s\u0103-mi imaginez cum pre\u0219edintele \u0219i prim-ministrul s\u0103 lucreze pentru Rom\u00e2nia dac\u0103 nu vorbesc. [&hellip;]<\/p>\n","protected":false},"author":1,"featured_media":188756,"comment_status":"open","ping_status":"","sticky":false,"template":"","format":"standard","meta":{"footnotes":""},"categories":[2],"tags":[11],"class_list":["post-188755","post","type-post","status-publish","format-standard","has-post-thumbnail","hentry","category-politics","tag-digi24"],"_links":{"self":[{"href":"https:\/\/analyse.optim.biz\/index.php?rest_route=\/wp\/v2\/posts\/188755","targetHints":{"allow":["GET"]}}],"collection":[{"href":"https:\/\/analyse.optim.biz\/index.php?rest_route=\/wp\/v2\/posts"}],"about":[{"href":"https:\/\/analyse.optim.biz\/index.php?rest_route=\/wp\/v2\/types\/post"}],"author":[{"embeddable":true,"href":"https:\/\/analyse.optim.biz\/index.php?rest_route=\/wp\/v2\/users\/1"}],"replies":[{"embeddable":true,"href":"https:\/\/analyse.optim.biz\/index.php?rest_route=%2Fwp%2Fv2%2Fcomments&post=188755"}],"version-history":[{"count":0,"href":"https:\/\/analyse.optim.biz\/index.php?rest_route=\/wp\/v2\/posts\/188755\/revisions"}],"wp:featuredmedia":[{"embeddable":true,"href":"https:\/\/analyse.optim.biz\/index.php?rest_route=\/wp\/v2\/media\/188756"}],"wp:attachment":[{"href":"https:\/\/analyse.optim.biz\/index.php?rest_route=%2Fwp%2Fv2%2Fmedia&parent=188755"}],"wp:term":[{"taxonomy":"category","embeddable":true,"href":"https:\/\/analyse.optim.biz\/index.php?rest_route=%2Fwp%2Fv2%2Fcategories&post=188755"},{"taxonomy":"post_tag","embeddable":true,"href":"https:\/\/analyse.optim.biz\/index.php?rest_route=%2Fwp%2Fv2%2Ftags&post=188755"}],"curies":[{"name":"wp","href":"https:\/\/api.w.org\/{rel}","templated":true}]}}