{"id":1887467,"date":"2026-04-17T08:31:43","date_gmt":"2026-04-17T05:31:43","guid":{"rendered":"https:\/\/analyse.optim.biz\/?p=1887467"},"modified":"2026-04-17T08:31:43","modified_gmt":"2026-04-17T05:31:43","slug":"reorganizare-cu-reducere-de-personal-si-de-cheltuieli-la-primaria-tulcea","status":"publish","type":"post","link":"https:\/\/analyse.optim.biz\/?p=1887467","title":{"rendered":"Reorganizare cu reducere de personal \u0219i de cheltuieli la Prim\u0103ria Tulcea"},"content":{"rendered":"<p>[analyse_image type=&#8221;featured&#8221; src=&#8221;https:\/\/dobrogeanews.b-cdn.net\/wp-content\/uploads\/2026\/01\/Primaria-Municipiului-Tulcea.jpg&#8221;]<\/p>\n<div id=\"post-70021\" class=\"entry single-default post-70021 post type-post status-publish format-standard has-post-thumbnail hentry category-info\">\n<div>\n<div class=\"ss-follow-wrapper ss-clearfix ss-regular-buttons ss-columns-1 ss-default-style\">\n<div class=\"ss-follow-column\" data-ss-sf-network-id='\"facebook\"'><a href=\"https:\/\/www.facebook.com\/dobrogeanews\" class=\"ss-follow-network ss-facebook-color\" rel=\"nofollow noopener\" aria-label=\"facebook\" target=\"_blank\"><span class=\"ss-follow-network-label\">Urm\u0103re\u015fte-ne \u015fi pe Facebook!<\/span><span class=\"ss-follow-network-count\"><span class=\"ss-follow-network-count-number\">57K<\/span><span class=\"ss-follow-network-count-label\">Followers<\/span><\/span><\/a><\/div>\n<\/div>\n<\/div>\n<p>Pentru sc\u0103derea \u0219i eficientizarea cheltuielilor cu personalul, Prim\u0103ria Municipiului Tulcea propune Consiliului local o nou\u0103 organigram\u0103 a Administra\u021biei publice locale, astfel \u00eenc\u00e2t, \u00eentreg aparatul prim\u0103riei c\u00e2t \u0219i direc\u021biile \u0219i serviciile publice s\u0103 lucreze cel pu\u021bin la fel dac\u0103 nu mai bine cu mai pu\u021bini oameni.<\/p>\n<figure class=\"wp-block-image size-full is-resized\">\n<source type=\"image\/webp\" data-lazy-srcset=\"https:\/\/dobrogeanews.b-cdn.net\/wp-content\/uploads\/2026\/01\/Primaria-Municipiului-Tulcea.jpg.webp 2560w, https:\/\/dobrogeanews.b-cdn.net\/wp-content\/uploads\/2026\/01\/Primaria-Municipiului-Tulcea-300x207.jpg.webp 300w, https:\/\/dobrogeanews.b-cdn.net\/wp-content\/uploads\/2026\/01\/Primaria-Municipiului-Tulcea-1024x708.jpg.webp 1024w, https:\/\/dobrogeanews.b-cdn.net\/wp-content\/uploads\/2026\/01\/Primaria-Municipiului-Tulcea-768x531.jpg.webp 768w, https:\/\/dobrogeanews.b-cdn.net\/wp-content\/uploads\/2026\/01\/Primaria-Municipiului-Tulcea-1536x1062.jpg.webp 1536w, https:\/\/dobrogeanews.b-cdn.net\/wp-content\/uploads\/2026\/01\/Primaria-Municipiului-Tulcea-2048x1416.jpg.webp 2048w\" sizes=\"(max-width: 640px) 100vw, 640px\" \/><br \/>\n<img loading=\"lazy\" decoding=\"async\" src=\"https:\/\/dobrogeanews.b-cdn.net\/wp-content\/uploads\/2026\/01\/Primaria-Municipiului-Tulcea.jpg\" alt=\"Prim\u0103ria Municipiului Tulcea\" width=\"640\" height=\"443\"><\/figure>\n<p>\u201e\u00cen prezent, num\u0103rul de posturi aprobate \u00een organigram\u0103 este de 317 posturi (217 posturi aparatul de specialitate al U.A.T. Municipiul Tulcea, 82 posturi Poli\u0163ia Local\u0103 \u015fi 18 posturi Serviciul Public Comunitar de Eviden\u0163\u0103 a Persoanelor). <\/p>\n<p>Ca urmare a aplic\u0103rii Ordonan\u021bei de Urgen\u0163\u0103 a Guvernului nr. 7\/2026, num\u0103rul de posturi va fi de 301. Pentru diferen\u021ba de 16 de posturi (15 posturi la Direc\u021bia Poli\u0163ie Local\u0103 \u015fi 1 post consilier), impactul financiar asupra bugetului local al Municipiului Tulcea ar fi de 134.729 lei\/lun\u0103, respectiv 1.616.748 lei\/12 luni\u201d, <\/p>\n<p>se arat\u0103 \u00een proiectul de hot\u0103r\u00e2re.<\/p>\n<p>Direc\u021bia de Intre\u021binere \u0219i Administrare Patrimoniu Tulcea se reorganizeaz\u0103 Dintr-un total de 156 de postur vor fi desfiin\u021bate 20.<\/p>\n<p>\u201eDesfiin\u0163area celor 20 de posturi nu este determinat\u0103 de lipsa necesit\u0103\u0163ii acestora \u00een structura organizatoric\u0103 a institu\u0163iei. Dimpotriv\u0103, ocuparea acestor posturi ar fi putut contribui la \u00eembun\u0103t\u0103\u021birea capacit\u0103\u021bii administrative \u0219i la o mai bun\u0103 desf\u0103\u0219urare a activit\u0103\u021bilor specifice. Cu toate acestea, m\u0103sura este impus\u0103 de constr\u00e2ngerile bugetare anuale, precum \u015fi de cadrul normativ \u00een vigoare care a limitat sau suspendat organizarea concursurilor de ocupare a posturilor vacante \u00een sectorul public. <\/p>\n<p>\u00cen acest context, men\u0163inerea \u00een statul de func\u0163ii \u015fi \u00een organigram\u0103 unor posturi vacante, a c\u0103ror ocupare nu este posibil\u0103 \u00eentr-un orizont rezonabil de timp, nu se mai justific\u0103 din perspectiva eficien\u0163ei utiliz\u0103rii resurselor publice\u201d <\/p>\n<p>conform proiectului de hot\u0103r\u00e2re supus dezbaterii Consiliului local Tulcea.<\/p>\n<p>Astfel, \u00een aparatul de specialitate al primarului vor exista 217 posturi. La eviden\u0163a persoanelor, 18 posturi, la Poli\u0163ia Local\u0103, 67 de posturi, iar la Direc\u0163ia \u00centre\u0163inere \u015fi Administrare Patrimoniu (DIAP) sunt 136 de posturi. \u00cen ceea ce prive\u015fte num\u0103rul de posturi ad\u0103ugate pentru proiectele finan\u0163ate din fonduri externe nerambursabile care urmeaz\u0103 s\u0103 fie implementate sau sunt \u00een curs de implementare, acesta este 13. <\/p>\n<p>A\u0219adar vor fi reduse posturi de la Poli\u021bia local\u0103, Serviciile Dispecerat \u0219i Control Urban vor fi comasate \u00eentr-o structur\u0103 unic\u0103 \u2013 Serviciul Control Urban \u0219i Dispecerat, care va avea o palet\u0103 larg\u0103 de atribu\u021bii, de la disciplin\u0103 \u00een construc\u021bii p\u00e2n\u0103 la protec\u021bia mediului sau control comercial.<\/p>\n<p>Prim\u0103ria Tulcea \u00ee\u0219i dore\u0219te cu toate aceste m\u0103suri s\u0103 respecte Ordonan\u021ba de Urgen\u0163\u0103 a Guvernului nr. 7\/2026, s\u0103 fac\u0103 economie \u0219i s\u0103 ridice calitativ nivelul serviciilor oferite c\u0103tre popula\u021bie.<\/p>\n<div class=\"monsterinsights-inline-popular-posts monsterinsights-inline-popular-posts-charlie monsterinsights-popular-posts-styled\">\n<div class=\"monsterinsights-inline-popular-posts-text\"><span class=\"monsterinsights-inline-popular-posts-label\">Vezi \u0219i:<\/span><\/p>\n<div class=\"monsterinsights-inline-popular-posts-post\"><a class=\"monsterinsights-inline-popular-posts-title\" href=\"https:\/\/www.dobrogeanews.ro\/la-babadag-eleviii-continua-sa-primeasca-pachetele-alimentare-prin-programul-national-masa-sanatoasa\/\">La Babadag, elevii continu\u0103 s\u0103 primeasc\u0103 pachetele alimentare prin Programul Na\u021bional \u201eMas\u0103 s\u0103n\u0103toas\u0103\u201d<\/a><\/div>\n<div class=\"monsterinsights-inline-popular-posts-post\"><a class=\"monsterinsights-inline-popular-posts-title\" href=\"https:\/\/www.dobrogeanews.ro\/municipiul-tulcea-a-adoptat-o-crestere-minima-a-taxelor-locale-taxa-de-habitat-creste-cu-3-lei-iar-pentru-impozitul-auto-trebuie-sa-depuneti-declaratie\/\">Municipiul Tulcea a adoptat o cre\u0219tere minim\u0103 a taxelor locale. Taxa de habitat cre\u0219te cu 3 lei iar pentru impozitul auto trebuie s\u0103 depune\u021bi declara\u021bie<\/a><\/div>\n<div class=\"monsterinsights-inline-popular-posts-post\"><a class=\"monsterinsights-inline-popular-posts-title\" href=\"https:\/\/www.dobrogeanews.ro\/video-primarul-stefan-ilie-raspunde-intrebarilor-privind-reabilitarea-strazilor-din-municipiul-tulcea\/\">(Video) Primarul \u0218tefan Ilie, r\u0103spunde \u00eentreb\u0103rilor privind reabilitarea Str\u0103zilor din Municipiul Tulcea<\/a><\/div>\n<\/div>\n<\/div>\n<p class=\"has-text-align-center has-white-color has-text-color has-background\"><span><a href=\"https:\/\/news.google.com\/publications\/CAAqBwgKMIu5pgsw88O-Aw?ceid=RO:ro&amp;oc=3\">Urm\u0103ri\u0163i \u015etirile Dobrogeanews \u015fi pe Google News<\/a><\/span><\/p>\n<\/div>\n<div id=\"post-70021\" class=\"entry single-default post-70021 post type-post status-publish format-standard has-post-thumbnail hentry category-info\">\n<div>\n<div class=\"ss-follow-wrapper ss-clearfix ss-regular-buttons ss-columns-1 ss-default-style\">\n<div class=\"ss-follow-column\" data-ss-sf-network-id='\"facebook\"'><a href=\"https:\/\/www.facebook.com\/dobrogeanews\" class=\"ss-follow-network ss-facebook-color\" rel=\"nofollow noopener\" aria-label=\"facebook\" target=\"_blank\"><span class=\"ss-follow-network-label\">Urm\u0103re\u015fte-ne \u015fi pe Facebook!<\/span><span class=\"ss-follow-network-count\"><span class=\"ss-follow-network-count-number\">57K<\/span><span class=\"ss-follow-network-count-label\">Followers<\/span><\/span><\/a><\/div>\n<\/div>\n<\/div>\n<p>Pentru sc\u0103derea \u0219i eficientizarea cheltuielilor cu personalul, Prim\u0103ria Municipiului Tulcea propune Consiliului local o nou\u0103 organigram\u0103 a Administra\u021biei publice locale, astfel \u00eenc\u00e2t, \u00eentreg aparatul prim\u0103riei c\u00e2t \u0219i direc\u021biile \u0219i serviciile publice s\u0103 lucreze cel pu\u021bin la fel dac\u0103 nu mai bine cu mai pu\u021bini oameni.<\/p>\n<figure class=\"wp-block-image size-full is-resized\">\n<source type=\"image\/webp\" data-lazy-srcset=\"https:\/\/dobrogeanews.b-cdn.net\/wp-content\/uploads\/2026\/01\/Primaria-Municipiului-Tulcea.jpg.webp 2560w, https:\/\/dobrogeanews.b-cdn.net\/wp-content\/uploads\/2026\/01\/Primaria-Municipiului-Tulcea-300x207.jpg.webp 300w, https:\/\/dobrogeanews.b-cdn.net\/wp-content\/uploads\/2026\/01\/Primaria-Municipiului-Tulcea-1024x708.jpg.webp 1024w, https:\/\/dobrogeanews.b-cdn.net\/wp-content\/uploads\/2026\/01\/Primaria-Municipiului-Tulcea-768x531.jpg.webp 768w, https:\/\/dobrogeanews.b-cdn.net\/wp-content\/uploads\/2026\/01\/Primaria-Municipiului-Tulcea-1536x1062.jpg.webp 1536w, https:\/\/dobrogeanews.b-cdn.net\/wp-content\/uploads\/2026\/01\/Primaria-Municipiului-Tulcea-2048x1416.jpg.webp 2048w\" sizes=\"(max-width: 640px) 100vw, 640px\" \/><br \/>\n<img loading=\"lazy\" decoding=\"async\" src=\"https:\/\/dobrogeanews.b-cdn.net\/wp-content\/uploads\/2026\/01\/Primaria-Municipiului-Tulcea.jpg\" alt=\"Prim\u0103ria Municipiului Tulcea\" width=\"640\" height=\"443\"><\/figure>\n<p>\u201e\u00cen prezent, num\u0103rul de posturi aprobate \u00een organigram\u0103 este de 317 posturi (217 posturi aparatul de specialitate al U.A.T. Municipiul Tulcea, 82 posturi Poli\u0163ia Local\u0103 \u015fi 18 posturi Serviciul Public Comunitar de Eviden\u0163\u0103 a Persoanelor). <\/p>\n<p>Ca urmare a aplic\u0103rii Ordonan\u021bei de Urgen\u0163\u0103 a Guvernului nr. 7\/2026, num\u0103rul de posturi va fi de 301. Pentru diferen\u021ba de 16 de posturi (15 posturi la Direc\u021bia Poli\u0163ie Local\u0103 \u015fi 1 post consilier), impactul financiar asupra bugetului local al Municipiului Tulcea ar fi de 134.729 lei\/lun\u0103, respectiv 1.616.748 lei\/12 luni\u201d, <\/p>\n<p>se arat\u0103 \u00een proiectul de hot\u0103r\u00e2re.<\/p>\n<p>Direc\u021bia de Intre\u021binere \u0219i Administrare Patrimoniu Tulcea se reorganizeaz\u0103 Dintr-un total de 156 de postur vor fi desfiin\u021bate 20.<\/p>\n<p>\u201eDesfiin\u0163area celor 20 de posturi nu este determinat\u0103 de lipsa necesit\u0103\u0163ii acestora \u00een structura organizatoric\u0103 a institu\u0163iei. Dimpotriv\u0103, ocuparea acestor posturi ar fi putut contribui la \u00eembun\u0103t\u0103\u021birea capacit\u0103\u021bii administrative \u0219i la o mai bun\u0103 desf\u0103\u0219urare a activit\u0103\u021bilor specifice. Cu toate acestea, m\u0103sura este impus\u0103 de constr\u00e2ngerile bugetare anuale, precum \u015fi de cadrul normativ \u00een vigoare care a limitat sau suspendat organizarea concursurilor de ocupare a posturilor vacante \u00een sectorul public. <\/p>\n<p>\u00cen acest context, men\u0163inerea \u00een statul de func\u0163ii \u015fi \u00een organigram\u0103 unor posturi vacante, a c\u0103ror ocupare nu este posibil\u0103 \u00eentr-un orizont rezonabil de timp, nu se mai justific\u0103 din perspectiva eficien\u0163ei utiliz\u0103rii resurselor publice\u201d <\/p>\n<p>conform proiectului de hot\u0103r\u00e2re supus dezbaterii Consiliului local Tulcea.<\/p>\n<p>Astfel, \u00een aparatul de specialitate al primarului vor exista 217 posturi. La eviden\u0163a persoanelor, 18 posturi, la Poli\u0163ia Local\u0103, 67 de posturi, iar la Direc\u0163ia \u00centre\u0163inere \u015fi Administrare Patrimoniu (DIAP) sunt 136 de posturi. \u00cen ceea ce prive\u015fte num\u0103rul de posturi ad\u0103ugate pentru proiectele finan\u0163ate din fonduri externe nerambursabile care urmeaz\u0103 s\u0103 fie implementate sau sunt \u00een curs de implementare, acesta este 13. <\/p>\n<p>A\u0219adar vor fi reduse posturi de la Poli\u021bia local\u0103, Serviciile Dispecerat \u0219i Control Urban vor fi comasate \u00eentr-o structur\u0103 unic\u0103 \u2013 Serviciul Control Urban \u0219i Dispecerat, care va avea o palet\u0103 larg\u0103 de atribu\u021bii, de la disciplin\u0103 \u00een construc\u021bii p\u00e2n\u0103 la protec\u021bia mediului sau control comercial.<\/p>\n<p>Prim\u0103ria Tulcea \u00ee\u0219i dore\u0219te cu toate aceste m\u0103suri s\u0103 respecte Ordonan\u021ba de Urgen\u0163\u0103 a Guvernului nr. 7\/2026, s\u0103 fac\u0103 economie \u0219i s\u0103 ridice calitativ nivelul serviciilor oferite c\u0103tre popula\u021bie.<\/p>\n<div class=\"monsterinsights-inline-popular-posts monsterinsights-inline-popular-posts-charlie monsterinsights-popular-posts-styled\">\n<div class=\"monsterinsights-inline-popular-posts-text\"><span class=\"monsterinsights-inline-popular-posts-label\">Vezi \u0219i:<\/span><\/p>\n<div class=\"monsterinsights-inline-popular-posts-post\"><a class=\"monsterinsights-inline-popular-posts-title\" href=\"https:\/\/www.dobrogeanews.ro\/la-babadag-eleviii-continua-sa-primeasca-pachetele-alimentare-prin-programul-national-masa-sanatoasa\/\">La Babadag, elevii continu\u0103 s\u0103 primeasc\u0103 pachetele alimentare prin Programul Na\u021bional \u201eMas\u0103 s\u0103n\u0103toas\u0103\u201d<\/a><\/div>\n<div class=\"monsterinsights-inline-popular-posts-post\"><a class=\"monsterinsights-inline-popular-posts-title\" href=\"https:\/\/www.dobrogeanews.ro\/municipiul-tulcea-a-adoptat-o-crestere-minima-a-taxelor-locale-taxa-de-habitat-creste-cu-3-lei-iar-pentru-impozitul-auto-trebuie-sa-depuneti-declaratie\/\">Municipiul Tulcea a adoptat o cre\u0219tere minim\u0103 a taxelor locale. Taxa de habitat cre\u0219te cu 3 lei iar pentru impozitul auto trebuie s\u0103 depune\u021bi declara\u021bie<\/a><\/div>\n<div class=\"monsterinsights-inline-popular-posts-post\"><a class=\"monsterinsights-inline-popular-posts-title\" href=\"https:\/\/www.dobrogeanews.ro\/video-primarul-stefan-ilie-raspunde-intrebarilor-privind-reabilitarea-strazilor-din-municipiul-tulcea\/\">(Video) Primarul \u0218tefan Ilie, r\u0103spunde \u00eentreb\u0103rilor privind reabilitarea Str\u0103zilor din Municipiul Tulcea<\/a><\/div>\n<\/div>\n<\/div>\n<p class=\"has-text-align-center has-white-color has-text-color has-background\"><span><a href=\"https:\/\/news.google.com\/publications\/CAAqBwgKMIu5pgsw88O-Aw?ceid=RO:ro&amp;oc=3\">Urm\u0103ri\u0163i \u015etirile Dobrogeanews \u015fi pe Google News<\/a><\/span><\/p>\n<\/div>\n<p>[analyse_source url=&#8221;https:\/\/www.dobrogeanews.ro\/reorganizare-cu-reducere-de-personal-si-de-cheltuieli-la-primaria-tulcea\/&#8221;]<\/p>\n","protected":false},"excerpt":{"rendered":"<p>[analyse_image type=&#8221;featured&#8221; src=&#8221;https:\/\/dobrogeanews.b-cdn.net\/wp-content\/uploads\/2026\/01\/Primaria-Municipiului-Tulcea.jpg&#8221;] Urm\u0103re\u015fte-ne \u015fi pe Facebook!57KFollowers Pentru sc\u0103derea \u0219i eficientizarea cheltuielilor cu personalul, Prim\u0103ria Municipiului Tulcea propune Consiliului local o nou\u0103 organigram\u0103 a Administra\u021biei publice locale, astfel \u00eenc\u00e2t, \u00eentreg aparatul prim\u0103riei c\u00e2t \u0219i direc\u021biile \u0219i serviciile publice s\u0103 lucreze cel pu\u021bin la fel dac\u0103 nu mai bine cu mai pu\u021bini oameni. \u201e\u00cen prezent, num\u0103rul [&hellip;]<\/p>\n","protected":false},"author":1,"featured_media":0,"comment_status":"open","ping_status":"","sticky":false,"template":"","format":"standard","meta":{"footnotes":""},"categories":[89],"tags":[226,223],"class_list":["post-1887467","post","type-post","status-publish","format-standard","hentry","category-romania","tag-crawlmanager","tag-dobrogeanews-ro"],"_links":{"self":[{"href":"https:\/\/analyse.optim.biz\/index.php?rest_route=\/wp\/v2\/posts\/1887467","targetHints":{"allow":["GET"]}}],"collection":[{"href":"https:\/\/analyse.optim.biz\/index.php?rest_route=\/wp\/v2\/posts"}],"about":[{"href":"https:\/\/analyse.optim.biz\/index.php?rest_route=\/wp\/v2\/types\/post"}],"author":[{"embeddable":true,"href":"https:\/\/analyse.optim.biz\/index.php?rest_route=\/wp\/v2\/users\/1"}],"replies":[{"embeddable":true,"href":"https:\/\/analyse.optim.biz\/index.php?rest_route=%2Fwp%2Fv2%2Fcomments&post=1887467"}],"version-history":[{"count":0,"href":"https:\/\/analyse.optim.biz\/index.php?rest_route=\/wp\/v2\/posts\/1887467\/revisions"}],"wp:attachment":[{"href":"https:\/\/analyse.optim.biz\/index.php?rest_route=%2Fwp%2Fv2%2Fmedia&parent=1887467"}],"wp:term":[{"taxonomy":"category","embeddable":true,"href":"https:\/\/analyse.optim.biz\/index.php?rest_route=%2Fwp%2Fv2%2Fcategories&post=1887467"},{"taxonomy":"post_tag","embeddable":true,"href":"https:\/\/analyse.optim.biz\/index.php?rest_route=%2Fwp%2Fv2%2Ftags&post=1887467"}],"curies":[{"name":"wp","href":"https:\/\/api.w.org\/{rel}","templated":true}]}}