{"id":1887465,"date":"2026-04-17T07:42:04","date_gmt":"2026-04-17T04:42:04","guid":{"rendered":"https:\/\/analyse.optim.biz\/?p=1887465"},"modified":"2026-04-17T07:42:04","modified_gmt":"2026-04-17T04:42:04","slug":"cimitirele-sunt-pregatite-la-baia-pentru-pastele-blajinilor","status":"publish","type":"post","link":"https:\/\/analyse.optim.biz\/?p=1887465","title":{"rendered":"Cimitirele sunt preg\u0103tite la Baia pentru Pa\u0219tele Blajinilor"},"content":{"rendered":"<p>[analyse_image type=&#8221;featured&#8221; src=&#8221;https:\/\/dobrogeanews.b-cdn.net\/wp-content\/uploads\/2026\/04\/cimitir-baia.jpg&#8221;]<\/p>\n<div id=\"post-70018\" class=\"entry single-default post-70018 post type-post status-publish format-standard has-post-thumbnail hentry category-info\">\n<div>\n<div class=\"ss-follow-wrapper ss-clearfix ss-regular-buttons ss-columns-1 ss-default-style\">\n<div class=\"ss-follow-column\" data-ss-sf-network-id='\"facebook\"'><a href=\"https:\/\/www.facebook.com\/dobrogeanews\" class=\"ss-follow-network ss-facebook-color\" rel=\"nofollow noopener\" aria-label=\"facebook\" target=\"_blank\"><span class=\"ss-follow-network-label\">Urm\u0103re\u015fte-ne \u015fi pe Facebook!<\/span><span class=\"ss-follow-network-count\"><span class=\"ss-follow-network-count-number\">57K<\/span><span class=\"ss-follow-network-count-label\">Followers<\/span><\/span><\/a><\/div>\n<\/div>\n<\/div>\n<p>Pa\u0219tele Blajinilor are o semnifica\u021bie deosebit\u0103 pentru rom\u00e2ni pentru c\u0103 se refer\u0103 at\u00e2t la amintirea celor pleca\u021bi c\u00e2t \u0219i la grija celor r\u0103ma\u0219i. Luni, 20 Aprilie dup\u0103 Duminica Tomii, oamenii merg la cimitir cu flori, lum\u00e2n\u0103ri, t\u0103m\u00e2ie, platouri cu m\u00e2ncare \u0219i pachete care vor fi oferite \u00een memoria celor pleca\u021bi \u00een nefiin\u021b\u0103. <\/p>\n<figure class=\"wp-block-image size-full is-resized\"><img loading=\"lazy\" decoding=\"async\" title=\"Cimitir Baia | DobrogeaNews\" src=\"https:\/\/dobrogeanews.b-cdn.net\/wp-content\/uploads\/2026\/04\/cimitir-baia.jpg\" alt=\"Cimitir Baia\" class=\"wp-image-70019\" width=\"640\" height=\"468\"><\/figure>\n<p>La Baia s-a lucrat din timp pentru cur\u0103\u021birea cimitirelor din toate localit\u0103\u021bile comunei, s-au aranjat aleile, s-au toaletat arborii \u0219i arbu\u0219tii din zon\u0103.<\/p>\n<p>\u201eCur\u0103\u021benia Cimitirului este un act de respect fa\u021b\u0103 de cei care au trecut \u00een nefiin\u021b\u0103 drept pentru care consider\u0103m c\u0103 preg\u0103tirea cimitirelor pentru Pa\u0219tele Blajinilor este un act de normalitate, de respect \u0219i pomenire pentru cei adormi\u021bi. <\/p>\n<p>Oamenii vor veni \u00een num\u0103r mare pentru a fi oficiate slujbe \u0219i pomenire pentru cei adormi\u021bi. Este un fel de a petrece \u00een fiecare an s\u0103rb\u0103toarea \u00eempreun\u0103 cu cei care nu mai sunt iar noi vom avea grij\u0103 ca totul s\u0103 se desf\u0103\u0219oare cum se cuvine. Am convingerea c\u0103 oamenii vor avea grij\u0103 s\u0103 str\u00e2ng\u0103 ambalajele \u0219i s\u0103 lase cimitirul la fel de curat cum l-au g\u0103sit. Cu mai multe flori \u0219i mai mult\u0103 lumin\u0103\u201d <\/p>\n<p>ne-a spus Liliana Marinescu, primarul comunei Baia.<\/p>\n<p>Spre deosebire de Pa\u0219te, care celebreaz\u0103 \u00cenvierea \u0219i bucuria vie\u021bii, Pa\u0219tele Blajinilor este o zi a reculegerii \u0219i a pomenirii, \u00een care tradi\u021bia \u0219i credin\u021ba se \u00eempletesc pentru a p\u0103stra vie memoria celor pleca\u021bi. Se spune c\u0103 \u201eblajinii\u201d sunt sufletele celor mor\u021bi sau fiin\u021be bl\u00e2nde care nu cunosc data Pa\u0219telui, motiv pentru care oamenii vestesc simbolic s\u0103rb\u0103toarea, de exemplu prin aruncarea cojilor de ou\u0103 ro\u0219ii pe ap\u0103.<\/p>\n<p>De asemenea, exist\u0103 credin\u021ba c\u0103 \u00een aceast\u0103 zi sufletele celor mor\u021bi revin printre cei vii, iar oamenii las\u0103 m\u00e2ncare sau b\u0103utur\u0103 pe p\u0103m\u00e2nt, \u00een semn de respect.<\/p>\n<div class=\"monsterinsights-inline-popular-posts monsterinsights-inline-popular-posts-charlie monsterinsights-popular-posts-styled\">\n<div class=\"monsterinsights-inline-popular-posts-text\"><span class=\"monsterinsights-inline-popular-posts-label\">Vezi \u0219i:<\/span><\/p>\n<div class=\"monsterinsights-inline-popular-posts-post\"><a class=\"monsterinsights-inline-popular-posts-title\" href=\"https:\/\/www.dobrogeanews.ro\/dr-laurentiu-ivanof-fiti-atenti-la-taceri-la-retrageri-la-schimbari-subtile-uneori-cei-care-au-cea-mai-mare-nevoie-de-ajutor-sunt-cei-care-cer-cel-mai-putin\/\">Dr. Lauren\u021biu Ivanof: Fi\u021bi aten\u021bi la t\u0103ceri. La retrageri. La schimb\u0103ri subtile. Uneori, cei care au cea mai mare nevoie de ajutor sunt cei care cer cel mai pu\u021bin.<\/a><\/div>\n<div class=\"monsterinsights-inline-popular-posts-post\"><a class=\"monsterinsights-inline-popular-posts-title\" href=\"https:\/\/www.dobrogeanews.ro\/cine-este-fata-de-18-ani-care-s-a-sinucis-la-tulcea-soapte-intre-lumi\/\">Cine este fata de 18 ani care s-a sinucis la Tulcea. \u0218oapte \u00eentre lumi \u2026<\/a><\/div>\n<div class=\"monsterinsights-inline-popular-posts-post\"><a class=\"monsterinsights-inline-popular-posts-title\" href=\"https:\/\/www.dobrogeanews.ro\/impozitul-pe-imobile-2026-in-municipiul-tulcea-pe-intelesul-tuturor-cine-benefiaza-de-reduceri-informatii-detaliate\/\">Impozitul pe imobile\/2026 \u00een Municipiul Tulcea, pe \u00een\u021belesul tuturor. Cine benefiaz\u0103 de reduceri. Informa\u021bii detaliate<\/a><\/div>\n<\/div>\n<\/div>\n<p class=\"has-text-align-center has-white-color has-text-color has-background\"><span><a href=\"https:\/\/news.google.com\/publications\/CAAqBwgKMIu5pgsw88O-Aw?ceid=RO:ro&amp;oc=3\">Urm\u0103ri\u0163i \u015etirile Dobrogeanews \u015fi pe Google News<\/a><\/span><\/p>\n<\/div>\n<div id=\"post-70018\" class=\"entry single-default post-70018 post type-post status-publish format-standard has-post-thumbnail hentry category-info\">\n<div>\n<div class=\"ss-follow-wrapper ss-clearfix ss-regular-buttons ss-columns-1 ss-default-style\">\n<div class=\"ss-follow-column\" data-ss-sf-network-id='\"facebook\"'><a href=\"https:\/\/www.facebook.com\/dobrogeanews\" class=\"ss-follow-network ss-facebook-color\" rel=\"nofollow noopener\" aria-label=\"facebook\" target=\"_blank\"><span class=\"ss-follow-network-label\">Urm\u0103re\u015fte-ne \u015fi pe Facebook!<\/span><span class=\"ss-follow-network-count\"><span class=\"ss-follow-network-count-number\">57K<\/span><span class=\"ss-follow-network-count-label\">Followers<\/span><\/span><\/a><\/div>\n<\/div>\n<\/div>\n<p>Pa\u0219tele Blajinilor are o semnifica\u021bie deosebit\u0103 pentru rom\u00e2ni pentru c\u0103 se refer\u0103 at\u00e2t la amintirea celor pleca\u021bi c\u00e2t \u0219i la grija celor r\u0103ma\u0219i. Luni, 20 Aprilie dup\u0103 Duminica Tomii, oamenii merg la cimitir cu flori, lum\u00e2n\u0103ri, t\u0103m\u00e2ie, platouri cu m\u00e2ncare \u0219i pachete care vor fi oferite \u00een memoria celor pleca\u021bi \u00een nefiin\u021b\u0103. <\/p>\n<figure class=\"wp-block-image size-full is-resized\"><img loading=\"lazy\" decoding=\"async\" title=\"Cimitir Baia | DobrogeaNews\" src=\"https:\/\/dobrogeanews.b-cdn.net\/wp-content\/uploads\/2026\/04\/cimitir-baia.jpg\" alt=\"Cimitir Baia\" class=\"wp-image-70019\" width=\"640\" height=\"468\"><\/figure>\n<p>La Baia s-a lucrat din timp pentru cur\u0103\u021birea cimitirelor din toate localit\u0103\u021bile comunei, s-au aranjat aleile, s-au toaletat arborii \u0219i arbu\u0219tii din zon\u0103.<\/p>\n<p>\u201eCur\u0103\u021benia Cimitirului este un act de respect fa\u021b\u0103 de cei care au trecut \u00een nefiin\u021b\u0103 drept pentru care consider\u0103m c\u0103 preg\u0103tirea cimitirelor pentru Pa\u0219tele Blajinilor este un act de normalitate, de respect \u0219i pomenire pentru cei adormi\u021bi. <\/p>\n<p>Oamenii vor veni \u00een num\u0103r mare pentru a fi oficiate slujbe \u0219i pomenire pentru cei adormi\u021bi. Este un fel de a petrece \u00een fiecare an s\u0103rb\u0103toarea \u00eempreun\u0103 cu cei care nu mai sunt iar noi vom avea grij\u0103 ca totul s\u0103 se desf\u0103\u0219oare cum se cuvine. Am convingerea c\u0103 oamenii vor avea grij\u0103 s\u0103 str\u00e2ng\u0103 ambalajele \u0219i s\u0103 lase cimitirul la fel de curat cum l-au g\u0103sit. Cu mai multe flori \u0219i mai mult\u0103 lumin\u0103\u201d <\/p>\n<p>ne-a spus Liliana Marinescu, primarul comunei Baia.<\/p>\n<p>Spre deosebire de Pa\u0219te, care celebreaz\u0103 \u00cenvierea \u0219i bucuria vie\u021bii, Pa\u0219tele Blajinilor este o zi a reculegerii \u0219i a pomenirii, \u00een care tradi\u021bia \u0219i credin\u021ba se \u00eempletesc pentru a p\u0103stra vie memoria celor pleca\u021bi. Se spune c\u0103 \u201eblajinii\u201d sunt sufletele celor mor\u021bi sau fiin\u021be bl\u00e2nde care nu cunosc data Pa\u0219telui, motiv pentru care oamenii vestesc simbolic s\u0103rb\u0103toarea, de exemplu prin aruncarea cojilor de ou\u0103 ro\u0219ii pe ap\u0103.<\/p>\n<p>De asemenea, exist\u0103 credin\u021ba c\u0103 \u00een aceast\u0103 zi sufletele celor mor\u021bi revin printre cei vii, iar oamenii las\u0103 m\u00e2ncare sau b\u0103utur\u0103 pe p\u0103m\u00e2nt, \u00een semn de respect.<\/p>\n<div class=\"monsterinsights-inline-popular-posts monsterinsights-inline-popular-posts-charlie monsterinsights-popular-posts-styled\">\n<div class=\"monsterinsights-inline-popular-posts-text\"><span class=\"monsterinsights-inline-popular-posts-label\">Vezi \u0219i:<\/span><\/p>\n<div class=\"monsterinsights-inline-popular-posts-post\"><a class=\"monsterinsights-inline-popular-posts-title\" href=\"https:\/\/www.dobrogeanews.ro\/dr-laurentiu-ivanof-fiti-atenti-la-taceri-la-retrageri-la-schimbari-subtile-uneori-cei-care-au-cea-mai-mare-nevoie-de-ajutor-sunt-cei-care-cer-cel-mai-putin\/\">Dr. Lauren\u021biu Ivanof: Fi\u021bi aten\u021bi la t\u0103ceri. La retrageri. La schimb\u0103ri subtile. Uneori, cei care au cea mai mare nevoie de ajutor sunt cei care cer cel mai pu\u021bin.<\/a><\/div>\n<div class=\"monsterinsights-inline-popular-posts-post\"><a class=\"monsterinsights-inline-popular-posts-title\" href=\"https:\/\/www.dobrogeanews.ro\/cine-este-fata-de-18-ani-care-s-a-sinucis-la-tulcea-soapte-intre-lumi\/\">Cine este fata de 18 ani care s-a sinucis la Tulcea. \u0218oapte \u00eentre lumi \u2026<\/a><\/div>\n<div class=\"monsterinsights-inline-popular-posts-post\"><a class=\"monsterinsights-inline-popular-posts-title\" href=\"https:\/\/www.dobrogeanews.ro\/impozitul-pe-imobile-2026-in-municipiul-tulcea-pe-intelesul-tuturor-cine-benefiaza-de-reduceri-informatii-detaliate\/\">Impozitul pe imobile\/2026 \u00een Municipiul Tulcea, pe \u00een\u021belesul tuturor. Cine benefiaz\u0103 de reduceri. Informa\u021bii detaliate<\/a><\/div>\n<\/div>\n<\/div>\n<p class=\"has-text-align-center has-white-color has-text-color has-background\"><span><a href=\"https:\/\/news.google.com\/publications\/CAAqBwgKMIu5pgsw88O-Aw?ceid=RO:ro&amp;oc=3\">Urm\u0103ri\u0163i \u015etirile Dobrogeanews \u015fi pe Google News<\/a><\/span><\/p>\n<\/div>\n<p>[analyse_source url=&#8221;https:\/\/www.dobrogeanews.ro\/cimitirele-sunt-pregatite-la-baia-pentru-pastele-blajinilor\/&#8221;]<\/p>\n","protected":false},"excerpt":{"rendered":"<p>[analyse_image type=&#8221;featured&#8221; src=&#8221;https:\/\/dobrogeanews.b-cdn.net\/wp-content\/uploads\/2026\/04\/cimitir-baia.jpg&#8221;] Urm\u0103re\u015fte-ne \u015fi pe Facebook!57KFollowers Pa\u0219tele Blajinilor are o semnifica\u021bie deosebit\u0103 pentru rom\u00e2ni pentru c\u0103 se refer\u0103 at\u00e2t la amintirea celor pleca\u021bi c\u00e2t \u0219i la grija celor r\u0103ma\u0219i. Luni, 20 Aprilie dup\u0103 Duminica Tomii, oamenii merg la cimitir cu flori, lum\u00e2n\u0103ri, t\u0103m\u00e2ie, platouri cu m\u00e2ncare \u0219i pachete care vor fi oferite \u00een memoria [&hellip;]<\/p>\n","protected":false},"author":1,"featured_media":0,"comment_status":"open","ping_status":"","sticky":false,"template":"","format":"standard","meta":{"footnotes":""},"categories":[89],"tags":[226,223],"class_list":["post-1887465","post","type-post","status-publish","format-standard","hentry","category-romania","tag-crawlmanager","tag-dobrogeanews-ro"],"_links":{"self":[{"href":"https:\/\/analyse.optim.biz\/index.php?rest_route=\/wp\/v2\/posts\/1887465","targetHints":{"allow":["GET"]}}],"collection":[{"href":"https:\/\/analyse.optim.biz\/index.php?rest_route=\/wp\/v2\/posts"}],"about":[{"href":"https:\/\/analyse.optim.biz\/index.php?rest_route=\/wp\/v2\/types\/post"}],"author":[{"embeddable":true,"href":"https:\/\/analyse.optim.biz\/index.php?rest_route=\/wp\/v2\/users\/1"}],"replies":[{"embeddable":true,"href":"https:\/\/analyse.optim.biz\/index.php?rest_route=%2Fwp%2Fv2%2Fcomments&post=1887465"}],"version-history":[{"count":0,"href":"https:\/\/analyse.optim.biz\/index.php?rest_route=\/wp\/v2\/posts\/1887465\/revisions"}],"wp:attachment":[{"href":"https:\/\/analyse.optim.biz\/index.php?rest_route=%2Fwp%2Fv2%2Fmedia&parent=1887465"}],"wp:term":[{"taxonomy":"category","embeddable":true,"href":"https:\/\/analyse.optim.biz\/index.php?rest_route=%2Fwp%2Fv2%2Fcategories&post=1887465"},{"taxonomy":"post_tag","embeddable":true,"href":"https:\/\/analyse.optim.biz\/index.php?rest_route=%2Fwp%2Fv2%2Ftags&post=1887465"}],"curies":[{"name":"wp","href":"https:\/\/api.w.org\/{rel}","templated":true}]}}