{"id":1887463,"date":"2026-04-17T11:24:57","date_gmt":"2026-04-17T08:24:57","guid":{"rendered":"https:\/\/analyse.optim.biz\/?p=1887463"},"modified":"2026-04-17T11:24:57","modified_gmt":"2026-04-17T08:24:57","slug":"au-reinceput-lucrarile-pe-santierele-din-babadag-la-scoli-gradinita-cresa-blocuri-de-locuinte-nu-trebuie-decat-sa-ne-facem-datoria-si-sa-mergem-mai-departe","status":"publish","type":"post","link":"https:\/\/analyse.optim.biz\/?p=1887463","title":{"rendered":"Au re\u00eenceput lucr\u0103rile pe \u0219antierele din Babadag la \u0219coli, gr\u0103dini\u021b\u0103, cre\u0219\u0103, blocuri de locuin\u021be. \u201cNu trebuie dec\u00e2t s\u0103 ne facem datoria \u0219i s\u0103 mergem mai departe\u201d"},"content":{"rendered":"<p>[analyse_image type=&#8221;featured&#8221; src=&#8221;https:\/\/dobrogeanews.b-cdn.net\/wp-content\/uploads\/2026\/04\/babadag1.jpg&#8221;]<\/p>\n<div id=\"post-70029\" class=\"entry single-default post-70029 post type-post status-publish format-standard has-post-thumbnail hentry category-babadag category-info tag-babadag tag-blocuri-de-locuinte tag-cresa tag-gradinita-3 tag-lucrari-2 tag-santiere-2 tag-scoli-2\">\n<div>\n<div class=\"ss-follow-wrapper ss-clearfix ss-regular-buttons ss-columns-1 ss-default-style\">\n<div class=\"ss-follow-column\" data-ss-sf-network-id='\"facebook\"'><a href=\"https:\/\/www.facebook.com\/dobrogeanews\" class=\"ss-follow-network ss-facebook-color\" rel=\"nofollow noopener\" aria-label=\"facebook\" target=\"_blank\"><span class=\"ss-follow-network-label\">Urm\u0103re\u015fte-ne \u015fi pe Facebook!<\/span><span class=\"ss-follow-network-count\"><span class=\"ss-follow-network-count-number\">57K<\/span><span class=\"ss-follow-network-count-label\">Followers<\/span><\/span><\/a><\/div>\n<\/div>\n<\/div>\n<p>La Babadag, lucr\u0103rile pe \u0219antierele deschise \u0219i-au reluat activitatea at\u00e2t la reabilitarea \u0219colilor, a gr\u0103dini\u021bei \u0219i a cre\u0219ei, a blocurilor sociale c\u00e2t \u0219i la montarea panourilor solare pe cele 58 de locuin\u021be beneficiare ale Proiectului de Energie verde pentru comunitate finan\u021bat din fonduri europene. <\/p>\n<p>Primarul ora\u0219ului Babadag, Georgian Caraman, ne-a prezentat stadiul lucr\u0103rilor pe \u0219antierele deschise men\u021bion\u00e2nd faptul c\u0103 \u00eenc\u0103 se merge pe bugetul de anul trecut p\u00e2n\u0103 la adoptarea bugetului pentru 2026, c\u00e2nd, vor fi deschise \u0219i alte \u0219antiere de investi\u021bii.<\/p>\n<figure class=\"wp-block-image size-full is-resized\">\n<source type=\"image\/webp\" data-lazy-srcset=\"https:\/\/dobrogeanews.b-cdn.net\/wp-content\/uploads\/2026\/04\/babadag1.jpg.webp 2560w, https:\/\/dobrogeanews.b-cdn.net\/wp-content\/uploads\/2026\/04\/babadag1-300x246.jpg.webp 300w, https:\/\/dobrogeanews.b-cdn.net\/wp-content\/uploads\/2026\/04\/babadag1-1024x840.jpg.webp 1024w, https:\/\/dobrogeanews.b-cdn.net\/wp-content\/uploads\/2026\/04\/babadag1-768x630.jpg.webp 768w, https:\/\/dobrogeanews.b-cdn.net\/wp-content\/uploads\/2026\/04\/babadag1-1536x1260.jpg.webp 1536w, https:\/\/dobrogeanews.b-cdn.net\/wp-content\/uploads\/2026\/04\/babadag1-2048x1680.jpg.webp 2048w\" sizes=\"(max-width: 640px) 100vw, 640px\" \/><br \/>\n<img loading=\"lazy\" decoding=\"async\" src=\"https:\/\/dobrogeanews.b-cdn.net\/wp-content\/uploads\/2026\/04\/babadag1.jpg\" alt=\"\" width=\"640\" height=\"525\"><\/figure>\n<p>\u201eBugetul pentru anul acesta a \u00eent\u00e2rziat, \u0219ti\u021bi c\u0103 noi nu putem adopta bugetul dec\u00e2t dup\u0103 ce este adoptat cel na\u021bional \u0219i cel jude\u021bean, aceasta este procedura. Dar suntem pe ultima sut\u0103, astfel \u00eenc\u00e2t, \u00een cur\u00e2nd vom avea o \u0219edin\u021b\u0103 a Consiliului local \u00een cadrul c\u0103reia va fi supus analizei \u0219i votului noul buget. Sigur, atunci vom deschide noi \u0219antiere.<\/p>\n<p>La acest moment pot s\u0103 spun c\u0103 suntem \u00een grafic cu lucr\u0103rile la <strong>\u0218coala Gimnazial\u0103 Constantin Br\u00e2ncoveanu<\/strong>, unde, s-a terminat exteriorul care a presupus lucr\u0103ri ample de consolidare, trotuare, anvelopare \u00a0decorativ\u0103, acoperi\u0219 cu pluviale \u0219i lambriuri. Au fost montate panouri solare electrice, un panou solar pentru ap\u0103 cald\u0103, un bazin echipat pentru pericolul de incendii. La interior s-au schimbat instala\u021bii sanitare sanitare, cele electrice \u0219i cele termice. Tencuieli, pardoseli, t\u00e2mpl\u0103rie, totul executat cu material \u0219i echipamente modern, de bun\u0103 calitate.<\/p>\n<figure class=\"wp-block-image size-full is-resized\">\n<source type=\"image\/webp\" data-lazy-srcset=\"https:\/\/dobrogeanews.b-cdn.net\/wp-content\/uploads\/2025\/01\/caraman.jpg.webp 2560w, https:\/\/dobrogeanews.b-cdn.net\/wp-content\/uploads\/2025\/01\/caraman-300x225.jpg.webp 300w, https:\/\/dobrogeanews.b-cdn.net\/wp-content\/uploads\/2025\/01\/caraman-1024x768.jpg.webp 1024w, https:\/\/dobrogeanews.b-cdn.net\/wp-content\/uploads\/2025\/01\/caraman-768x576.jpg.webp 768w, https:\/\/dobrogeanews.b-cdn.net\/wp-content\/uploads\/2025\/01\/caraman-1536x1152.jpg.webp 1536w, https:\/\/dobrogeanews.b-cdn.net\/wp-content\/uploads\/2025\/01\/caraman-2048x1536.jpg.webp 2048w\" sizes=\"(max-width: 640px) 100vw, 640px\" \/><br \/>\n<img loading=\"lazy\" decoding=\"async\" src=\"https:\/\/dobrogeanews.b-cdn.net\/wp-content\/uploads\/2025\/01\/caraman.jpg\" alt=\"Georgian Caraman primarul Ora\u0219ului Babadag\" width=\"640\" height=\"480\"><\/figure>\n<p>La <strong>\u0218coala Gimnazial\u0103 Mircea cel B\u0103tr\u00e2n<\/strong> lucr\u0103rile s-au finalizat \u0219i suntem \u00een faza de recep\u021bie. V\u0103 aminti\u021bi c\u0103 \u0219i aici am montat panouri fotovoltaice, central\u0103, bazin incendiu, grup de pompare \u0219i aparate de aer condi\u021bionat pentru fiecare sal\u0103 de clas\u0103 \u0219i pentru spa\u021biile administrative.<\/p>\n<p>La <strong>Gr\u0103dini\u021ba cu program prelungit<\/strong>, lucr\u0103rile de structur\u0103 \u0219i arhitectur\u0103 s-au finalizat, inclusiv camera de central\u0103 modernizat\u0103 dup\u0103 ultimele standarde, s-au finalizat \u0219i lucr\u0103rile la scara metalic\u0103 exterioar\u0103 pentru situa\u021bii de urgen\u021b\u0103,  urm\u00e2nd a se finaliza \u0219i lucr\u0103rile de amenajare a cur\u021bii interioare.<\/p>\n<p>Stadiul fizic al lucr\u0103rilor la <strong>Cre\u0219a de pe strada Codrului <\/strong>sunt realizate \u00eentr-un procent de 50%, \u00een sensul c\u0103 structura de rezisten\u021b\u0103 \u0219i zid\u0103ria sunt aproape de final dar urmeaz\u0103 celelalte lucr\u0103ri aflate \u00een primele stadii de execu\u021bie. \u00a0<\/p>\n<figure class=\"wp-block-image size-full is-resized\">\n<source type=\"image\/webp\" data-lazy-srcset=\"https:\/\/dobrogeanews.b-cdn.net\/wp-content\/uploads\/2026\/04\/babadag3.jpg.webp 2560w, https:\/\/dobrogeanews.b-cdn.net\/wp-content\/uploads\/2026\/04\/babadag3-300x246.jpg.webp 300w, https:\/\/dobrogeanews.b-cdn.net\/wp-content\/uploads\/2026\/04\/babadag3-1024x840.jpg.webp 1024w, https:\/\/dobrogeanews.b-cdn.net\/wp-content\/uploads\/2026\/04\/babadag3-768x630.jpg.webp 768w, https:\/\/dobrogeanews.b-cdn.net\/wp-content\/uploads\/2026\/04\/babadag3-1536x1260.jpg.webp 1536w, https:\/\/dobrogeanews.b-cdn.net\/wp-content\/uploads\/2026\/04\/babadag3-2048x1680.jpg.webp 2048w\" sizes=\"(max-width: 640px) 100vw, 640px\" \/><br \/>\n<img loading=\"lazy\" decoding=\"async\" src=\"https:\/\/dobrogeanews.b-cdn.net\/wp-content\/uploads\/2026\/04\/babadag3.jpg\" alt=\"\" width=\"640\" height=\"525\"><\/figure>\n<p>M-a\u021bi \u00eentrebat despre blocuri \u0219i trebuie s\u0103 v\u0103 spun c\u0103 la <strong>Blocul social de pe stada Alunului<\/strong>, lucr\u0103rile sunt \u00eentr-un stadiu avansat at\u00e2t pe exterior c\u00e2t \u0219e pe interior. At\u00e2t la <strong>Blocul pentru tineri de pe strada G\u0103rii<\/strong> c\u00e2t \u0219i la <strong>Blocul pentru speciali\u0219ti (\u00eenv\u0103\u021b\u0103m\u00e2nt \u0219i s\u0103n\u0103tate) din zona ANL<\/strong>, s-au executat s\u0103p\u0103tura, s-a pus pern\u0103 de piatr\u0103, s-au turnat st\u00e2lpii \u0219i pere\u021bii din subsol, s-a turnat placa de la parter, st\u00e2lpii de la parter, placa de la etajul 2. <\/p>\n<p>Constructorii \u00ee\u0219i fac treaba, supraveghem lucr\u0103rile cu mare aten\u021bie astfel \u00eenc\u00e2t lucrurile s\u0103 mearg\u0103 \u00eentr-un ritm normal chiar dac\u0103 vremurile pe care le tr\u0103im nu sunt dintre cele mai\u2026normale. Nu trebuie dec\u00e2t s\u0103 ne facem datoria.\u201d <\/p>\n<p>ne-a spus primarul Georgian Caraman \u00eenainte de a merge \u00een alt\u0103 zon\u0103 a ora\u0219ului Babadag pentru a vizita alte \u0219antiere de investi\u021bii.<\/p>\n<figure class=\"wp-block-image size-full is-resized\"><img loading=\"lazy\" decoding=\"async\" title=\"babadag4 | DobrogeaNews\" src=\"https:\/\/dobrogeanews.b-cdn.net\/wp-content\/uploads\/2026\/04\/babadag4.jpg\" alt=\"\" class=\"wp-image-70033\" width=\"640\" height=\"525\"><\/figure>\n<p>\u201eAst\u0103zi s\u0103rb\u0103torim cu to\u021bii Izvorul T\u0103m\u0103duirii, o s\u0103rb\u0103toare \u00eenchinat\u0103 Maicii Domnului \u0219i doresc s\u0103 le urez tuturor b\u0103b\u0103ienilor s\u0103n\u0103tate \u0219i puterea de a merge mai departe. Cu speran\u021b\u0103. \u0218i \u00eencredere\u201d <\/p>\n<p>a mai spus primarul Georgian Caraman.<\/p>\n<div class=\"monsterinsights-inline-popular-posts monsterinsights-inline-popular-posts-charlie monsterinsights-popular-posts-styled\">\n<div class=\"monsterinsights-inline-popular-posts-text\"><span class=\"monsterinsights-inline-popular-posts-label\">Vezi \u0219i:<\/span><\/p>\n<div class=\"monsterinsights-inline-popular-posts-post\"><a class=\"monsterinsights-inline-popular-posts-title\" href=\"https:\/\/www.dobrogeanews.ro\/dr-laurentiu-ivanof-fiti-atenti-la-taceri-la-retrageri-la-schimbari-subtile-uneori-cei-care-au-cea-mai-mare-nevoie-de-ajutor-sunt-cei-care-cer-cel-mai-putin\/\">Dr. Lauren\u021biu Ivanof: Fi\u021bi aten\u021bi la t\u0103ceri. La retrageri. La schimb\u0103ri subtile. Uneori, cei care au cea mai mare nevoie de ajutor sunt cei care cer cel mai pu\u021bin.<\/a><\/div>\n<div class=\"monsterinsights-inline-popular-posts-post\"><a class=\"monsterinsights-inline-popular-posts-title\" href=\"https:\/\/www.dobrogeanews.ro\/cine-este-fata-de-18-ani-care-s-a-sinucis-la-tulcea-soapte-intre-lumi\/\">Cine este fata de 18 ani care s-a sinucis la Tulcea. \u0218oapte \u00eentre lumi \u2026<\/a><\/div>\n<div class=\"monsterinsights-inline-popular-posts-post\"><a class=\"monsterinsights-inline-popular-posts-title\" href=\"https:\/\/www.dobrogeanews.ro\/la-babadag-eleviii-continua-sa-primeasca-pachetele-alimentare-prin-programul-national-masa-sanatoasa\/\">La Babadag, elevii continu\u0103 s\u0103 primeasc\u0103 pachetele alimentare prin Programul Na\u021bional \u201eMas\u0103 s\u0103n\u0103toas\u0103\u201d<\/a><\/div>\n<\/div>\n<\/div>\n<p class=\"has-text-align-center has-white-color has-text-color has-background\"><span><a href=\"https:\/\/news.google.com\/publications\/CAAqBwgKMIu5pgsw88O-Aw?ceid=RO:ro&amp;oc=3\">Urm\u0103ri\u0163i \u015etirile Dobrogeanews \u015fi pe Google News<\/a><\/span><\/p>\n<\/div>\n<div id=\"post-70029\" class=\"entry single-default post-70029 post type-post status-publish format-standard has-post-thumbnail hentry category-babadag category-info tag-babadag tag-blocuri-de-locuinte tag-cresa tag-gradinita-3 tag-lucrari-2 tag-santiere-2 tag-scoli-2\">\n<div>\n<div class=\"ss-follow-wrapper ss-clearfix ss-regular-buttons ss-columns-1 ss-default-style\">\n<div class=\"ss-follow-column\" data-ss-sf-network-id='\"facebook\"'><a href=\"https:\/\/www.facebook.com\/dobrogeanews\" class=\"ss-follow-network ss-facebook-color\" rel=\"nofollow noopener\" aria-label=\"facebook\" target=\"_blank\"><span class=\"ss-follow-network-label\">Urm\u0103re\u015fte-ne \u015fi pe Facebook!<\/span><span class=\"ss-follow-network-count\"><span class=\"ss-follow-network-count-number\">57K<\/span><span class=\"ss-follow-network-count-label\">Followers<\/span><\/span><\/a><\/div>\n<\/div>\n<\/div>\n<p>La Babadag, lucr\u0103rile pe \u0219antierele deschise \u0219i-au reluat activitatea at\u00e2t la reabilitarea \u0219colilor, a gr\u0103dini\u021bei \u0219i a cre\u0219ei, a blocurilor sociale c\u00e2t \u0219i la montarea panourilor solare pe cele 58 de locuin\u021be beneficiare ale Proiectului de Energie verde pentru comunitate finan\u021bat din fonduri europene. <\/p>\n<p>Primarul ora\u0219ului Babadag, Georgian Caraman, ne-a prezentat stadiul lucr\u0103rilor pe \u0219antierele deschise men\u021bion\u00e2nd faptul c\u0103 \u00eenc\u0103 se merge pe bugetul de anul trecut p\u00e2n\u0103 la adoptarea bugetului pentru 2026, c\u00e2nd, vor fi deschise \u0219i alte \u0219antiere de investi\u021bii.<\/p>\n<figure class=\"wp-block-image size-full is-resized\">\n<source type=\"image\/webp\" data-lazy-srcset=\"https:\/\/dobrogeanews.b-cdn.net\/wp-content\/uploads\/2026\/04\/babadag1.jpg.webp 2560w, https:\/\/dobrogeanews.b-cdn.net\/wp-content\/uploads\/2026\/04\/babadag1-300x246.jpg.webp 300w, https:\/\/dobrogeanews.b-cdn.net\/wp-content\/uploads\/2026\/04\/babadag1-1024x840.jpg.webp 1024w, https:\/\/dobrogeanews.b-cdn.net\/wp-content\/uploads\/2026\/04\/babadag1-768x630.jpg.webp 768w, https:\/\/dobrogeanews.b-cdn.net\/wp-content\/uploads\/2026\/04\/babadag1-1536x1260.jpg.webp 1536w, https:\/\/dobrogeanews.b-cdn.net\/wp-content\/uploads\/2026\/04\/babadag1-2048x1680.jpg.webp 2048w\" sizes=\"(max-width: 640px) 100vw, 640px\" \/><br \/>\n<img loading=\"lazy\" decoding=\"async\" src=\"https:\/\/dobrogeanews.b-cdn.net\/wp-content\/uploads\/2026\/04\/babadag1.jpg\" alt=\"\" width=\"640\" height=\"525\"><\/figure>\n<p>\u201eBugetul pentru anul acesta a \u00eent\u00e2rziat, \u0219ti\u021bi c\u0103 noi nu putem adopta bugetul dec\u00e2t dup\u0103 ce este adoptat cel na\u021bional \u0219i cel jude\u021bean, aceasta este procedura. Dar suntem pe ultima sut\u0103, astfel \u00eenc\u00e2t, \u00een cur\u00e2nd vom avea o \u0219edin\u021b\u0103 a Consiliului local \u00een cadrul c\u0103reia va fi supus analizei \u0219i votului noul buget. Sigur, atunci vom deschide noi \u0219antiere.<\/p>\n<p>La acest moment pot s\u0103 spun c\u0103 suntem \u00een grafic cu lucr\u0103rile la <strong>\u0218coala Gimnazial\u0103 Constantin Br\u00e2ncoveanu<\/strong>, unde, s-a terminat exteriorul care a presupus lucr\u0103ri ample de consolidare, trotuare, anvelopare \u00a0decorativ\u0103, acoperi\u0219 cu pluviale \u0219i lambriuri. Au fost montate panouri solare electrice, un panou solar pentru ap\u0103 cald\u0103, un bazin echipat pentru pericolul de incendii. La interior s-au schimbat instala\u021bii sanitare sanitare, cele electrice \u0219i cele termice. Tencuieli, pardoseli, t\u00e2mpl\u0103rie, totul executat cu material \u0219i echipamente modern, de bun\u0103 calitate.<\/p>\n<figure class=\"wp-block-image size-full is-resized\">\n<source type=\"image\/webp\" data-lazy-srcset=\"https:\/\/dobrogeanews.b-cdn.net\/wp-content\/uploads\/2025\/01\/caraman.jpg.webp 2560w, https:\/\/dobrogeanews.b-cdn.net\/wp-content\/uploads\/2025\/01\/caraman-300x225.jpg.webp 300w, https:\/\/dobrogeanews.b-cdn.net\/wp-content\/uploads\/2025\/01\/caraman-1024x768.jpg.webp 1024w, https:\/\/dobrogeanews.b-cdn.net\/wp-content\/uploads\/2025\/01\/caraman-768x576.jpg.webp 768w, https:\/\/dobrogeanews.b-cdn.net\/wp-content\/uploads\/2025\/01\/caraman-1536x1152.jpg.webp 1536w, https:\/\/dobrogeanews.b-cdn.net\/wp-content\/uploads\/2025\/01\/caraman-2048x1536.jpg.webp 2048w\" sizes=\"(max-width: 640px) 100vw, 640px\" \/><br \/>\n<img loading=\"lazy\" decoding=\"async\" src=\"https:\/\/dobrogeanews.b-cdn.net\/wp-content\/uploads\/2025\/01\/caraman.jpg\" alt=\"Georgian Caraman primarul Ora\u0219ului Babadag\" width=\"640\" height=\"480\"><\/figure>\n<p>La <strong>\u0218coala Gimnazial\u0103 Mircea cel B\u0103tr\u00e2n<\/strong> lucr\u0103rile s-au finalizat \u0219i suntem \u00een faza de recep\u021bie. V\u0103 aminti\u021bi c\u0103 \u0219i aici am montat panouri fotovoltaice, central\u0103, bazin incendiu, grup de pompare \u0219i aparate de aer condi\u021bionat pentru fiecare sal\u0103 de clas\u0103 \u0219i pentru spa\u021biile administrative.<\/p>\n<p>La <strong>Gr\u0103dini\u021ba cu program prelungit<\/strong>, lucr\u0103rile de structur\u0103 \u0219i arhitectur\u0103 s-au finalizat, inclusiv camera de central\u0103 modernizat\u0103 dup\u0103 ultimele standarde, s-au finalizat \u0219i lucr\u0103rile la scara metalic\u0103 exterioar\u0103 pentru situa\u021bii de urgen\u021b\u0103,  urm\u00e2nd a se finaliza \u0219i lucr\u0103rile de amenajare a cur\u021bii interioare.<\/p>\n<p>Stadiul fizic al lucr\u0103rilor la <strong>Cre\u0219a de pe strada Codrului <\/strong>sunt realizate \u00eentr-un procent de 50%, \u00een sensul c\u0103 structura de rezisten\u021b\u0103 \u0219i zid\u0103ria sunt aproape de final dar urmeaz\u0103 celelalte lucr\u0103ri aflate \u00een primele stadii de execu\u021bie. \u00a0<\/p>\n<figure class=\"wp-block-image size-full is-resized\">\n<source type=\"image\/webp\" data-lazy-srcset=\"https:\/\/dobrogeanews.b-cdn.net\/wp-content\/uploads\/2026\/04\/babadag3.jpg.webp 2560w, https:\/\/dobrogeanews.b-cdn.net\/wp-content\/uploads\/2026\/04\/babadag3-300x246.jpg.webp 300w, https:\/\/dobrogeanews.b-cdn.net\/wp-content\/uploads\/2026\/04\/babadag3-1024x840.jpg.webp 1024w, https:\/\/dobrogeanews.b-cdn.net\/wp-content\/uploads\/2026\/04\/babadag3-768x630.jpg.webp 768w, https:\/\/dobrogeanews.b-cdn.net\/wp-content\/uploads\/2026\/04\/babadag3-1536x1260.jpg.webp 1536w, https:\/\/dobrogeanews.b-cdn.net\/wp-content\/uploads\/2026\/04\/babadag3-2048x1680.jpg.webp 2048w\" sizes=\"(max-width: 640px) 100vw, 640px\" \/><br \/>\n<img loading=\"lazy\" decoding=\"async\" src=\"https:\/\/dobrogeanews.b-cdn.net\/wp-content\/uploads\/2026\/04\/babadag3.jpg\" alt=\"\" width=\"640\" height=\"525\"><\/figure>\n<p>M-a\u021bi \u00eentrebat despre blocuri \u0219i trebuie s\u0103 v\u0103 spun c\u0103 la <strong>Blocul social de pe stada Alunului<\/strong>, lucr\u0103rile sunt \u00eentr-un stadiu avansat at\u00e2t pe exterior c\u00e2t \u0219e pe interior. At\u00e2t la <strong>Blocul pentru tineri de pe strada G\u0103rii<\/strong> c\u00e2t \u0219i la <strong>Blocul pentru speciali\u0219ti (\u00eenv\u0103\u021b\u0103m\u00e2nt \u0219i s\u0103n\u0103tate) din zona ANL<\/strong>, s-au executat s\u0103p\u0103tura, s-a pus pern\u0103 de piatr\u0103, s-au turnat st\u00e2lpii \u0219i pere\u021bii din subsol, s-a turnat placa de la parter, st\u00e2lpii de la parter, placa de la etajul 2. <\/p>\n<p>Constructorii \u00ee\u0219i fac treaba, supraveghem lucr\u0103rile cu mare aten\u021bie astfel \u00eenc\u00e2t lucrurile s\u0103 mearg\u0103 \u00eentr-un ritm normal chiar dac\u0103 vremurile pe care le tr\u0103im nu sunt dintre cele mai\u2026normale. Nu trebuie dec\u00e2t s\u0103 ne facem datoria.\u201d <\/p>\n<p>ne-a spus primarul Georgian Caraman \u00eenainte de a merge \u00een alt\u0103 zon\u0103 a ora\u0219ului Babadag pentru a vizita alte \u0219antiere de investi\u021bii.<\/p>\n<figure class=\"wp-block-image size-full is-resized\"><img loading=\"lazy\" decoding=\"async\" title=\"babadag4 | DobrogeaNews\" src=\"https:\/\/dobrogeanews.b-cdn.net\/wp-content\/uploads\/2026\/04\/babadag4.jpg\" alt=\"\" class=\"wp-image-70033\" width=\"640\" height=\"525\"><\/figure>\n<p>\u201eAst\u0103zi s\u0103rb\u0103torim cu to\u021bii Izvorul T\u0103m\u0103duirii, o s\u0103rb\u0103toare \u00eenchinat\u0103 Maicii Domnului \u0219i doresc s\u0103 le urez tuturor b\u0103b\u0103ienilor s\u0103n\u0103tate \u0219i puterea de a merge mai departe. Cu speran\u021b\u0103. \u0218i \u00eencredere\u201d <\/p>\n<p>a mai spus primarul Georgian Caraman.<\/p>\n<div class=\"monsterinsights-inline-popular-posts monsterinsights-inline-popular-posts-charlie monsterinsights-popular-posts-styled\">\n<div class=\"monsterinsights-inline-popular-posts-text\"><span class=\"monsterinsights-inline-popular-posts-label\">Vezi \u0219i:<\/span><\/p>\n<div class=\"monsterinsights-inline-popular-posts-post\"><a class=\"monsterinsights-inline-popular-posts-title\" href=\"https:\/\/www.dobrogeanews.ro\/dr-laurentiu-ivanof-fiti-atenti-la-taceri-la-retrageri-la-schimbari-subtile-uneori-cei-care-au-cea-mai-mare-nevoie-de-ajutor-sunt-cei-care-cer-cel-mai-putin\/\">Dr. Lauren\u021biu Ivanof: Fi\u021bi aten\u021bi la t\u0103ceri. La retrageri. La schimb\u0103ri subtile. Uneori, cei care au cea mai mare nevoie de ajutor sunt cei care cer cel mai pu\u021bin.<\/a><\/div>\n<div class=\"monsterinsights-inline-popular-posts-post\"><a class=\"monsterinsights-inline-popular-posts-title\" href=\"https:\/\/www.dobrogeanews.ro\/cine-este-fata-de-18-ani-care-s-a-sinucis-la-tulcea-soapte-intre-lumi\/\">Cine este fata de 18 ani care s-a sinucis la Tulcea. \u0218oapte \u00eentre lumi \u2026<\/a><\/div>\n<div class=\"monsterinsights-inline-popular-posts-post\"><a class=\"monsterinsights-inline-popular-posts-title\" href=\"https:\/\/www.dobrogeanews.ro\/la-babadag-eleviii-continua-sa-primeasca-pachetele-alimentare-prin-programul-national-masa-sanatoasa\/\">La Babadag, elevii continu\u0103 s\u0103 primeasc\u0103 pachetele alimentare prin Programul Na\u021bional \u201eMas\u0103 s\u0103n\u0103toas\u0103\u201d<\/a><\/div>\n<\/div>\n<\/div>\n<p class=\"has-text-align-center has-white-color has-text-color has-background\"><span><a href=\"https:\/\/news.google.com\/publications\/CAAqBwgKMIu5pgsw88O-Aw?ceid=RO:ro&amp;oc=3\">Urm\u0103ri\u0163i \u015etirile Dobrogeanews \u015fi pe Google News<\/a><\/span><\/p>\n<\/div>\n<p>[analyse_source url=&#8221;https:\/\/www.dobrogeanews.ro\/au-reinceput-lucrarile-pe-santierele-din-babadag-la-scoli-gradinita-cresa-blocuri-de-locuinte-nu-trebuie-decat-sa-ne-facem-datoria-si-sa-mergem-mai-departe\/&#8221;]<\/p>\n","protected":false},"excerpt":{"rendered":"<p>[analyse_image type=&#8221;featured&#8221; src=&#8221;https:\/\/dobrogeanews.b-cdn.net\/wp-content\/uploads\/2026\/04\/babadag1.jpg&#8221;] Urm\u0103re\u015fte-ne \u015fi pe Facebook!57KFollowers La Babadag, lucr\u0103rile pe \u0219antierele deschise \u0219i-au reluat activitatea at\u00e2t la reabilitarea \u0219colilor, a gr\u0103dini\u021bei \u0219i a cre\u0219ei, a blocurilor sociale c\u00e2t \u0219i la montarea panourilor solare pe cele 58 de locuin\u021be beneficiare ale Proiectului de Energie verde pentru comunitate finan\u021bat din fonduri europene. Primarul ora\u0219ului Babadag, Georgian [&hellip;]<\/p>\n","protected":false},"author":1,"featured_media":0,"comment_status":"open","ping_status":"","sticky":false,"template":"","format":"standard","meta":{"footnotes":""},"categories":[89],"tags":[226,223],"class_list":["post-1887463","post","type-post","status-publish","format-standard","hentry","category-romania","tag-crawlmanager","tag-dobrogeanews-ro"],"_links":{"self":[{"href":"https:\/\/analyse.optim.biz\/index.php?rest_route=\/wp\/v2\/posts\/1887463","targetHints":{"allow":["GET"]}}],"collection":[{"href":"https:\/\/analyse.optim.biz\/index.php?rest_route=\/wp\/v2\/posts"}],"about":[{"href":"https:\/\/analyse.optim.biz\/index.php?rest_route=\/wp\/v2\/types\/post"}],"author":[{"embeddable":true,"href":"https:\/\/analyse.optim.biz\/index.php?rest_route=\/wp\/v2\/users\/1"}],"replies":[{"embeddable":true,"href":"https:\/\/analyse.optim.biz\/index.php?rest_route=%2Fwp%2Fv2%2Fcomments&post=1887463"}],"version-history":[{"count":0,"href":"https:\/\/analyse.optim.biz\/index.php?rest_route=\/wp\/v2\/posts\/1887463\/revisions"}],"wp:attachment":[{"href":"https:\/\/analyse.optim.biz\/index.php?rest_route=%2Fwp%2Fv2%2Fmedia&parent=1887463"}],"wp:term":[{"taxonomy":"category","embeddable":true,"href":"https:\/\/analyse.optim.biz\/index.php?rest_route=%2Fwp%2Fv2%2Fcategories&post=1887463"},{"taxonomy":"post_tag","embeddable":true,"href":"https:\/\/analyse.optim.biz\/index.php?rest_route=%2Fwp%2Fv2%2Ftags&post=1887463"}],"curies":[{"name":"wp","href":"https:\/\/api.w.org\/{rel}","templated":true}]}}