{"id":1887450,"date":"2026-04-17T08:07:54","date_gmt":"2026-04-17T05:07:54","guid":{"rendered":"https:\/\/analyse.optim.biz\/?p=1887450"},"modified":"2026-04-17T08:07:54","modified_gmt":"2026-04-17T05:07:54","slug":"o-noua-productie-tgst-muntele-vrajit-de-thomas-mann-in-regia-lui-clemens-bechtel","status":"publish","type":"post","link":"https:\/\/analyse.optim.biz\/?p=1887450","title":{"rendered":"O nou\u0103 produc\u021bie TGST. \u201eMuntele vr\u0103jit\u201d de Thomas Mann, \u00een regia lui Clemens Bechtel"},"content":{"rendered":"<p>[analyse_image type=&#8221;featured&#8221; src=&#8221;&#8221;]<\/p>\n<div class=\"td-post-content td-pb-padding-side\">\n<p>Teatrul German de Stat Timi\u0219oara (TGST) anun\u021b\u0103 premiera spectacolului <em>\u201eMuntele vr\u0103jit\u201d<\/em>, dup\u0103 celebrul roman al lui Thomas Mann, \u00een adaptarea scenic\u0103 \u0219i regia lui Clemens Bechtel. Evenimentul va avea loc s\u00e2mb\u0103t\u0103, 23 mai 2026, de la ora 19:30, \u00een sala Teatrului German de Stat.<\/p>\n<p>Noua produc\u021bie propune o incursiune scenic\u0103 \u00eentr-unul dintre cele mai importante romane ale secolului XX, urm\u0103rind povestea t\u00e2n\u0103rului Hans Castorp, care ajunge \u00eentr-un sanatoriu din Davos \u0219i devine treptat captiv \u00eentr-un univers suspendat \u00eentre boal\u0103, reflec\u021bie \u0219i transformare interioar\u0103.<\/p>\n<p>Publicat \u00een 1924, <em>\u201eMuntele vr\u0103jit\u201d<\/em> este una dintre capodoperele literaturii universale, semnat\u0103 de Thomas Mann, laureat al Premiului Nobel pentru Literatur\u0103. Romanul exploreaz\u0103 teme majore precum timpul, boala, iubirea \u0219i criza valorilor europene \u00eenainte de Primul R\u0103zboi Mondial, fiind considerat o radiografie profund\u0103 a societ\u0103\u021bii moderne \u0219i a condi\u021biei umane.<\/p>\n<p>Spectacolul, recomandat publicului cu v\u00e2rsta de peste 13 ani, va fi prezentat cu supratitrare \u00een limba rom\u00e2n\u0103 \u0219i englez\u0103, facilit\u00e2nd accesul unui public divers.<\/p>\n<p>Premiera din 23 mai marcheaz\u0103 un moment important al stagiunii 2025\u20132026 a TGST \u0219i va fi urmat\u0103 de dou\u0103 alte reprezenta\u021bii \u00een 30 \u0219i 31 mai 2026, cea din 30 mai fiind inclus\u0103 \u00een programul Festivalului Euroregional de Teatru Timi\u0219oara (TESZT).<\/p>\n<p>Distribu\u021bia \u00eei reune\u0219te pe Harald Weisz, Marc Illich, Ioana Iacob, Rare\u0219 Hontzu, B\u00fclent \u00d6zdil, Alexandru Mih\u0103escu, Aida Olaru, Tatiana Sessler-Toami, Dana Borteanu, Isolde Cobe\u021b \u0219i Richard Hladik.<\/p>\n<p>Totodat\u0103, scenografia este de Ioana Popescu, dramaturgia de Mira \u021a\u00e2ra, muzica \u0219i video de Alex Halka, coregrafia de Victoria Medvedeva, machiajul de Bojita Ilici, asisten\u021ba de regie de Richard Hladik, iar regia tehnic\u0103 de Costinel St\u0103nescu.<\/p>\n<p>Prin aceast\u0103 montare, Clemens Bechtel \u0219i echipa sa \u00ee\u0219i asum\u0103 provocarea de a transpune scenic un roman monumental, \u00eentr-o formul\u0103 contemporan\u0103, accesibil\u0103 \u0219i relevant\u0103 pentru publicul de ast\u0103zi.<\/p>\n<p>Biletele pentru premier\u0103 \u0219i reprezenta\u021biile ulterioare sunt disponibile la agen\u021bia de bilete a teatrului \u0219i online la \u00a0<a href=\"https:\/\/teatrulgerman.ro\/ro\/\">https:\/\/teatrulgerman.ro\/ro\/<\/a><\/p>\n<\/div>\n<p>[analyse_source url=&#8221;https:\/\/timisplus.ro\/o-noua-productie-tgst-muntele-vrajit-de-thomas-mann-in-regia-lui-clemens-bechtel\/&#8221;]<\/p>\n","protected":false},"excerpt":{"rendered":"<p>[analyse_image type=&#8221;featured&#8221; src=&#8221;&#8221;] Teatrul German de Stat Timi\u0219oara (TGST) anun\u021b\u0103 premiera spectacolului \u201eMuntele vr\u0103jit\u201d, dup\u0103 celebrul roman al lui Thomas Mann, \u00een adaptarea scenic\u0103 \u0219i regia lui Clemens Bechtel. Evenimentul va avea loc s\u00e2mb\u0103t\u0103, 23 mai 2026, de la ora 19:30, \u00een sala Teatrului German de Stat. Noua produc\u021bie propune o incursiune scenic\u0103 \u00eentr-unul dintre [&hellip;]<\/p>\n","protected":false},"author":1,"featured_media":0,"comment_status":"open","ping_status":"","sticky":false,"template":"","format":"standard","meta":{"footnotes":""},"categories":[89],"tags":[226,195],"class_list":["post-1887450","post","type-post","status-publish","format-standard","hentry","category-romania","tag-crawlmanager","tag-timisplus-ro"],"_links":{"self":[{"href":"https:\/\/analyse.optim.biz\/index.php?rest_route=\/wp\/v2\/posts\/1887450","targetHints":{"allow":["GET"]}}],"collection":[{"href":"https:\/\/analyse.optim.biz\/index.php?rest_route=\/wp\/v2\/posts"}],"about":[{"href":"https:\/\/analyse.optim.biz\/index.php?rest_route=\/wp\/v2\/types\/post"}],"author":[{"embeddable":true,"href":"https:\/\/analyse.optim.biz\/index.php?rest_route=\/wp\/v2\/users\/1"}],"replies":[{"embeddable":true,"href":"https:\/\/analyse.optim.biz\/index.php?rest_route=%2Fwp%2Fv2%2Fcomments&post=1887450"}],"version-history":[{"count":0,"href":"https:\/\/analyse.optim.biz\/index.php?rest_route=\/wp\/v2\/posts\/1887450\/revisions"}],"wp:attachment":[{"href":"https:\/\/analyse.optim.biz\/index.php?rest_route=%2Fwp%2Fv2%2Fmedia&parent=1887450"}],"wp:term":[{"taxonomy":"category","embeddable":true,"href":"https:\/\/analyse.optim.biz\/index.php?rest_route=%2Fwp%2Fv2%2Fcategories&post=1887450"},{"taxonomy":"post_tag","embeddable":true,"href":"https:\/\/analyse.optim.biz\/index.php?rest_route=%2Fwp%2Fv2%2Ftags&post=1887450"}],"curies":[{"name":"wp","href":"https:\/\/api.w.org\/{rel}","templated":true}]}}