{"id":1887376,"date":"2026-04-17T05:33:18","date_gmt":"2026-04-17T02:33:18","guid":{"rendered":"https:\/\/analyse.optim.biz\/?p=1887376"},"modified":"2026-04-17T05:33:18","modified_gmt":"2026-04-17T02:33:18","slug":"lectia-laricelui-organizata-de-asfor-si-parcul-national-calimani-peste-1-000-de-copii-si-1-000-de-puieti-incheie-luna-padurii-2026-in-9-scoli-din-zona-carpatilor","status":"publish","type":"post","link":"https:\/\/analyse.optim.biz\/?p=1887376","title":{"rendered":"\u201eLec\u021bia Laricelui\u201d organizat\u0103 de ASFOR \u0219i Parcul Na\u021bional C\u0103limani: Peste 1.000 de copii \u0219i 1.000 de puie\u021bi \u00eencheie \u201eLuna P\u0103durii\u201d 2026 \u00een 9 \u0219coli din zona Carpa\u021bilor (FOTO)"},"content":{"rendered":"<p>[analyse_image type=&#8221;featured&#8221; src=&#8221;https:\/\/img.svnews.ro\/foto\/2026\/04\/17\/2296a71b1438e63535919d548.png&#8221;]<\/p>\n<div class=\"entry\"><img loading=\"lazy\" decoding=\"async\" width=\"650\" height=\"325\" src=\"https:\/\/img.svnews.ro\/foto\/2026\/04\/17\/2296a71b1438e63535919d54806500325.png\" alt><\/p>\n<div class=\"entry_content\">\n<p class=\"wp-block-paragraph\">\u00cen localit\u0103\u021bile Poiana Stampei, Dorna Candrenilor \u0219i \u0218arul Dornei, forestierii ASFOR \u0219i rangerii Parcului Na\u021bional C\u0103limani au plantat ieri, al\u0103turi de elevi, ultimii puie\u021bi de larice din proiectul na\u021bional \u201eP\u0103durea Copiilor\u201d. Ac\u021biunea a marcat \u00eencheierea simbolic\u0103 a edi\u021biei 2026 a \u201eLunii P\u0103durii\u201d.<\/p>\n<p class=\"wp-block-paragraph\">\u00cen total, peste 1.000 de puie\u021bi au prins r\u0103d\u0103cini \u00een cur\u021bile a 9 \u0219coli din jude\u021bele Suceava, Mure\u0219, Harghita \u0219i Bistri\u021ba-N\u0103s\u0103ud. Un arbore pentru fiecare copil participant: un partener de cre\u0219tere pentru deceniile care urmeaz\u0103.<\/p>\n<p class=\"wp-block-paragraph\"><strong>De ce laricele?<\/strong><\/p>\n<p class=\"wp-block-paragraph\">Singurul r\u0103\u0219inos autohton din Rom\u00e2nia care \u00ee\u0219i leap\u0103d\u0103 acele iarna, laricele (<em>Larix decidua<\/em>) rena\u0219te spectaculos \u00een fiecare prim\u0103var\u0103 \u2014 nu \u00een ciuda fragilit\u0103\u021bii sale, ci prin el. Este alegerea fireasc\u0103 pentru o genera\u021bie pe care dorim s\u0103 o form\u0103m nu spre confort, ci spre rezilien\u021b\u0103. <em>\u201ePlant\u00e2nd un larice pentru fiecare copil, nu am ad\u0103ugat doar un num\u0103r \u00een inventarul forestier. Am dat acestor tineri un martor al propriei lor cre\u0219teri \u2014 un arbore care va sta drept \u00een fa\u021ba furtunilor, exact a\u0219a cum ne dorim s\u0103 stea \u0219i ei \u00een fa\u021ba provoc\u0103rilor vie\u021bii\u201d<\/em>, a declarat <strong>Ciprian Dumitru Musc\u0103<\/strong>, Pre\u0219edinte ASFOR.<\/p>\n<p class=\"wp-block-paragraph\"><strong>Un r\u0103spuns prin fapte<\/strong><\/p>\n<p class=\"wp-block-paragraph\">\u201eP\u0103durea Copiilor\u201d este un r\u0103spuns concret la dezinformarea care afecteaz\u0103 uneori percep\u021bia asupra silviculturii rom\u00e2ne\u0219ti. Un puiet plantat corect, sub privirea unui copil care \u00eel va urm\u0103ri cresc\u00e2nd, valoreaz\u0103 mai mult dec\u00e2t orice campanie de comunicare teoretic\u0103. Prin acest parteneriat, se demonstreaz\u0103 c\u0103 activitatea forestier\u0103 profesional\u0103 \u0219i protec\u021bia mediului sunt dou\u0103 fe\u021be ale aceleia\u0219i responsabilit\u0103\u021bi. <em>\u201eAm v\u0103zut \u00een ochii copiilor din toate cele 9 \u0219coli aceea\u0219i sc\u00e2nteie de curiozitate \u0219i responsabilitate. Cei 1.000 de larici vor cre\u0219te odat\u0103 cu ei \u2014 o m\u0103rturie vie c\u0103 viitorul p\u0103durilor din zona C\u0103limanilor apar\u021bine genera\u021biei lor\u201d<\/em>, a completat <strong>Basarab B\u00eerl\u0103deanu<\/strong>, din partea Administra\u021biei Parcului Na\u021bional C\u0103limani R.A.<\/p>\n<p class=\"wp-block-paragraph\"><strong>Desf\u0103\u0219urarea proiectului<\/strong><\/p>\n<p class=\"wp-block-paragraph\">Ac\u021biunile de plantare s-au derulat etapizat \u00een localit\u0103\u021bile St\u00e2nceni, Lunca Bradului \u0219i R\u0103stoli\u021ba (<strong>jude\u021bul Mure\u0219<\/strong>), Bilbor (<strong>jude\u021bul Harghita<\/strong>), precum \u0219i \u00een comunit\u0103\u021bi din <strong>jude\u021bul Bistri\u021ba-N\u0103s\u0103ud<\/strong>. Punctul culminant al ini\u021biativei a avut loc \u00een bazinul Dornelor (<strong>jude\u021bul Suceava<\/strong>).<\/p>\n<p class=\"wp-block-paragraph\">ASFOR \u0219i Administra\u021bia Parcului Na\u021bional C\u0103limani adreseaz\u0103 mul\u021bumiri profesorilor, p\u0103rin\u021bilor \u0219i elevilor. P\u0103durea nu se construie\u0219te singur\u0103 \u2014 \u0219i nici caracterul.<\/p>\n<p class=\"wp-block-paragraph\"><strong>Despre ASFOR<\/strong> Asocia\u021bia Forestierilor din Rom\u00e2nia este organiza\u021bia reprezentativ\u0103 a sectorului de exploatare forestier\u0103 \u0219i prelucrare primar\u0103 a lemnului. ASFOR promoveaz\u0103 gestionarea durabil\u0103 a p\u0103durilor, economia bio-bazat\u0103 \u0219i educa\u021bia forestier\u0103 ca piloni ai dezvolt\u0103rii rurale \u00een Rom\u00e2nia.<\/p>\n<p class=\"wp-block-paragraph\"><strong>Despre Administra\u021bia Parcului Na\u021bional C\u0103limani R.A.<\/strong> Administra\u021bia Parcului Na\u021bional C\u0103limani gestioneaz\u0103 una dintre cele mai valoroase arii protejate din Carpa\u021bii Orientali, av\u00e2nd ca misiune conservarea biodiversit\u0103\u021bii, a peisajului unic creat de cel mai mare masiv vulcanic din Rom\u00e2nia \u0219i promovarea educa\u021biei ecologice \u00een r\u00e2ndul comunit\u0103\u021bilor locale.<\/p>\n<p><img loading=\"lazy\" decoding=\"async\" class=\"alignnone size-medium wp-image-529643\" src=\"https:\/\/img.svnews.ro\/foto\/2026\/04\/17\/2e961bf9c45c7ae1c4ab4669606500366.png\" alt width=\"650\" height=\"366\"><\/p>\n<p><img loading=\"lazy\" decoding=\"async\" class=\"alignnone size-medium wp-image-529642\" src=\"https:\/\/img.svnews.ro\/foto\/2026\/04\/17\/c17279c68015bc8cdfa0adaea06500366.png\" alt width=\"650\" height=\"366\"><\/p>\n<p><img decoding=\"async\" loading=\"lazy\" class=\"alignnone size-medium wp-image-529641\" src=\"https:\/\/img.svnews.ro\/foto\/2026\/04\/17\/7de73733f00d26d8cd6e87bf006500366.png\" alt width=\"650\" height=\"366\"><\/p>\n<p><img decoding=\"async\" loading=\"lazy\" class=\"alignnone size-medium wp-image-529640\" src=\"https:\/\/img.svnews.ro\/foto\/2026\/04\/17\/4e897a82ab999c426d656621206500366.jpg\" alt width=\"650\" height=\"366\"><\/p>\n<p><img decoding=\"async\" loading=\"lazy\" class=\"alignnone size-medium wp-image-529639\" src=\"https:\/\/img.svnews.ro\/foto\/2026\/04\/17\/f026830a2d63b8510771ebc4306500434.jpg\" alt width=\"650\" height=\"434\"><\/p>\n<p><img decoding=\"async\" loading=\"lazy\" class=\"alignnone size-medium wp-image-529638\" src=\"https:\/\/img.svnews.ro\/foto\/2026\/04\/17\/ecc07cdca9a1a03f842a0c9c006500434.jpg\" alt width=\"650\" height=\"434\"><\/p>\n<p><img decoding=\"async\" loading=\"lazy\" class=\"alignnone size-medium wp-image-529637\" src=\"https:\/\/img.svnews.ro\/foto\/2026\/04\/17\/e1a9e16fbdf283340a4750f3d06500434.jpg\" alt width=\"650\" height=\"434\"><\/p>\n<p><img decoding=\"async\" loading=\"lazy\" class=\"alignnone size-medium wp-image-529636\" src=\"https:\/\/img.svnews.ro\/foto\/2026\/04\/17\/ea2654d0a56afae1f40a2f54f06500434.jpg\" alt width=\"650\" height=\"434\"><\/p>\n<p><img decoding=\"async\" loading=\"lazy\" class=\"alignnone size-medium wp-image-529635\" src=\"https:\/\/img.svnews.ro\/foto\/2026\/04\/17\/4482042819ff06536e7f8a23d06500434.jpg\" alt width=\"650\" height=\"434\"><\/p>\n<p><img decoding=\"async\" loading=\"lazy\" class=\"alignnone size-medium wp-image-529634\" src=\"https:\/\/img.svnews.ro\/foto\/2026\/04\/17\/a9a4fe16a27e206fbb3a27f9206500434.jpg\" alt width=\"650\" height=\"434\"><\/p>\n<p><img decoding=\"async\" loading=\"lazy\" class=\"alignnone size-medium wp-image-529633\" src=\"https:\/\/img.svnews.ro\/foto\/2026\/04\/17\/f9680dffcb77472108c1997a006500434.jpg\" alt width=\"650\" height=\"434\"><\/p>\n<p><img decoding=\"async\" loading=\"lazy\" class=\"alignnone size-medium wp-image-529632\" src=\"https:\/\/img.svnews.ro\/foto\/2026\/04\/17\/65e406581bc1ac1ccde0282a606500434.jpg\" alt width=\"650\" height=\"434\"><\/p>\n<p><img decoding=\"async\" loading=\"lazy\" class=\"alignnone size-medium wp-image-529631\" src=\"https:\/\/img.svnews.ro\/foto\/2026\/04\/17\/afabba37dd15dd0bd672a788706500434.jpg\" alt width=\"650\" height=\"434\"><\/p>\n<p><img decoding=\"async\" loading=\"lazy\" class=\"alignnone size-medium wp-image-529630\" src=\"https:\/\/img.svnews.ro\/foto\/2026\/04\/17\/ab2614cc4d9944c3e72e2cff506500434.jpg\" alt width=\"650\" height=\"434\"><\/p>\n<p><img decoding=\"async\" loading=\"lazy\" class=\"alignnone size-medium wp-image-529629\" src=\"https:\/\/img.svnews.ro\/foto\/2026\/04\/17\/71f2f66c75eab49c928c2eee606500434.jpg\" alt width=\"650\" height=\"434\"><\/p>\n<p><img decoding=\"async\" loading=\"lazy\" class=\"alignnone size-medium wp-image-529628\" src=\"https:\/\/img.svnews.ro\/foto\/2026\/04\/17\/5d9a61c8549e262480dbb6ddf06500434.jpg\" alt width=\"650\" height=\"434\"><\/p>\n<p><img decoding=\"async\" loading=\"lazy\" class=\"alignnone size-medium wp-image-529627\" src=\"https:\/\/img.svnews.ro\/foto\/2026\/04\/17\/d43b3e4a8e21a49ba044c781806500972.jpg\" alt width=\"650\" height=\"972\"><\/p>\n<p><img decoding=\"async\" loading=\"lazy\" class=\"alignnone size-medium wp-image-529626\" src=\"https:\/\/img.svnews.ro\/foto\/2026\/04\/17\/39206714d9ab240f3722223de06500434.jpg\" alt width=\"650\" height=\"434\"><\/p>\n<p><img decoding=\"async\" loading=\"lazy\" class=\"alignnone size-medium wp-image-529625\" src=\"https:\/\/img.svnews.ro\/foto\/2026\/04\/17\/b90eeb43ed74fdcf62be724bc06500972.jpg\" alt width=\"650\" height=\"972\"><\/p>\n<p><img decoding=\"async\" loading=\"lazy\" class=\"alignnone size-medium wp-image-529624\" src=\"https:\/\/img.svnews.ro\/foto\/2026\/04\/17\/5201fe4edbfb0687ee825bac306500434.jpg\" alt width=\"650\" height=\"434\"><\/p>\n<p><img decoding=\"async\" loading=\"lazy\" class=\"alignnone size-medium wp-image-529623\" src=\"https:\/\/img.svnews.ro\/foto\/2026\/04\/17\/16fdfde6f89aa5161a7dc13f506500434.jpg\" alt width=\"650\" height=\"434\"><\/p>\n<p><img decoding=\"async\" loading=\"lazy\" class=\"alignnone size-medium wp-image-529622\" src=\"https:\/\/img.svnews.ro\/foto\/2026\/04\/17\/bd74b9c390b68f1767880646406500434.jpg\" alt width=\"650\" height=\"434\"><\/p>\n<p><img decoding=\"async\" loading=\"lazy\" class=\"alignnone size-medium wp-image-529621\" src=\"https:\/\/img.svnews.ro\/foto\/2026\/04\/17\/03942e217e7fc450362f1944406500434.jpg\" alt width=\"650\" height=\"434\"><\/p>\n<p><img decoding=\"async\" loading=\"lazy\" class=\"alignnone size-medium wp-image-529620\" src=\"https:\/\/img.svnews.ro\/foto\/2026\/04\/17\/f4f93bfc4c2547ea1f07e0a5706500434.jpg\" alt width=\"650\" height=\"434\"><\/p>\n<p><img decoding=\"async\" loading=\"lazy\" class=\"alignnone size-medium wp-image-529619\" src=\"https:\/\/img.svnews.ro\/foto\/2026\/04\/17\/a61fd57bf8a8fe1e425b953e006500434.jpg\" alt width=\"650\" height=\"434\"><\/p>\n<p><img decoding=\"async\" loading=\"lazy\" class=\"alignnone size-medium wp-image-529618\" src=\"https:\/\/img.svnews.ro\/foto\/2026\/04\/17\/a26c6a8be8fdabdf169aff4a706500434.jpg\" alt width=\"650\" height=\"434\"><\/p>\n<p><img decoding=\"async\" loading=\"lazy\" class=\"alignnone size-medium wp-image-529617\" src=\"https:\/\/img.svnews.ro\/foto\/2026\/04\/17\/3d7c5ca5067e9dc367f50c41f06500972.jpg\" alt width=\"650\" height=\"972\"><\/p>\n<p><img decoding=\"async\" loading=\"lazy\" class=\"alignnone size-medium wp-image-529616\" src=\"https:\/\/img.svnews.ro\/foto\/2026\/04\/17\/96e5e8d6ea69b794ca3c0350206500434.jpg\" alt width=\"650\" height=\"434\"><\/p>\n<p><img decoding=\"async\" loading=\"lazy\" class=\"alignnone size-medium wp-image-529615\" src=\"https:\/\/img.svnews.ro\/foto\/2026\/04\/17\/2d21b610a2021694fb71f059106500434.jpg\" alt width=\"650\" height=\"434\"><\/p>\n<p><img decoding=\"async\" loading=\"lazy\" class=\"alignnone size-medium wp-image-529614\" src=\"https:\/\/img.svnews.ro\/foto\/2026\/04\/17\/30c9a9e20481e53efa23d091406500434.jpg\" alt width=\"650\" height=\"434\"><\/p>\n<p><img decoding=\"async\" loading=\"lazy\" class=\"alignnone size-medium wp-image-529613\" src=\"https:\/\/img.svnews.ro\/foto\/2026\/04\/17\/adcedd4c42e79770b7e5968c806500434.jpg\" alt width=\"650\" height=\"434\"><\/p>\n<p><img decoding=\"async\" loading=\"lazy\" class=\"alignnone size-medium wp-image-529612\" src=\"https:\/\/img.svnews.ro\/foto\/2026\/04\/17\/ddb6815af24373f9b68146d2b06500434.jpg\" alt width=\"650\" height=\"434\"><\/p>\n<p><img decoding=\"async\" loading=\"lazy\" class=\"alignnone size-medium wp-image-529611\" src=\"https:\/\/img.svnews.ro\/foto\/2026\/04\/17\/43388d25ad7207d50e8d748bd06500434.jpg\" alt width=\"650\" height=\"434\"><\/p>\n<p><img decoding=\"async\" loading=\"lazy\" class=\"alignnone size-medium wp-image-529610\" src=\"https:\/\/img.svnews.ro\/foto\/2026\/04\/17\/6d586ad91a9acba1ef96d4b9806500434.jpg\" alt width=\"650\" height=\"434\"><\/p>\n<p><img decoding=\"async\" loading=\"lazy\" class=\"alignnone size-medium wp-image-529609\" src=\"https:\/\/img.svnews.ro\/foto\/2026\/04\/17\/083e7c6515a6c90e868ed15ef06500366.jpg\" alt width=\"650\" height=\"366\"><\/p>\n<\/div>\n<div>\n<div>VN:F [1.9.22_1171]<\/div>\n<div class=\"ratingblock \">\n<div class=\"ratingstars \">\n<div id=\"article_loader_529645\" class=\"ratingloaderarticle\">\n<div class=\"loader arrows \">\n<div class=\"loaderinner\">se actualizeaz\u0103&#8230;<\/div>\n<\/div>\n<\/div>\n<\/div>\n<div class=\"ratingtext \">\n<div id=\"gdr_text_a529645\">Rating: 0.0\/<strong>10<\/strong> (0 votes cast)<\/div>\n<\/div>\n<\/div>\n<\/div>\n<\/div>\n<div class=\"entry_content\">\n<p class=\"wp-block-paragraph\">\u00cen localit\u0103\u021bile Poiana Stampei, Dorna Candrenilor \u0219i \u0218arul Dornei, forestierii ASFOR \u0219i rangerii Parcului Na\u021bional C\u0103limani au plantat ieri, al\u0103turi de elevi, ultimii puie\u021bi de larice din proiectul na\u021bional \u201eP\u0103durea Copiilor\u201d. Ac\u021biunea a marcat \u00eencheierea simbolic\u0103 a edi\u021biei 2026 a \u201eLunii P\u0103durii\u201d.<\/p>\n<p class=\"wp-block-paragraph\">\u00cen total, peste 1.000 de puie\u021bi au prins r\u0103d\u0103cini \u00een cur\u021bile a 9 \u0219coli din jude\u021bele Suceava, Mure\u0219, Harghita \u0219i Bistri\u021ba-N\u0103s\u0103ud. Un arbore pentru fiecare copil participant: un partener de cre\u0219tere pentru deceniile care urmeaz\u0103.<\/p>\n<p class=\"wp-block-paragraph\"><strong>De ce laricele?<\/strong><\/p>\n<p class=\"wp-block-paragraph\">Singurul r\u0103\u0219inos autohton din Rom\u00e2nia care \u00ee\u0219i leap\u0103d\u0103 acele iarna, laricele (<em>Larix decidua<\/em>) rena\u0219te spectaculos \u00een fiecare prim\u0103var\u0103 \u2014 nu \u00een ciuda fragilit\u0103\u021bii sale, ci prin el. Este alegerea fireasc\u0103 pentru o genera\u021bie pe care dorim s\u0103 o form\u0103m nu spre confort, ci spre rezilien\u021b\u0103. <em>\u201ePlant\u00e2nd un larice pentru fiecare copil, nu am ad\u0103ugat doar un num\u0103r \u00een inventarul forestier. Am dat acestor tineri un martor al propriei lor cre\u0219teri \u2014 un arbore care va sta drept \u00een fa\u021ba furtunilor, exact a\u0219a cum ne dorim s\u0103 stea \u0219i ei \u00een fa\u021ba provoc\u0103rilor vie\u021bii\u201d<\/em>, a declarat <strong>Ciprian Dumitru Musc\u0103<\/strong>, Pre\u0219edinte ASFOR.<\/p>\n<p class=\"wp-block-paragraph\"><strong>Un r\u0103spuns prin fapte<\/strong><\/p>\n<p class=\"wp-block-paragraph\">\u201eP\u0103durea Copiilor\u201d este un r\u0103spuns concret la dezinformarea care afecteaz\u0103 uneori percep\u021bia asupra silviculturii rom\u00e2ne\u0219ti. Un puiet plantat corect, sub privirea unui copil care \u00eel va urm\u0103ri cresc\u00e2nd, valoreaz\u0103 mai mult dec\u00e2t orice campanie de comunicare teoretic\u0103. Prin acest parteneriat, se demonstreaz\u0103 c\u0103 activitatea forestier\u0103 profesional\u0103 \u0219i protec\u021bia mediului sunt dou\u0103 fe\u021be ale aceleia\u0219i responsabilit\u0103\u021bi. <em>\u201eAm v\u0103zut \u00een ochii copiilor din toate cele 9 \u0219coli aceea\u0219i sc\u00e2nteie de curiozitate \u0219i responsabilitate. Cei 1.000 de larici vor cre\u0219te odat\u0103 cu ei \u2014 o m\u0103rturie vie c\u0103 viitorul p\u0103durilor din zona C\u0103limanilor apar\u021bine genera\u021biei lor\u201d<\/em>, a completat <strong>Basarab B\u00eerl\u0103deanu<\/strong>, din partea Administra\u021biei Parcului Na\u021bional C\u0103limani R.A.<\/p>\n<p class=\"wp-block-paragraph\"><strong>Desf\u0103\u0219urarea proiectului<\/strong><\/p>\n<p class=\"wp-block-paragraph\">Ac\u021biunile de plantare s-au derulat etapizat \u00een localit\u0103\u021bile St\u00e2nceni, Lunca Bradului \u0219i R\u0103stoli\u021ba (<strong>jude\u021bul Mure\u0219<\/strong>), Bilbor (<strong>jude\u021bul Harghita<\/strong>), precum \u0219i \u00een comunit\u0103\u021bi din <strong>jude\u021bul Bistri\u021ba-N\u0103s\u0103ud<\/strong>. Punctul culminant al ini\u021biativei a avut loc \u00een bazinul Dornelor (<strong>jude\u021bul Suceava<\/strong>).<\/p>\n<p class=\"wp-block-paragraph\">ASFOR \u0219i Administra\u021bia Parcului Na\u021bional C\u0103limani adreseaz\u0103 mul\u021bumiri profesorilor, p\u0103rin\u021bilor \u0219i elevilor. P\u0103durea nu se construie\u0219te singur\u0103 \u2014 \u0219i nici caracterul.<\/p>\n<p class=\"wp-block-paragraph\"><strong>Despre ASFOR<\/strong> Asocia\u021bia Forestierilor din Rom\u00e2nia este organiza\u021bia reprezentativ\u0103 a sectorului de exploatare forestier\u0103 \u0219i prelucrare primar\u0103 a lemnului. ASFOR promoveaz\u0103 gestionarea durabil\u0103 a p\u0103durilor, economia bio-bazat\u0103 \u0219i educa\u021bia forestier\u0103 ca piloni ai dezvolt\u0103rii rurale \u00een Rom\u00e2nia.<\/p>\n<p class=\"wp-block-paragraph\"><strong>Despre Administra\u021bia Parcului Na\u021bional C\u0103limani R.A.<\/strong> Administra\u021bia Parcului Na\u021bional C\u0103limani gestioneaz\u0103 una dintre cele mai valoroase arii protejate din Carpa\u021bii Orientali, av\u00e2nd ca misiune conservarea biodiversit\u0103\u021bii, a peisajului unic creat de cel mai mare masiv vulcanic din Rom\u00e2nia \u0219i promovarea educa\u021biei ecologice \u00een r\u00e2ndul comunit\u0103\u021bilor locale.<\/p>\n<p><img loading=\"lazy\" decoding=\"async\" class=\"alignnone size-medium wp-image-529643\" src=\"https:\/\/img.svnews.ro\/foto\/2026\/04\/17\/2e961bf9c45c7ae1c4ab4669606500366.png\" alt width=\"650\" height=\"366\"><\/p>\n<p><img loading=\"lazy\" decoding=\"async\" class=\"alignnone size-medium wp-image-529642\" src=\"https:\/\/img.svnews.ro\/foto\/2026\/04\/17\/c17279c68015bc8cdfa0adaea06500366.png\" alt width=\"650\" height=\"366\"><\/p>\n<p><img decoding=\"async\" loading=\"lazy\" class=\"alignnone size-medium wp-image-529641\" src=\"https:\/\/img.svnews.ro\/foto\/2026\/04\/17\/7de73733f00d26d8cd6e87bf006500366.png\" alt width=\"650\" height=\"366\"><\/p>\n<p><img decoding=\"async\" loading=\"lazy\" class=\"alignnone size-medium wp-image-529640\" src=\"https:\/\/img.svnews.ro\/foto\/2026\/04\/17\/4e897a82ab999c426d656621206500366.jpg\" alt width=\"650\" height=\"366\"><\/p>\n<p><img decoding=\"async\" loading=\"lazy\" class=\"alignnone size-medium wp-image-529639\" src=\"https:\/\/img.svnews.ro\/foto\/2026\/04\/17\/f026830a2d63b8510771ebc4306500434.jpg\" alt width=\"650\" height=\"434\"><\/p>\n<p><img decoding=\"async\" loading=\"lazy\" class=\"alignnone size-medium wp-image-529638\" src=\"https:\/\/img.svnews.ro\/foto\/2026\/04\/17\/ecc07cdca9a1a03f842a0c9c006500434.jpg\" alt width=\"650\" height=\"434\"><\/p>\n<p><img decoding=\"async\" loading=\"lazy\" class=\"alignnone size-medium wp-image-529637\" src=\"https:\/\/img.svnews.ro\/foto\/2026\/04\/17\/e1a9e16fbdf283340a4750f3d06500434.jpg\" alt width=\"650\" height=\"434\"><\/p>\n<p><img decoding=\"async\" loading=\"lazy\" class=\"alignnone size-medium wp-image-529636\" src=\"https:\/\/img.svnews.ro\/foto\/2026\/04\/17\/ea2654d0a56afae1f40a2f54f06500434.jpg\" alt width=\"650\" height=\"434\"><\/p>\n<p><img decoding=\"async\" loading=\"lazy\" class=\"alignnone size-medium wp-image-529635\" src=\"https:\/\/img.svnews.ro\/foto\/2026\/04\/17\/4482042819ff06536e7f8a23d06500434.jpg\" alt width=\"650\" height=\"434\"><\/p>\n<p><img decoding=\"async\" loading=\"lazy\" class=\"alignnone size-medium wp-image-529634\" src=\"https:\/\/img.svnews.ro\/foto\/2026\/04\/17\/a9a4fe16a27e206fbb3a27f9206500434.jpg\" alt width=\"650\" height=\"434\"><\/p>\n<p><img decoding=\"async\" loading=\"lazy\" class=\"alignnone size-medium wp-image-529633\" src=\"https:\/\/img.svnews.ro\/foto\/2026\/04\/17\/f9680dffcb77472108c1997a006500434.jpg\" alt width=\"650\" height=\"434\"><\/p>\n<p><img decoding=\"async\" loading=\"lazy\" class=\"alignnone size-medium wp-image-529632\" src=\"https:\/\/img.svnews.ro\/foto\/2026\/04\/17\/65e406581bc1ac1ccde0282a606500434.jpg\" alt width=\"650\" height=\"434\"><\/p>\n<p><img decoding=\"async\" loading=\"lazy\" class=\"alignnone size-medium wp-image-529631\" src=\"https:\/\/img.svnews.ro\/foto\/2026\/04\/17\/afabba37dd15dd0bd672a788706500434.jpg\" alt width=\"650\" height=\"434\"><\/p>\n<p><img decoding=\"async\" loading=\"lazy\" class=\"alignnone size-medium wp-image-529630\" src=\"https:\/\/img.svnews.ro\/foto\/2026\/04\/17\/ab2614cc4d9944c3e72e2cff506500434.jpg\" alt width=\"650\" height=\"434\"><\/p>\n<p><img decoding=\"async\" loading=\"lazy\" class=\"alignnone size-medium wp-image-529629\" src=\"https:\/\/img.svnews.ro\/foto\/2026\/04\/17\/71f2f66c75eab49c928c2eee606500434.jpg\" alt width=\"650\" height=\"434\"><\/p>\n<p><img decoding=\"async\" loading=\"lazy\" class=\"alignnone size-medium wp-image-529628\" src=\"https:\/\/img.svnews.ro\/foto\/2026\/04\/17\/5d9a61c8549e262480dbb6ddf06500434.jpg\" alt width=\"650\" height=\"434\"><\/p>\n<p><img decoding=\"async\" loading=\"lazy\" class=\"alignnone size-medium wp-image-529627\" src=\"https:\/\/img.svnews.ro\/foto\/2026\/04\/17\/d43b3e4a8e21a49ba044c781806500972.jpg\" alt width=\"650\" height=\"972\"><\/p>\n<p><img decoding=\"async\" loading=\"lazy\" class=\"alignnone size-medium wp-image-529626\" src=\"https:\/\/img.svnews.ro\/foto\/2026\/04\/17\/39206714d9ab240f3722223de06500434.jpg\" alt width=\"650\" height=\"434\"><\/p>\n<p><img decoding=\"async\" loading=\"lazy\" class=\"alignnone size-medium wp-image-529625\" src=\"https:\/\/img.svnews.ro\/foto\/2026\/04\/17\/b90eeb43ed74fdcf62be724bc06500972.jpg\" alt width=\"650\" height=\"972\"><\/p>\n<p><img decoding=\"async\" loading=\"lazy\" class=\"alignnone size-medium wp-image-529624\" src=\"https:\/\/img.svnews.ro\/foto\/2026\/04\/17\/5201fe4edbfb0687ee825bac306500434.jpg\" alt width=\"650\" height=\"434\"><\/p>\n<p><img decoding=\"async\" loading=\"lazy\" class=\"alignnone size-medium wp-image-529623\" src=\"https:\/\/img.svnews.ro\/foto\/2026\/04\/17\/16fdfde6f89aa5161a7dc13f506500434.jpg\" alt width=\"650\" height=\"434\"><\/p>\n<p><img decoding=\"async\" loading=\"lazy\" class=\"alignnone size-medium wp-image-529622\" src=\"https:\/\/img.svnews.ro\/foto\/2026\/04\/17\/bd74b9c390b68f1767880646406500434.jpg\" alt width=\"650\" height=\"434\"><\/p>\n<p><img decoding=\"async\" loading=\"lazy\" class=\"alignnone size-medium wp-image-529621\" src=\"https:\/\/img.svnews.ro\/foto\/2026\/04\/17\/03942e217e7fc450362f1944406500434.jpg\" alt width=\"650\" height=\"434\"><\/p>\n<p><img decoding=\"async\" loading=\"lazy\" class=\"alignnone size-medium wp-image-529620\" src=\"https:\/\/img.svnews.ro\/foto\/2026\/04\/17\/f4f93bfc4c2547ea1f07e0a5706500434.jpg\" alt width=\"650\" height=\"434\"><\/p>\n<p><img decoding=\"async\" loading=\"lazy\" class=\"alignnone size-medium wp-image-529619\" src=\"https:\/\/img.svnews.ro\/foto\/2026\/04\/17\/a61fd57bf8a8fe1e425b953e006500434.jpg\" alt width=\"650\" height=\"434\"><\/p>\n<p><img decoding=\"async\" loading=\"lazy\" class=\"alignnone size-medium wp-image-529618\" src=\"https:\/\/img.svnews.ro\/foto\/2026\/04\/17\/a26c6a8be8fdabdf169aff4a706500434.jpg\" alt width=\"650\" height=\"434\"><\/p>\n<p><img decoding=\"async\" loading=\"lazy\" class=\"alignnone size-medium wp-image-529617\" src=\"https:\/\/img.svnews.ro\/foto\/2026\/04\/17\/3d7c5ca5067e9dc367f50c41f06500972.jpg\" alt width=\"650\" height=\"972\"><\/p>\n<p><img decoding=\"async\" loading=\"lazy\" class=\"alignnone size-medium wp-image-529616\" src=\"https:\/\/img.svnews.ro\/foto\/2026\/04\/17\/96e5e8d6ea69b794ca3c0350206500434.jpg\" alt width=\"650\" height=\"434\"><\/p>\n<p><img decoding=\"async\" loading=\"lazy\" class=\"alignnone size-medium wp-image-529615\" src=\"https:\/\/img.svnews.ro\/foto\/2026\/04\/17\/2d21b610a2021694fb71f059106500434.jpg\" alt width=\"650\" height=\"434\"><\/p>\n<p><img decoding=\"async\" loading=\"lazy\" class=\"alignnone size-medium wp-image-529614\" src=\"https:\/\/img.svnews.ro\/foto\/2026\/04\/17\/30c9a9e20481e53efa23d091406500434.jpg\" alt width=\"650\" height=\"434\"><\/p>\n<p><img decoding=\"async\" loading=\"lazy\" class=\"alignnone size-medium wp-image-529613\" src=\"https:\/\/img.svnews.ro\/foto\/2026\/04\/17\/adcedd4c42e79770b7e5968c806500434.jpg\" alt width=\"650\" height=\"434\"><\/p>\n<p><img decoding=\"async\" loading=\"lazy\" class=\"alignnone size-medium wp-image-529612\" src=\"https:\/\/img.svnews.ro\/foto\/2026\/04\/17\/ddb6815af24373f9b68146d2b06500434.jpg\" alt width=\"650\" height=\"434\"><\/p>\n<p><img decoding=\"async\" loading=\"lazy\" class=\"alignnone size-medium wp-image-529611\" src=\"https:\/\/img.svnews.ro\/foto\/2026\/04\/17\/43388d25ad7207d50e8d748bd06500434.jpg\" alt width=\"650\" height=\"434\"><\/p>\n<p><img decoding=\"async\" loading=\"lazy\" class=\"alignnone size-medium wp-image-529610\" src=\"https:\/\/img.svnews.ro\/foto\/2026\/04\/17\/6d586ad91a9acba1ef96d4b9806500434.jpg\" alt width=\"650\" height=\"434\"><\/p>\n<p><img decoding=\"async\" loading=\"lazy\" class=\"alignnone size-medium wp-image-529609\" src=\"https:\/\/img.svnews.ro\/foto\/2026\/04\/17\/083e7c6515a6c90e868ed15ef06500366.jpg\" alt width=\"650\" height=\"366\"><\/p>\n<\/div>\n<p>[analyse_source url=&#8221;https:\/\/www.svnews.ro\/lectia-laricelui-organizata-de-asfor-si-parcul-national-calimani-peste-1-000-de-copii-si-1-000-de-puieti-incheie-luna-padurii-2026-in-9-scoli-din-zona-carpatilor\/529645\/&#8221;]<\/p>\n","protected":false},"excerpt":{"rendered":"<p>[analyse_image type=&#8221;featured&#8221; src=&#8221;https:\/\/img.svnews.ro\/foto\/2026\/04\/17\/2296a71b1438e63535919d548.png&#8221;] \u00cen localit\u0103\u021bile Poiana Stampei, Dorna Candrenilor \u0219i \u0218arul Dornei, forestierii ASFOR \u0219i rangerii Parcului Na\u021bional C\u0103limani au plantat ieri, al\u0103turi de elevi, ultimii puie\u021bi de larice din proiectul na\u021bional \u201eP\u0103durea Copiilor\u201d. Ac\u021biunea a marcat \u00eencheierea simbolic\u0103 a edi\u021biei 2026 a \u201eLunii P\u0103durii\u201d. \u00cen total, peste 1.000 de puie\u021bi au prins r\u0103d\u0103cini \u00een [&hellip;]<\/p>\n","protected":false},"author":1,"featured_media":0,"comment_status":"open","ping_status":"","sticky":false,"template":"","format":"standard","meta":{"footnotes":""},"categories":[89],"tags":[226,175],"class_list":["post-1887376","post","type-post","status-publish","format-standard","hentry","category-romania","tag-crawlmanager","tag-svnews-ro"],"_links":{"self":[{"href":"https:\/\/analyse.optim.biz\/index.php?rest_route=\/wp\/v2\/posts\/1887376","targetHints":{"allow":["GET"]}}],"collection":[{"href":"https:\/\/analyse.optim.biz\/index.php?rest_route=\/wp\/v2\/posts"}],"about":[{"href":"https:\/\/analyse.optim.biz\/index.php?rest_route=\/wp\/v2\/types\/post"}],"author":[{"embeddable":true,"href":"https:\/\/analyse.optim.biz\/index.php?rest_route=\/wp\/v2\/users\/1"}],"replies":[{"embeddable":true,"href":"https:\/\/analyse.optim.biz\/index.php?rest_route=%2Fwp%2Fv2%2Fcomments&post=1887376"}],"version-history":[{"count":0,"href":"https:\/\/analyse.optim.biz\/index.php?rest_route=\/wp\/v2\/posts\/1887376\/revisions"}],"wp:attachment":[{"href":"https:\/\/analyse.optim.biz\/index.php?rest_route=%2Fwp%2Fv2%2Fmedia&parent=1887376"}],"wp:term":[{"taxonomy":"category","embeddable":true,"href":"https:\/\/analyse.optim.biz\/index.php?rest_route=%2Fwp%2Fv2%2Fcategories&post=1887376"},{"taxonomy":"post_tag","embeddable":true,"href":"https:\/\/analyse.optim.biz\/index.php?rest_route=%2Fwp%2Fv2%2Ftags&post=1887376"}],"curies":[{"name":"wp","href":"https:\/\/api.w.org\/{rel}","templated":true}]}}