{"id":1887369,"date":"2026-04-17T09:34:00","date_gmt":"2026-04-17T06:34:00","guid":{"rendered":"https:\/\/analyse.optim.biz\/?p=1887369"},"modified":"2026-04-17T09:34:00","modified_gmt":"2026-04-17T06:34:00","slug":"ucrainean-cu-mandat-european-de-arestare-in-portugalia-prins-in-vama-siret","status":"publish","type":"post","link":"https:\/\/analyse.optim.biz\/?p=1887369","title":{"rendered":"Ucrainean cu mandat european de arestare \u00een Portugalia, prins \u00een Vama Siret"},"content":{"rendered":"<p>[analyse_image type=&#8221;featured&#8221; src=&#8221;https:\/\/blogger.googleusercontent.com\/img\/b\/R29vZ2xl\/AVvXsEjxulSvPSclrvnkU03Yi6ddevA7wJBnlnZhPJTf24wrJBD79u_NszMpNedUsZbpCkWrvM3tP3AaUcP4eoXqwfURPnl42TbnsNN5ZoBzfJ1RqHQbn2hub1PF-01lB448qEM3GAKstOWKN7ORq6WnOFfCsxbFgc1dt409KKXgHsPGncmZneo8wMJA0z7xoz8\/w1600\/vama-siret.jpg&#8221;]<\/p>\n<div class=\"post-body entry-content\" id=\"post-body\">\n<div class=\"separator\"><a href=\"https:\/\/blogger.googleusercontent.com\/img\/b\/R29vZ2xl\/AVvXsEjxulSvPSclrvnkU03Yi6ddevA7wJBnlnZhPJTf24wrJBD79u_NszMpNedUsZbpCkWrvM3tP3AaUcP4eoXqwfURPnl42TbnsNN5ZoBzfJ1RqHQbn2hub1PF-01lB448qEM3GAKstOWKN7ORq6WnOFfCsxbFgc1dt409KKXgHsPGncmZneo8wMJA0z7xoz8\/s1200\/vama-siret.jpg\"><img decoding=\"async\" alt=\"Ucrainean cu mandat european de arestare \u00een Portugalia, prins \u00een Vama Siret\" border=\"0\" height=\"335\" loading=\"lazy\" src=\"https:\/\/blogger.googleusercontent.com\/img\/b\/R29vZ2xl\/AVvXsEjxulSvPSclrvnkU03Yi6ddevA7wJBnlnZhPJTf24wrJBD79u_NszMpNedUsZbpCkWrvM3tP3AaUcP4eoXqwfURPnl42TbnsNN5ZoBzfJ1RqHQbn2hub1PF-01lB448qEM3GAKstOWKN7ORq6WnOFfCsxbFgc1dt409KKXgHsPGncmZneo8wMJA0z7xoz8\/w640-h335-rw\/vama-siret.jpg\" title=\"Ucrainean cu mandat european de arestare \u00een Portugalia, prins \u00een Vama Siret\" width=\"640\"><\/a><\/div>\n<p><b>Poli\u0163i\u015ftii de frontier\u0103 din cadrul Sectorului Poli\u021biei de Frontier\u0103 Siret au depistat un cet\u0103\u021bean ucrainean pe numele c\u0103ruia era emis, de c\u0103tre autorit\u0103\u021bile portugheze, un mandat european de arestare.<\/b><\/p>\n<p>Miercuri, 15 aprilie 2026, \u00een jurul orei 23.00, \u00een Punctul de Trecere a Frontierei Siret, jude\u021bul Suceava, s-a prezentat pe sensul de intrare \u00een Rom\u00e2nia pentru efectuarea formalit\u0103\u021bilor de frontier\u0103, un cet\u0103\u021bean ucrainean. B\u0103rbatul, \u00een v\u00e2rst\u0103 de 63 de ani, c\u0103l\u0103torea \u00een calitate de pasager, cu un autoturism \u00eenmatriculat \u00een Ucraina.<\/p>\n<p>\u00cen urma verific\u0103rilor specifice efectuate, poli\u021bi\u0219tii de frontier\u0103 au constatat faptul c\u0103 pe numele b\u0103rbatului a fost emis de c\u0103tre autorit\u0103\u021bile portugheze, un mandat european de arestare pentru s\u0103v\u00e2r\u0219irea de infrac\u021biuni contra persoanei.<\/p>\n<p>Persoana \u00een cauz\u0103 a fost predat\u0103 de c\u0103tre poli\u021bi\u0219tii de frontier\u0103 unui echipaj din cadrul Serviciului de Investiga\u021bii Criminale al Inspectoratului de Poli\u0163ie Jude\u0163ean Suceava, \u00een vederea dispunerii m\u0103surilor legale ce se impun.<\/div>\n<div class=\"post-body entry-content\" id=\"post-body\">\n<div class=\"separator\"><a href=\"https:\/\/blogger.googleusercontent.com\/img\/b\/R29vZ2xl\/AVvXsEjxulSvPSclrvnkU03Yi6ddevA7wJBnlnZhPJTf24wrJBD79u_NszMpNedUsZbpCkWrvM3tP3AaUcP4eoXqwfURPnl42TbnsNN5ZoBzfJ1RqHQbn2hub1PF-01lB448qEM3GAKstOWKN7ORq6WnOFfCsxbFgc1dt409KKXgHsPGncmZneo8wMJA0z7xoz8\/s1200\/vama-siret.jpg\"><img decoding=\"async\" alt=\"Ucrainean cu mandat european de arestare \u00een Portugalia, prins \u00een Vama Siret\" border=\"0\" height=\"335\" loading=\"lazy\" src=\"https:\/\/blogger.googleusercontent.com\/img\/b\/R29vZ2xl\/AVvXsEjxulSvPSclrvnkU03Yi6ddevA7wJBnlnZhPJTf24wrJBD79u_NszMpNedUsZbpCkWrvM3tP3AaUcP4eoXqwfURPnl42TbnsNN5ZoBzfJ1RqHQbn2hub1PF-01lB448qEM3GAKstOWKN7ORq6WnOFfCsxbFgc1dt409KKXgHsPGncmZneo8wMJA0z7xoz8\/w640-h335-rw\/vama-siret.jpg\" title=\"Ucrainean cu mandat european de arestare \u00een Portugalia, prins \u00een Vama Siret\" width=\"640\"><\/a><\/div>\n<p><b>Poli\u0163i\u015ftii de frontier\u0103 din cadrul Sectorului Poli\u021biei de Frontier\u0103 Siret au depistat un cet\u0103\u021bean ucrainean pe numele c\u0103ruia era emis, de c\u0103tre autorit\u0103\u021bile portugheze, un mandat european de arestare.<\/b><\/p>\n<p>Miercuri, 15 aprilie 2026, \u00een jurul orei 23.00, \u00een Punctul de Trecere a Frontierei Siret, jude\u021bul Suceava, s-a prezentat pe sensul de intrare \u00een Rom\u00e2nia pentru efectuarea formalit\u0103\u021bilor de frontier\u0103, un cet\u0103\u021bean ucrainean. B\u0103rbatul, \u00een v\u00e2rst\u0103 de 63 de ani, c\u0103l\u0103torea \u00een calitate de pasager, cu un autoturism \u00eenmatriculat \u00een Ucraina.<\/p>\n<p>\u00cen urma verific\u0103rilor specifice efectuate, poli\u021bi\u0219tii de frontier\u0103 au constatat faptul c\u0103 pe numele b\u0103rbatului a fost emis de c\u0103tre autorit\u0103\u021bile portugheze, un mandat european de arestare pentru s\u0103v\u00e2r\u0219irea de infrac\u021biuni contra persoanei.<\/p>\n<p>Persoana \u00een cauz\u0103 a fost predat\u0103 de c\u0103tre poli\u021bi\u0219tii de frontier\u0103 unui echipaj din cadrul Serviciului de Investiga\u021bii Criminale al Inspectoratului de Poli\u0163ie Jude\u0163ean Suceava, \u00een vederea dispunerii m\u0103surilor legale ce se impun.<\/div>\n<p>[analyse_source url=&#8221;https:\/\/www.stirisuceava.net\/2026\/04\/ucrainean-cu-mandat-european-de.html&#8221;]<\/p>\n","protected":false},"excerpt":{"rendered":"<p>[analyse_image type=&#8221;featured&#8221; src=&#8221;https:\/\/blogger.googleusercontent.com\/img\/b\/R29vZ2xl\/AVvXsEjxulSvPSclrvnkU03Yi6ddevA7wJBnlnZhPJTf24wrJBD79u_NszMpNedUsZbpCkWrvM3tP3AaUcP4eoXqwfURPnl42TbnsNN5ZoBzfJ1RqHQbn2hub1PF-01lB448qEM3GAKstOWKN7ORq6WnOFfCsxbFgc1dt409KKXgHsPGncmZneo8wMJA0z7xoz8\/w1600\/vama-siret.jpg&#8221;] Poli\u0163i\u015ftii de frontier\u0103 din cadrul Sectorului Poli\u021biei de Frontier\u0103 Siret au depistat un cet\u0103\u021bean ucrainean pe numele c\u0103ruia era emis, de c\u0103tre autorit\u0103\u021bile portugheze, un mandat european de arestare. Miercuri, 15 aprilie 2026, \u00een jurul orei 23.00, \u00een Punctul de Trecere a Frontierei Siret, jude\u021bul Suceava, s-a prezentat pe sensul de intrare [&hellip;]<\/p>\n","protected":false},"author":1,"featured_media":0,"comment_status":"open","ping_status":"","sticky":false,"template":"","format":"standard","meta":{"footnotes":""},"categories":[89],"tags":[226,172],"class_list":["post-1887369","post","type-post","status-publish","format-standard","hentry","category-romania","tag-crawlmanager","tag-stirisuceava-net"],"_links":{"self":[{"href":"https:\/\/analyse.optim.biz\/index.php?rest_route=\/wp\/v2\/posts\/1887369","targetHints":{"allow":["GET"]}}],"collection":[{"href":"https:\/\/analyse.optim.biz\/index.php?rest_route=\/wp\/v2\/posts"}],"about":[{"href":"https:\/\/analyse.optim.biz\/index.php?rest_route=\/wp\/v2\/types\/post"}],"author":[{"embeddable":true,"href":"https:\/\/analyse.optim.biz\/index.php?rest_route=\/wp\/v2\/users\/1"}],"replies":[{"embeddable":true,"href":"https:\/\/analyse.optim.biz\/index.php?rest_route=%2Fwp%2Fv2%2Fcomments&post=1887369"}],"version-history":[{"count":0,"href":"https:\/\/analyse.optim.biz\/index.php?rest_route=\/wp\/v2\/posts\/1887369\/revisions"}],"wp:attachment":[{"href":"https:\/\/analyse.optim.biz\/index.php?rest_route=%2Fwp%2Fv2%2Fmedia&parent=1887369"}],"wp:term":[{"taxonomy":"category","embeddable":true,"href":"https:\/\/analyse.optim.biz\/index.php?rest_route=%2Fwp%2Fv2%2Fcategories&post=1887369"},{"taxonomy":"post_tag","embeddable":true,"href":"https:\/\/analyse.optim.biz\/index.php?rest_route=%2Fwp%2Fv2%2Ftags&post=1887369"}],"curies":[{"name":"wp","href":"https:\/\/api.w.org\/{rel}","templated":true}]}}