{"id":188733,"date":"2015-01-07T11:45:03","date_gmt":"2015-01-07T08:45:03","guid":{"rendered":"https:\/\/analyse.optim.biz\/?p=188733"},"modified":"2015-01-07T11:45:03","modified_gmt":"2015-01-07T08:45:03","slug":"klaus-iohannis-despre-decorarea-lui-octav-bjoza-a-fost-un-semnal-care-arata-pretuirea-mea-pentru-fostii-detinuti-politici","status":"publish","type":"post","link":"https:\/\/analyse.optim.biz\/?p=188733","title":{"rendered":"Klaus Iohannis, despre decorarea lui Octav Bjoza: A fost un semnal care arat\u0103 pre\u0163uirea mea pentru fo\u015ftii de\u0163inu\u0163i politici"},"content":{"rendered":"<div class=\"entry data-app-meta data-app-meta-article\" data-embed-base-url-canonical=\"https:\/\/www.digi24.ro\/embed\/stiri\/actualitate\/politica\/klaus-iohannis-despre-decorarea-lui-octav-bjoza-a-fost-un-semnal-care-arata-pretuirea-mea-pentru-fostii-detinuti-politici-343957\">\n<p data-index=\"1\">\u201eEu am \u021binut s\u0103 dau un semnal prin decorare, un semnal care arat\u0103 pre\u021buirea mea pentru fo\u0219tii de\u021binu\u021bi politici. Nu m-am referit doar la cei de\u021binu\u021bi \u00een perioada comunist\u0103, ci \u0219i la cei din timpul Revolu\u021biei. Decora\u021bia s-a dat pre\u0219edintelui asocia\u021biei, un om onorabil.<\/p>\n<p data-index=\"2\">Nu am putut s\u0103 constat, \u0219i nici cei care m-au ajutat \u00een acest demers, vreun semn de \u00eentrebare care ar plana asupra persoanei sau asocia\u021biei. Acuza\u021biile nu mi se par fondate, e foarte u\u0219or de terminat discu\u021bia. Cum poate cineva care pe vremea legionarilor avea 3 ani s\u0103 fie considerat legionar. Nu exist\u0103 niciun temei pentru care s\u0103-l b\u0103nuim pe Bjoza de simpatii doctrinare legionare. Consider c\u0103 a fost un act reparatoriu, asocia\u021bia \u0219i fo\u0219tii de\u021binu\u021bi nu au fost b\u0103ga\u021bi \u00een seam\u0103, dar am considerat c\u0103 e necesar\u0103\u201d.<\/p>\n<p data-index=\"3\">Pre\u0219edintele l-a decorat \u00een a doua zi la Cotroceni pe Octav Bjoza, pre\u0219edintele Asocia\u021biei Fo\u0219tilor De\u021binu\u021bi Politici din Rom\u00e2nia, aceasta fiind prima distinc\u021bie acordat\u0103 de Klaus Iohannis \u00een calitate de \u0219ef al statului.<\/p>\n<p data-index=\"4\">Centrul pentru Monitorizarea \u0219i Combaterea Antisemitismului (MCA Rom\u00e2nia) afirma, \u00eentr-un comunicat, c\u0103 \u201eia act, cu dezam\u0103gire, de decizia Pre\u0219edintelui Rom\u00e2niei, domnul Klaus Iohannis, de a acorda Ordinul National &#8220;Steaua Romaniei&#8221; \u00een grad de Cavaler unui de\u021binut politic care se afi\u0219eaz\u0103 public cu un partid sus\u021bin\u0103tor al Mi\u0219c\u0103rii Legionare \u0219i al neo-nazismului\u201d.<\/p>\n<p data-index=\"5\">Octav Bjoza, pre\u0219edintele Asocia\u021biei Fo\u0219tilor De\u021binu\u021bi Politici din Rom\u00e2nia, s-a declarat uimit de opinia MCA Rom\u00e2nia<\/p>\n<p data-index=\"6\">\u201eEste revolt\u0103tor! Nu am fost, nu sunt \u0219i nu voi fi niciodat\u0103 antisemit. \u00cen temni\u021b\u0103 am fost educat s\u0103 nu privesc oamenii dup\u0103 etnie, culte sau politici. Eram doar lupt\u0103tori anticomuni\u0219ti acolo, nu f\u0103ceam deosebire care este legionar, \u021b\u0103r\u0103nist, cuzist sau c\u0103 n-avea nicio culoare politic\u0103. Sunt \u00eempotriva oric\u0103ror extremisme, fie de st\u00e2nga, fie de dreapta\u201d, a spus Octav Bjoza, potrivit Adev\u0103rul, ad\u0103ug\u00e2nd c\u0103 niciodata nu s-a asociat vreunei mi\u0219c\u0103ri de acest gen.<\/p>\n<\/div>\n<p> Source URL: https:\/\/www.digi24.ro\/stiri\/actualitate\/politica\/klaus-iohannis-despre-decorarea-lui-octav-bjoza-a-fost-un-semnal-care-arata-pretuirea-mea-pentru-fostii-detinuti-politici-343957<\/p>\n","protected":false},"excerpt":{"rendered":"<p>\u201eEu am \u021binut s\u0103 dau un semnal prin decorare, un semnal care arat\u0103 pre\u021buirea mea pentru fo\u0219tii de\u021binu\u021bi politici. Nu m-am referit doar la cei de\u021binu\u021bi \u00een perioada comunist\u0103, ci \u0219i la cei din timpul Revolu\u021biei. Decora\u021bia s-a dat pre\u0219edintelui asocia\u021biei, un om onorabil. Nu am putut s\u0103 constat, \u0219i nici cei care m-au ajutat [&hellip;]<\/p>\n","protected":false},"author":1,"featured_media":188734,"comment_status":"open","ping_status":"","sticky":false,"template":"","format":"standard","meta":{"footnotes":""},"categories":[2],"tags":[11],"class_list":["post-188733","post","type-post","status-publish","format-standard","has-post-thumbnail","hentry","category-politics","tag-digi24"],"_links":{"self":[{"href":"https:\/\/analyse.optim.biz\/index.php?rest_route=\/wp\/v2\/posts\/188733","targetHints":{"allow":["GET"]}}],"collection":[{"href":"https:\/\/analyse.optim.biz\/index.php?rest_route=\/wp\/v2\/posts"}],"about":[{"href":"https:\/\/analyse.optim.biz\/index.php?rest_route=\/wp\/v2\/types\/post"}],"author":[{"embeddable":true,"href":"https:\/\/analyse.optim.biz\/index.php?rest_route=\/wp\/v2\/users\/1"}],"replies":[{"embeddable":true,"href":"https:\/\/analyse.optim.biz\/index.php?rest_route=%2Fwp%2Fv2%2Fcomments&post=188733"}],"version-history":[{"count":0,"href":"https:\/\/analyse.optim.biz\/index.php?rest_route=\/wp\/v2\/posts\/188733\/revisions"}],"wp:featuredmedia":[{"embeddable":true,"href":"https:\/\/analyse.optim.biz\/index.php?rest_route=\/wp\/v2\/media\/188734"}],"wp:attachment":[{"href":"https:\/\/analyse.optim.biz\/index.php?rest_route=%2Fwp%2Fv2%2Fmedia&parent=188733"}],"wp:term":[{"taxonomy":"category","embeddable":true,"href":"https:\/\/analyse.optim.biz\/index.php?rest_route=%2Fwp%2Fv2%2Fcategories&post=188733"},{"taxonomy":"post_tag","embeddable":true,"href":"https:\/\/analyse.optim.biz\/index.php?rest_route=%2Fwp%2Fv2%2Ftags&post=188733"}],"curies":[{"name":"wp","href":"https:\/\/api.w.org\/{rel}","templated":true}]}}