{"id":1887306,"date":"2026-04-16T13:16:29","date_gmt":"2026-04-16T10:16:29","guid":{"rendered":"https:\/\/analyse.optim.biz\/?p=1887306"},"modified":"2026-04-16T13:16:29","modified_gmt":"2026-04-16T10:16:29","slug":"noi-reguli-pentru-salariile-de-la-stat","status":"publish","type":"post","link":"https:\/\/analyse.optim.biz\/?p=1887306","title":{"rendered":"NOI REGULI PENTRU SALARIILE DE LA STAT"},"content":{"rendered":"<p>[analyse_image type=&#8221;featured&#8221; src=&#8221;https:\/\/newss.ro\/wp-content\/uploads\/2024\/11\/bani-calcul.webp&#8221;]<\/p>\n<div class=\"td-post-content\">\n<div class=\"td-post-featured-image\"><a href=\"https:\/\/newss.ro\/wp-content\/uploads\/2024\/11\/bani-calcul.webp\" data-caption><img loading=\"lazy\" decoding=\"async\" width=\"696\" height=\"392\" class=\"entry-thumb td-modal-image\" src=\"https:\/\/newss.ro\/wp-content\/uploads\/2024\/11\/bani-calcul-696x392.webp\" alt title=\"bani calcul\"><\/a><\/div>\n<p>Guvernul preg\u0103te\u015fte noi reguli pentru cre\u015fterea salariilor \u00een sectorul bugetar. Major\u0103rile vor depinde de evolu\u0163ia economiei \u015fi de resursele disponibile. Accentul va fi pus pe reducerea inechit\u0103\u0163ilor din sistem.<\/p>\n<p>Salariile din sistemul public ar urma s\u0103 fie ajustate pe baza unui mecanism corelat cu evolu\u0163ia economic\u0103, infla\u0163ia \u015fi posibilit\u0103\u0163ile bugetare ale statului. Ministrul Muncii,\u00a0Florin Manole, a explicat c\u0103 viitoarele cre\u015fteri vor fi stabilite \u00een colaborare cu Ministerul Finan\u0163elor \u015fi vor \u0163ine cont de indicatori economici relevan\u0163i.<\/p>\n<p>Potrivit acestuia, viitoarele major\u0103ri nu vor fi uniforme, ci vor viza \u00een special angaja\u0163ii cu venituri mici, considera\u0163i cei mai afecta\u0163i de dezechilibrele salariale din sistem.<\/p>\n<p>Principalele cre\u015fteri ar urma s\u0103 fie \u00een zona de baz\u0103, pentru cei care au salariile cele mai mici \u015fi care deseori duc greul at\u00e2t \u00een sistemul de s\u0103n\u0103tate \u015fi \u00een sistemul de educa\u0163ie, \u00een cazul legii salariz\u0103rii.<\/p>\n<p>La r\u00e2ndul s\u0103u, ministrul Fondurilor Europene,\u00a0Drago\u015f P\u00eeslaru, a subliniat importan\u0163a adopt\u0103rii unei noi legi a salariz\u0103rii \u00een acest an, pentru a corecta inechit\u0103\u0163ile din administra\u0163ie.<\/p>\n<p>Proiectul legislativ urmeaz\u0103 s\u0103 fie pus \u00een dezbatere public\u0103 \u00een perioada urm\u0103toare.<\/p>\n<\/div>\n<div class=\"td-post-content\">\n<div class=\"td-post-featured-image\"><a href=\"https:\/\/newss.ro\/wp-content\/uploads\/2024\/11\/bani-calcul.webp\" data-caption><img loading=\"lazy\" decoding=\"async\" width=\"696\" height=\"392\" class=\"entry-thumb td-modal-image\" src=\"https:\/\/newss.ro\/wp-content\/uploads\/2024\/11\/bani-calcul-696x392.webp\" alt title=\"bani calcul\"><\/a><\/div>\n<p>Guvernul preg\u0103te\u015fte noi reguli pentru cre\u015fterea salariilor \u00een sectorul bugetar. Major\u0103rile vor depinde de evolu\u0163ia economiei \u015fi de resursele disponibile. Accentul va fi pus pe reducerea inechit\u0103\u0163ilor din sistem.<\/p>\n<p>Salariile din sistemul public ar urma s\u0103 fie ajustate pe baza unui mecanism corelat cu evolu\u0163ia economic\u0103, infla\u0163ia \u015fi posibilit\u0103\u0163ile bugetare ale statului. Ministrul Muncii,\u00a0Florin Manole, a explicat c\u0103 viitoarele cre\u015fteri vor fi stabilite \u00een colaborare cu Ministerul Finan\u0163elor \u015fi vor \u0163ine cont de indicatori economici relevan\u0163i.<\/p>\n<p>Potrivit acestuia, viitoarele major\u0103ri nu vor fi uniforme, ci vor viza \u00een special angaja\u0163ii cu venituri mici, considera\u0163i cei mai afecta\u0163i de dezechilibrele salariale din sistem.<\/p>\n<p>Principalele cre\u015fteri ar urma s\u0103 fie \u00een zona de baz\u0103, pentru cei care au salariile cele mai mici \u015fi care deseori duc greul at\u00e2t \u00een sistemul de s\u0103n\u0103tate \u015fi \u00een sistemul de educa\u0163ie, \u00een cazul legii salariz\u0103rii.<\/p>\n<p>La r\u00e2ndul s\u0103u, ministrul Fondurilor Europene,\u00a0Drago\u015f P\u00eeslaru, a subliniat importan\u0163a adopt\u0103rii unei noi legi a salariz\u0103rii \u00een acest an, pentru a corecta inechit\u0103\u0163ile din administra\u0163ie.<\/p>\n<p>Proiectul legislativ urmeaz\u0103 s\u0103 fie pus \u00een dezbatere public\u0103 \u00een perioada urm\u0103toare.<\/p>\n<\/div>\n<p>[analyse_source url=&#8221;https:\/\/newss.ro\/2026\/04\/16\/noi-reguli-pentru-salariile-de-la-stat\/&#8221;]<\/p>\n","protected":false},"excerpt":{"rendered":"<p>[analyse_image type=&#8221;featured&#8221; src=&#8221;https:\/\/newss.ro\/wp-content\/uploads\/2024\/11\/bani-calcul.webp&#8221;] Guvernul preg\u0103te\u015fte noi reguli pentru cre\u015fterea salariilor \u00een sectorul bugetar. Major\u0103rile vor depinde de evolu\u0163ia economiei \u015fi de resursele disponibile. Accentul va fi pus pe reducerea inechit\u0103\u0163ilor din sistem. Salariile din sistemul public ar urma s\u0103 fie ajustate pe baza unui mecanism corelat cu evolu\u0163ia economic\u0103, infla\u0163ia \u015fi posibilit\u0103\u0163ile bugetare ale statului. [&hellip;]<\/p>\n","protected":false},"author":1,"featured_media":0,"comment_status":"open","ping_status":"","sticky":false,"template":"","format":"standard","meta":{"footnotes":""},"categories":[2],"tags":[226,73],"class_list":["post-1887306","post","type-post","status-publish","format-standard","hentry","category-politics","tag-crawlmanager","tag-newss-ro"],"_links":{"self":[{"href":"https:\/\/analyse.optim.biz\/index.php?rest_route=\/wp\/v2\/posts\/1887306","targetHints":{"allow":["GET"]}}],"collection":[{"href":"https:\/\/analyse.optim.biz\/index.php?rest_route=\/wp\/v2\/posts"}],"about":[{"href":"https:\/\/analyse.optim.biz\/index.php?rest_route=\/wp\/v2\/types\/post"}],"author":[{"embeddable":true,"href":"https:\/\/analyse.optim.biz\/index.php?rest_route=\/wp\/v2\/users\/1"}],"replies":[{"embeddable":true,"href":"https:\/\/analyse.optim.biz\/index.php?rest_route=%2Fwp%2Fv2%2Fcomments&post=1887306"}],"version-history":[{"count":0,"href":"https:\/\/analyse.optim.biz\/index.php?rest_route=\/wp\/v2\/posts\/1887306\/revisions"}],"wp:attachment":[{"href":"https:\/\/analyse.optim.biz\/index.php?rest_route=%2Fwp%2Fv2%2Fmedia&parent=1887306"}],"wp:term":[{"taxonomy":"category","embeddable":true,"href":"https:\/\/analyse.optim.biz\/index.php?rest_route=%2Fwp%2Fv2%2Fcategories&post=1887306"},{"taxonomy":"post_tag","embeddable":true,"href":"https:\/\/analyse.optim.biz\/index.php?rest_route=%2Fwp%2Fv2%2Ftags&post=1887306"}],"curies":[{"name":"wp","href":"https:\/\/api.w.org\/{rel}","templated":true}]}}