{"id":188722,"date":"2015-01-07T12:11:40","date_gmt":"2015-01-07T09:11:40","guid":{"rendered":"https:\/\/analyse.optim.biz\/?p=188722"},"modified":"2015-01-07T12:11:40","modified_gmt":"2015-01-07T09:11:40","slug":"bugetul-de-aparare-tema-discutiei-pe-care-klaus-iohannis-o-va-avea-cu-liderii-partidelor-parlamentare","status":"publish","type":"post","link":"https:\/\/analyse.optim.biz\/?p=188722","title":{"rendered":"Bugetul de ap\u0103rare, tema discu\u021biei pe care Klaus Iohannis o va avea cu liderii partidelor parlamentare"},"content":{"rendered":"<div class=\"entry data-app-meta data-app-meta-article\" data-embed-base-url-canonical=\"https:\/\/www.digi24.ro\/embed\/stiri\/actualitate\/politica\/bugetul-de-aparare-tema-discutiei-pe-care-klaus-iohannis-o-va-avea-cu-liderii-partidelor-parlamentare-343979\">\n<p data-index=\"1\">\u201e<span><strong>Tema discu\u021biei e bugetul pe ap\u0103rare. Am propus \u00eenc\u0103 de ieri \u2013 este important s\u0103 avem consens politic.<\/strong><\/span><span><strong>Suntem \u00eentr-o zon\u0103 complicat\u0103 din punct de vedere geopolitic, suntem \u00een NATO, am asumat un buget de 2% din PIB, iar acum acest fapt nu e \u00eendeplinit. Nu po\u021bi, \u00een domeniul ap\u0103r\u0103rii \u021b\u0103rii, s\u0103 faci un plan pe 2 ani.<\/strong><\/span><span> E nevoie de un plan pe termen lung, iar pentru asta e nevoie de bani. <\/span><span><strong>Voi propune partidelor s\u0103 ne \u00een\u021belegem c\u0103 vom avea o perioad\u0103 de trecere p\u00e2n\u0103 \u00een 2017, iar din 2017, indiferent cine guverneaz\u0103, s\u0103 aloc\u0103m cel putin 2% din PIB pentru bugetul ap\u0103r\u0103rii.<\/strong><\/span><\/p>\n<p data-index=\"2\">Sper, \u0219i am semnale c\u0103 este un lucru \u00een\u021beles, agreat de partidele politice, dar nu am vrut s\u0103 avem o \u00een\u021belegere f\u0103r\u0103 s\u0103 ne vedem. Pentru asta am f\u0103cut o invita\u021bie, pentru consultare. M\u0103 voi \u00eent\u00e2lni cu to\u021bi, dar separat.\u201d <span lang=\"en-US\">a declarat Klaus Iohannis la Adev<\/span><span>\u0103rul Live.<\/span><\/p>\n<p data-index=\"3\"><a href=\"https:\/\/www.digi24.ro\/Stiri\/Digi24\/Actualitate\/Politica\/Bani+pentru+armata+primul+pact+politic+propus+de+presedinte\" data-skip-linkfix=\"1\"><strong>Bani pentru armat\u0103, primul pact politic propus de pre\u0219edinte<\/strong><\/a><\/p>\n<p data-index=\"4\"><strong><a href=\"https:\/\/www.digi24.ro\/Stiri\/Digi24\/Actualitate\/Politica\/Programul+consultarilor+de+luni+intre+presedintele+Iohannis+si+f\" data-skip-linkfix=\"1\">Programul consult\u0103rilor de luni \u00eentre pre\u015fedintele Iohannis \u015fi forma\u0163iunile parlamentare<\/a><\/strong><\/p>\n<p data-index=\"5\">Pre\u0219edintele Klaus Iohannis spune c\u0103 va cere partidelor s\u0103 semneze \u0219i un document prin care s\u0103 asume acest acord: \u201e<strong>Este uzual, voi propune partidelor s\u0103 ne asum\u0103m aceste lucruri inclusiv \u00een scris<\/strong>\u201d.<\/p>\n<\/div>\n<p> Source URL: https:\/\/www.digi24.ro\/stiri\/actualitate\/politica\/bugetul-de-aparare-tema-discutiei-pe-care-klaus-iohannis-o-va-avea-cu-liderii-partidelor-parlamentare-343979<\/p>\n","protected":false},"excerpt":{"rendered":"<p>\u201eTema discu\u021biei e bugetul pe ap\u0103rare. Am propus \u00eenc\u0103 de ieri \u2013 este important s\u0103 avem consens politic.Suntem \u00eentr-o zon\u0103 complicat\u0103 din punct de vedere geopolitic, suntem \u00een NATO, am asumat un buget de 2% din PIB, iar acum acest fapt nu e \u00eendeplinit. Nu po\u021bi, \u00een domeniul ap\u0103r\u0103rii \u021b\u0103rii, s\u0103 faci un plan pe [&hellip;]<\/p>\n","protected":false},"author":1,"featured_media":188723,"comment_status":"open","ping_status":"","sticky":false,"template":"","format":"standard","meta":{"footnotes":""},"categories":[2],"tags":[11],"class_list":["post-188722","post","type-post","status-publish","format-standard","has-post-thumbnail","hentry","category-politics","tag-digi24"],"_links":{"self":[{"href":"https:\/\/analyse.optim.biz\/index.php?rest_route=\/wp\/v2\/posts\/188722","targetHints":{"allow":["GET"]}}],"collection":[{"href":"https:\/\/analyse.optim.biz\/index.php?rest_route=\/wp\/v2\/posts"}],"about":[{"href":"https:\/\/analyse.optim.biz\/index.php?rest_route=\/wp\/v2\/types\/post"}],"author":[{"embeddable":true,"href":"https:\/\/analyse.optim.biz\/index.php?rest_route=\/wp\/v2\/users\/1"}],"replies":[{"embeddable":true,"href":"https:\/\/analyse.optim.biz\/index.php?rest_route=%2Fwp%2Fv2%2Fcomments&post=188722"}],"version-history":[{"count":0,"href":"https:\/\/analyse.optim.biz\/index.php?rest_route=\/wp\/v2\/posts\/188722\/revisions"}],"wp:featuredmedia":[{"embeddable":true,"href":"https:\/\/analyse.optim.biz\/index.php?rest_route=\/wp\/v2\/media\/188723"}],"wp:attachment":[{"href":"https:\/\/analyse.optim.biz\/index.php?rest_route=%2Fwp%2Fv2%2Fmedia&parent=188722"}],"wp:term":[{"taxonomy":"category","embeddable":true,"href":"https:\/\/analyse.optim.biz\/index.php?rest_route=%2Fwp%2Fv2%2Fcategories&post=188722"},{"taxonomy":"post_tag","embeddable":true,"href":"https:\/\/analyse.optim.biz\/index.php?rest_route=%2Fwp%2Fv2%2Ftags&post=188722"}],"curies":[{"name":"wp","href":"https:\/\/api.w.org\/{rel}","templated":true}]}}