{"id":188711,"date":"2015-01-07T13:02:48","date_gmt":"2015-01-07T10:02:48","guid":{"rendered":"https:\/\/analyse.optim.biz\/?p=188711"},"modified":"2015-01-07T13:02:48","modified_gmt":"2015-01-07T10:02:48","slug":"conditiile-elenei-udrea-pentru-sprijinirea-motiunii-de-cenzura-a-liberalilor-de-catre-pmp","status":"publish","type":"post","link":"https:\/\/analyse.optim.biz\/?p=188711","title":{"rendered":"Condi\u0163iile Elenei Udrea pentru sprijinirea mo\u0163iunii de cenzur\u0103 a liberalilor\u00a0de c\u0103tre PMP"},"content":{"rendered":"<div class=\"entry data-app-meta data-app-meta-article\" data-embed-base-url-canonical=\"https:\/\/www.digi24.ro\/embed\/stiri\/actualitate\/politica\/conditiile-elenei-udrea-pentru-sprijinirea-motiunii-de-cenzura-a-liberalilor-de-catre-pmp-344019\">\n<p data-index=\"1\">\u201e<span>Eu nu sunt foarte sigur\u0103 de sus\u0163inerea pe care ar avea-o un alt <\/span><span lang=\"en-US\">g<\/span><span>uvern din partea domnului Iohannis. Mai degrab\u0103, \u00een lumina acestei rela\u0163ii bune pe care o are cu domnul Ponta, cred c\u0103 s-ar merge pe solu\u0163ia dat\u0103 de doamna Gorghiu, ieri, adic\u0103 un Guvern ceva \u015fi cu <strong>PNL<\/strong> \u015fi cu <strong>PSD<\/strong>, un fel de <\/span><span lang=\"en-US\">g<\/span><span>uvern USL. Deci nu \u015ftiu nici din punct de vedere al sus\u0163inerii \u00een Parlament a unei mo\u0163iuni de cenzur\u0103 dac\u0103 ar putea avea succes aceast\u0103 <strong>mo\u0163iune<\/strong> \u015fi, deci, s-ar schimba guvernarea PSD cu o guvernare PNL, dar nici din punct de vedere al dorin\u0163ei reale a PNL-ului \u015fi a domnului Klaus Iohannis de a face aceast\u0103 schimbare. Oricum, <strong>Partidul Mi\u015fcarea Popular\u0103<\/strong> va sus\u0163ine aceast\u0103 mo\u0163iune. \u00cen m\u0103sura, deci, \u00een care vom reg\u0103si acolo reprezentate \u015fi punctele noastre de vedere legate de proasta guvernare a PSD-ului\u201d, <\/span><span lang=\"en-US\">a spus <a href=\"http:\/\/www.rfi.ro\/stiri-politica-54797-udrea-rfi-pmp-va-sustine-motiunea-cenzura-pnl-dar-o-conditie\" target=\"_blank\" data-skip-linkfix=\"1\" rel=\"noopener\">Elena Udrea, pentru RFI<\/a><\/span><span>.<\/span><\/p>\n<h2 id=\"highlight-344019-1\"><a href=\"https:\/\/www.digi24.ro\/Stiri\/Digi24\/Actualitate\/Politica\/PNL+Programul+de+guvernare+are+termen+de+finalizare+data+de+28+f\" target=\"_blank\" data-skip-linkfix=\"1\" rel=\"noopener\"><span>PNL: Programul de guvernare are termen de finalizare data de 28 februarie. Partidul anun\u021b\u0103 o mo\u021biune de cenzur\u0103<\/span><\/a><\/h2>\n<h2 id=\"highlight-344019-2\"><a href=\"https:\/\/www.digi24.ro\/Stiri\/Digi24\/Actualitate\/Politica\/Reactia+lui+Victor+Ponta+dupa+ce+PNL+a+anuntat+ca+depune+motiune\" target=\"_blank\" data-skip-linkfix=\"1\" rel=\"noopener\"><span>Reac\u021bia lui Victor Ponta dup\u0103 ce PNL a anun\u021bat c\u0103 depune mo\u021biune de cenzur\u0103<\/span><\/a><\/h2>\n<h2 id=\"highlight-344019-3\"><a href=\"https:\/\/www.digi24.ro\/Stiri\/Digi24\/Actualitate\/Politica\/PNL+MOTIUNE+DE+CENZURA+GUVERN+PONTA+ATANASIU\" target=\"_blank\" data-skip-linkfix=\"1\" rel=\"noopener\"><span>PNL pl\u0103nuie\u0219te s\u0103 depun\u0103 mo\u021biunea de cenzur\u0103 c\u00e2nd aceasta \u201e<\/span><span lang=\"en-US\">va avea <\/span><span>\u0219anse reale s\u0103 d\u0103r\u00e2me Guvernul Ponta\u201d<\/span><\/a><\/h2>\n<\/div>\n<p> Source URL: https:\/\/www.digi24.ro\/stiri\/actualitate\/politica\/conditiile-elenei-udrea-pentru-sprijinirea-motiunii-de-cenzura-a-liberalilor-de-catre-pmp-344019<\/p>\n","protected":false},"excerpt":{"rendered":"<p>\u201eEu nu sunt foarte sigur\u0103 de sus\u0163inerea pe care ar avea-o un alt guvern din partea domnului Iohannis. Mai degrab\u0103, \u00een lumina acestei rela\u0163ii bune pe care o are cu domnul Ponta, cred c\u0103 s-ar merge pe solu\u0163ia dat\u0103 de doamna Gorghiu, ieri, adic\u0103 un Guvern ceva \u015fi cu PNL \u015fi cu PSD, un fel [&hellip;]<\/p>\n","protected":false},"author":1,"featured_media":188712,"comment_status":"open","ping_status":"","sticky":false,"template":"","format":"standard","meta":{"footnotes":""},"categories":[2],"tags":[11],"class_list":["post-188711","post","type-post","status-publish","format-standard","has-post-thumbnail","hentry","category-politics","tag-digi24"],"_links":{"self":[{"href":"https:\/\/analyse.optim.biz\/index.php?rest_route=\/wp\/v2\/posts\/188711","targetHints":{"allow":["GET"]}}],"collection":[{"href":"https:\/\/analyse.optim.biz\/index.php?rest_route=\/wp\/v2\/posts"}],"about":[{"href":"https:\/\/analyse.optim.biz\/index.php?rest_route=\/wp\/v2\/types\/post"}],"author":[{"embeddable":true,"href":"https:\/\/analyse.optim.biz\/index.php?rest_route=\/wp\/v2\/users\/1"}],"replies":[{"embeddable":true,"href":"https:\/\/analyse.optim.biz\/index.php?rest_route=%2Fwp%2Fv2%2Fcomments&post=188711"}],"version-history":[{"count":0,"href":"https:\/\/analyse.optim.biz\/index.php?rest_route=\/wp\/v2\/posts\/188711\/revisions"}],"wp:featuredmedia":[{"embeddable":true,"href":"https:\/\/analyse.optim.biz\/index.php?rest_route=\/wp\/v2\/media\/188712"}],"wp:attachment":[{"href":"https:\/\/analyse.optim.biz\/index.php?rest_route=%2Fwp%2Fv2%2Fmedia&parent=188711"}],"wp:term":[{"taxonomy":"category","embeddable":true,"href":"https:\/\/analyse.optim.biz\/index.php?rest_route=%2Fwp%2Fv2%2Fcategories&post=188711"},{"taxonomy":"post_tag","embeddable":true,"href":"https:\/\/analyse.optim.biz\/index.php?rest_route=%2Fwp%2Fv2%2Ftags&post=188711"}],"curies":[{"name":"wp","href":"https:\/\/api.w.org\/{rel}","templated":true}]}}