{"id":188708,"date":"2015-01-07T13:26:10","date_gmt":"2015-01-07T10:26:10","guid":{"rendered":"https:\/\/analyse.optim.biz\/?p=188708"},"modified":"2015-01-07T13:26:10","modified_gmt":"2015-01-07T10:26:10","slug":"klaus-iohannis-sper-ca-aderarea-la-schengen-sa-se-rezolve-intr-un-termen-rezonabil","status":"publish","type":"post","link":"https:\/\/analyse.optim.biz\/?p=188708","title":{"rendered":"Klaus Iohannis: Sper ca aderarea la Schengen s\u0103 se rezolve \u00eentr-un termen rezonabil"},"content":{"rendered":"<div class=\"entry data-app-meta data-app-meta-article\" data-embed-base-url-canonical=\"https:\/\/www.digi24.ro\/embed\/stiri\/actualitate\/politica\/klaus-iohannis-sper-ca-aderarea-la-schengen-sa-se-rezolve-intr-un-termen-rezonabil-344058\">\n<p data-index=\"1\"><img decoding=\"async\" src=\"https:\/\/analyse.optim.biz\/wp-content\/uploads\/2024\/09\/odawjmhhc2g9ndm0otixnwywyjy1n2m3yjawmziwmgzhmtbintg4mwq-thumb_.jpg\" data-skip-htmlfix=\"1\" title=\"odawjmhhc2g9ndm0otixnwywyjy1n2m3yjawmziwmgzhmtbintg4mwq-thumb_\"><\/p>\n<p data-index=\"2\">Klaus Iohannis<span>\u00a0a declarat, miercuri, la\u00a0Adev\u0103rul Live, c\u0103 \u00een cadrul \u00eentrevederilor cu oficiali europeni va aborda \u015fi chestiunea ader\u0103rii Rom\u00e2niei la Spa\u0163iul Schengen.\u00a0<\/span>\u201e<strong>Nu pot s\u0103 spun eu acum c\u0103 se va tran\u015fa chestiunea \u00een\u00a02015\u00a0sau nu.<\/strong> Dar pot s\u0103 v\u0103 spun sigur c\u0103 la fiecare discu\u0163ie voi ridica problema \u015fi sper s\u0103 se rezolve \u00eentr-un termen rezonabil\u201d, a afirmat Iohannis.<\/p>\n<p data-index=\"3\"><strong>\u00centrebat dac\u0103 are semnale privind sprijinirea Rom\u00e2niei \u00een vederea ader\u0103rii, Klaus Iohannis a precizat c\u0103<\/strong>\u00a0\u201e\u00eentotdeauna au fost \u0163\u0103ri care au sprijinit Rom\u00e2nia, chiar foarte vocal \u00een acest demers, \u015fi au fost \u0163\u0103ri care au fost mai re\u0163inute \u015fi unii chiar au spus c\u0103 Rom\u00e2nia \u00eenc\u0103 nu \u00eendepline\u015fte toate criteriile\u201d.<\/p>\n<p data-index=\"4\">\u201eCu toat\u0103 lumea trebuie discutat\u0103 chestiunea, trebuie v\u0103zut dac\u0103 noi \u00eentr-adev\u0103r trebuie s\u0103 mai \u00eembun\u0103t\u0103\u0163im ceva sau dac\u0103 este doar o chestiune de negociere diplomatic\u0103. Aceste lucruri o s\u0103 le \u015ftim mai bine, dup\u0103 ce voi avea discu\u0163ii cu to\u0163i partenerii\u201d, a spus Iohannis.<\/p>\n<p data-index=\"5\"><strong>Totodat\u0103, pre\u015fedintele a mai spus c\u0103 va reitera \u00een toate discu\u0163iile pozi\u0163ia sa \u00eempotriva unei Europe \u201ecu dou\u0103 viteze\u201d.<\/strong><\/p>\n<p data-index=\"6\">\u201eSe vede mai ales \u00een aceast\u0103 situa\u0163ie geopolitic\u0103 complicat\u0103 c\u0103 lucrurile au \u00eenceput s\u0103 se rezolve bine c\u00e2nd Europa a \u00eenceput s\u0103 vorbeasc\u0103 pe o voce. Pe de alt\u0103 parte, trebuie s\u0103 fim reali\u015fti. Din punct de vedere economic, social \u015fi a\u015fa mai departe sunt diferen\u0163e mari \u00eentre \u0163\u0103ri din cadrul UE, dar asta nu \u00eenseamn\u0103 c\u0103 trebuie s\u0103 statu\u0103m un principiu al Europei cu dou\u0103 viteze, dimpotriv\u0103, trebuie toat\u0103 lumea s\u0103 fac\u0103 tot ce trebuie pentru a elimina aceste discrepan\u0163e \u015fi pentru a avea o Europ\u0103 \u00eentr-adev\u0103r unit\u0103&#8221;, a subliniat Iohannis.<\/p>\n<div id=\"zc_site_640x160_adtext\" dir=\"LTR\">\n<p data-index=\"7\">\n<\/div>\n<\/div>\n<p> Source URL: https:\/\/www.digi24.ro\/stiri\/actualitate\/politica\/klaus-iohannis-sper-ca-aderarea-la-schengen-sa-se-rezolve-intr-un-termen-rezonabil-344058<\/p>\n","protected":false},"excerpt":{"rendered":"<p>Klaus Iohannis\u00a0a declarat, miercuri, la\u00a0Adev\u0103rul Live, c\u0103 \u00een cadrul \u00eentrevederilor cu oficiali europeni va aborda \u015fi chestiunea ader\u0103rii Rom\u00e2niei la Spa\u0163iul Schengen.\u00a0\u201eNu pot s\u0103 spun eu acum c\u0103 se va tran\u015fa chestiunea \u00een\u00a02015\u00a0sau nu. Dar pot s\u0103 v\u0103 spun sigur c\u0103 la fiecare discu\u0163ie voi ridica problema \u015fi sper s\u0103 se rezolve \u00eentr-un termen rezonabil\u201d, [&hellip;]<\/p>\n","protected":false},"author":1,"featured_media":188709,"comment_status":"open","ping_status":"","sticky":false,"template":"","format":"standard","meta":{"footnotes":""},"categories":[2],"tags":[11],"class_list":["post-188708","post","type-post","status-publish","format-standard","has-post-thumbnail","hentry","category-politics","tag-digi24"],"_links":{"self":[{"href":"https:\/\/analyse.optim.biz\/index.php?rest_route=\/wp\/v2\/posts\/188708","targetHints":{"allow":["GET"]}}],"collection":[{"href":"https:\/\/analyse.optim.biz\/index.php?rest_route=\/wp\/v2\/posts"}],"about":[{"href":"https:\/\/analyse.optim.biz\/index.php?rest_route=\/wp\/v2\/types\/post"}],"author":[{"embeddable":true,"href":"https:\/\/analyse.optim.biz\/index.php?rest_route=\/wp\/v2\/users\/1"}],"replies":[{"embeddable":true,"href":"https:\/\/analyse.optim.biz\/index.php?rest_route=%2Fwp%2Fv2%2Fcomments&post=188708"}],"version-history":[{"count":0,"href":"https:\/\/analyse.optim.biz\/index.php?rest_route=\/wp\/v2\/posts\/188708\/revisions"}],"wp:featuredmedia":[{"embeddable":true,"href":"https:\/\/analyse.optim.biz\/index.php?rest_route=\/wp\/v2\/media\/188709"}],"wp:attachment":[{"href":"https:\/\/analyse.optim.biz\/index.php?rest_route=%2Fwp%2Fv2%2Fmedia&parent=188708"}],"wp:term":[{"taxonomy":"category","embeddable":true,"href":"https:\/\/analyse.optim.biz\/index.php?rest_route=%2Fwp%2Fv2%2Fcategories&post=188708"},{"taxonomy":"post_tag","embeddable":true,"href":"https:\/\/analyse.optim.biz\/index.php?rest_route=%2Fwp%2Fv2%2Ftags&post=188708"}],"curies":[{"name":"wp","href":"https:\/\/api.w.org\/{rel}","templated":true}]}}