{"id":188705,"date":"2015-01-07T15:36:22","date_gmt":"2015-01-07T12:36:22","guid":{"rendered":"https:\/\/analyse.optim.biz\/?p=188705"},"modified":"2015-01-07T15:36:22","modified_gmt":"2015-01-07T12:36:22","slug":"reactia-elenei-udrea-dupa-ce-mii-de-copii-au-primit-somatii-de-la-fisc-ponta-creste-alocatiile-pentru-copii-impozitandu-le","status":"publish","type":"post","link":"https:\/\/analyse.optim.biz\/?p=188705","title":{"rendered":"Reac\u021bia Elenei Udrea, dup\u0103 ce mii de copii au primit soma\u0163ii de la Fisc: \u201ePonta cre\u0219te aloca\u021biile pentru copii impozit\u00e2ndu-le\u201d"},"content":{"rendered":"<div class=\"entry data-app-meta data-app-meta-article\" data-embed-base-url-canonical=\"https:\/\/www.digi24.ro\/embed\/stiri\/actualitate\/politica\/reactia-elenei-udrea-dupa-ce-mii-de-copii-au-primit-somatii-de-la-fisc-ponta-creste-alocatiile-pentru-copii-impozitandu-le-344169\">\n<p data-index=\"1\"><img decoding=\"async\" src=\"https:\/\/analyse.optim.biz\/wp-content\/uploads\/2024\/09\/ptgwmczoyxnoptjlnjeymtuxnzc1zde3mdzizdk1ntdknjfmzdjiodll-thumb_.jpg\" data-skip-htmlfix=\"1\" title=\"ptgwmczoyxnoptjlnjeymtuxnzc1zde3mdzizdk1ntdknjfmzdjiodll-thumb_\"><\/p>\n<p data-index=\"2\">Mii de copii au primit soma\u0163ii de la Fisc s\u0103-\u015fi pl\u0103teasc\u0103 taxele la stat. <a href=\"https:\/\/www.digi24.ro\/Stiri\/Digi24\/Actualitate\/Social\/Impozitul+pe+alocatii+suspendat+de+ANAF+Victor+Ponta+Pana+maine+\" target=\"_blank\" data-skip-linkfix=\"1\" rel=\"noopener\">Conducerea ANAF a transmis c\u0103tre unit\u0103\u021bile de administrare fiscal\u0103 o circular\u0103 prin care s-a suspendat regularizarea contribu\u021biilor de asigur\u0103ri sociale de s\u0103n\u0103tate (CASS) pentru veniturile ob\u021binute din dob\u00e2nda bonificat\u0103 de b\u0103nci pentru aloca\u021biile de stat pentru copii neridicate din conturile bancare.<\/a><\/p>\n<p data-index=\"3\">Pre\u0219edintele PMP, Elena Udrea, nu a ratat aceast\u0103 ocazie \u0219i l-a criticat din nou pe Victor Ponta. \u201ePonta cre\u0219te aloca\u021biile pentru copii impozit\u00e2ndu-le. <strong>\u00cen plin\u0103 campanie electoral\u0103, Victor Ponta \u0219i Rovana Plumb anun\u021bau dublarea aloca\u021biilor pentru copiii din familiile defavorizate.<\/strong> Motiv de \u00eemp\u0103unare politic\u0103, dar \u0219i de culegere de voturi. Anun\u021bau c\u0103 majorarea intr\u0103 \u00een vigoare de la 1 noiembrie 2014.<strong> Ce afl\u0103m ast\u0103zi? C\u0103 mii de copii din jude\u021bul Arge\u0219 sunt impozita\u021bi de guvernul Ponta: din 42 de lei c\u00e2t primesc aloca\u021bie, trebuie s\u0103 returneze statului 39 lei ca impozit.<\/strong> Arge\u0219ul este o zon\u0103 aflat\u0103 de 20 de ani sub influen\u021ba aceluia\u0219i partid, ascuns sub diverse denumiri \u2013 PSD\u201d, a scris Elena Udrea pe pagina sa de Facebook.<\/p>\n<p data-index=\"4\">Aceasta a mai scris c\u0103 jude\u021bul Arge\u0219 este un jude\u021b \u00een care tr\u0103iesc familii cu venituri reduse, \u201emulte dintre ele baz\u00e2ndu-se pe aloca\u021biile de stat pentru copii\u201d.<\/p>\n<p data-index=\"5\">\u201e<strong>Pentru acestea, dublarea aloca\u021biilor era o bucurie. Nu meritau s\u0103 fie am\u0103gi\u021bi de Victor Ponta.<\/strong> S\u0103 se foloseasc\u0103 p\u00e2n\u0103 \u0219i de copiii cei mai s\u0103raci din Rom\u00e2nia doar de dragul de a ob\u021bine voturile p\u0103rin\u021bilor sau apar\u021bin\u0103torilor acestora e \u00eenjositor\u201d, a conchis Elena Udrea.\u00a0<\/p>\n<h5><a href=\"https:\/\/www.digi24.ro\/Stiri\/Digi24\/Actualitate\/Social\/Impozit+pe+alocatie+Mii+de+copii+unii+cu+handicap+au+primit+soma\" data-skip-linkfix=\"1\"><span>Impozit pe aloca\u021bia de 42 de lei a copiilor. Reac\u021bia ANAF Alba<\/span><\/a><\/h5>\n<h5><a href=\"https:\/\/www.digi24.ro\/Stiri\/Digi24\/Actualitate\/Social\/Purtatorul+de+cuvant+ANAF+Alba+Au+fost+impozitate+veniturile+din\" data-skip-linkfix=\"1\"><span>Purt\u0103torul de cuv\u00e2nt ANAF Alba: Au fost impozitate veniturile din depozitele bancare, nu aloca\u021biile copiilor. Softul nu are nicio excep\u021bie inclus\u0103<\/span><\/a><\/h5>\n<h5><a href=\"https:\/\/www.digi24.ro\/Stiri\/Digi24\/Actualitate\/Social\/Anomalia+taxelor+pe+alocatiile+minorilor+ii+afecteaza+si+pe+memb\" data-skip-linkfix=\"1\"><span>Anomalia taxelor privind aloca\u021biile minorilor \u00eei afecteaz\u0103 \u0219i pe membrii comisiilor de la alegerile din 2012<\/span><\/a><\/h5>\n<\/div>\n<p> Source URL: https:\/\/www.digi24.ro\/stiri\/actualitate\/politica\/reactia-elenei-udrea-dupa-ce-mii-de-copii-au-primit-somatii-de-la-fisc-ponta-creste-alocatiile-pentru-copii-impozitandu-le-344169<\/p>\n","protected":false},"excerpt":{"rendered":"<p>Mii de copii au primit soma\u0163ii de la Fisc s\u0103-\u015fi pl\u0103teasc\u0103 taxele la stat. Conducerea ANAF a transmis c\u0103tre unit\u0103\u021bile de administrare fiscal\u0103 o circular\u0103 prin care s-a suspendat regularizarea contribu\u021biilor de asigur\u0103ri sociale de s\u0103n\u0103tate (CASS) pentru veniturile ob\u021binute din dob\u00e2nda bonificat\u0103 de b\u0103nci pentru aloca\u021biile de stat pentru copii neridicate din conturile bancare. [&hellip;]<\/p>\n","protected":false},"author":1,"featured_media":188706,"comment_status":"open","ping_status":"","sticky":false,"template":"","format":"standard","meta":{"footnotes":""},"categories":[2],"tags":[11],"class_list":["post-188705","post","type-post","status-publish","format-standard","has-post-thumbnail","hentry","category-politics","tag-digi24"],"_links":{"self":[{"href":"https:\/\/analyse.optim.biz\/index.php?rest_route=\/wp\/v2\/posts\/188705","targetHints":{"allow":["GET"]}}],"collection":[{"href":"https:\/\/analyse.optim.biz\/index.php?rest_route=\/wp\/v2\/posts"}],"about":[{"href":"https:\/\/analyse.optim.biz\/index.php?rest_route=\/wp\/v2\/types\/post"}],"author":[{"embeddable":true,"href":"https:\/\/analyse.optim.biz\/index.php?rest_route=\/wp\/v2\/users\/1"}],"replies":[{"embeddable":true,"href":"https:\/\/analyse.optim.biz\/index.php?rest_route=%2Fwp%2Fv2%2Fcomments&post=188705"}],"version-history":[{"count":0,"href":"https:\/\/analyse.optim.biz\/index.php?rest_route=\/wp\/v2\/posts\/188705\/revisions"}],"wp:featuredmedia":[{"embeddable":true,"href":"https:\/\/analyse.optim.biz\/index.php?rest_route=\/wp\/v2\/media\/188706"}],"wp:attachment":[{"href":"https:\/\/analyse.optim.biz\/index.php?rest_route=%2Fwp%2Fv2%2Fmedia&parent=188705"}],"wp:term":[{"taxonomy":"category","embeddable":true,"href":"https:\/\/analyse.optim.biz\/index.php?rest_route=%2Fwp%2Fv2%2Fcategories&post=188705"},{"taxonomy":"post_tag","embeddable":true,"href":"https:\/\/analyse.optim.biz\/index.php?rest_route=%2Fwp%2Fv2%2Ftags&post=188705"}],"curies":[{"name":"wp","href":"https:\/\/api.w.org\/{rel}","templated":true}]}}