{"id":1887044,"date":"2026-04-17T07:56:47","date_gmt":"2026-04-17T04:56:47","guid":{"rendered":"https:\/\/analyse.optim.biz\/?p=1887044"},"modified":"2026-04-17T07:56:47","modified_gmt":"2026-04-17T04:56:47","slug":"un-vis-devenit-realitate-la-suceava-expozitia-stefan-luchian-un-artist-universal-va-fi-deschisa-publicului-pe-22-aprilie","status":"publish","type":"post","link":"https:\/\/analyse.optim.biz\/?p=1887044","title":{"rendered":"Un vis devenit realitate la Suceava: Expozi\u021bia \u201e\u0218tefan Luchian \u2013 un artist universal\u201d va fi deschis\u0103 publicului pe 22 aprilie"},"content":{"rendered":"<p>[analyse_image type=&#8221;featured&#8221; src=&#8221;https:\/\/www.newsbucovina.ro\/wp-content\/uploads\/2026\/04\/afis-Luchian-1.jpghttps:\/\/cdn.newsbucovina.ro\/wp-content\/uploads\/2026\/04\/afis-Luchian-1.jpg&#8221;]<\/p>\n<div class=\"td-post-content tagdiv-type\">\n<div class=\"td-a-rec td-a-rec-id-content_top  tdi_3 td_block_template_1\"><strong>Intr\u0103 acum \u0219i \u00een grupul de <\/p>\n<div class=\"wp-block-button\"><a class=\"wp-block-button__link wp-element-button\" href=\"https:\/\/t.me\/+TH8wcfnp8fw5NWI0\">Telegram News Bucovina<\/a><\/div>\n<p><\/strong><\/div>\n<p>Muzeul Na\u021bional al Bucovinei organizeaz\u0103, \u00een colaborare cu unele dintre cele mai prestigioase institu\u021bii muzeale \u0219i galerii din Rom\u00e2nia-Muzeul Na\u021bional de Art\u0103 al Rom\u00e2niei, Complexul Muzeal Na\u021bional \u201eMoldova\u201d Ia\u0219i, Muzeul Na\u021bional Brukenthal, Muzeul Jude\u021bean de Art\u0103 Prahova \u201eIon Ionescu-Quintus\u201d, Funda\u021bia Jean Louis Calderon \u2013 Galeriile Cornel Florea \u0219i Funda\u021bia pentru Art\u0103, Natur\u0103 \u0219i Societate- o expozi\u021bie-eveniment dedicat\u0103 unuia dintre cei mai importan\u021bi pictori rom\u00e2ni: <strong>\u201e\u0218tefan Luchian \u2013 un artist universal\u201d<\/strong>.<\/p>\n<div class=\"wp-block-image\">\n<figure class=\"aligncenter size-large\"><a href=\"https:\/\/cdn.newsbucovina.ro\/wp-content\/uploads\/2026\/04\/afis-Luchian.jpg\"><img loading=\"lazy\" decoding=\"async\" width=\"729\" height=\"1024\" src=\"https:\/\/cdn.newsbucovina.ro\/wp-content\/uploads\/2026\/04\/afis-Luchian-729x1024.jpg\" alt class=\"wp-image-436368\"><\/a><\/figure>\n<\/div>\n<p>Vernisajul va avea loc <strong>miercuri, 22 aprilie 2026, ora 13:00<\/strong>, la sediul Muzeului Na\u021bional al Bucovinei (Muzeul de Istorie Suceava). Expozi\u021bia reprezint\u0103 prima manifestare de o asemenea anvergur\u0103 dedicat\u0103 lui \u0218tefan Luchian la Suceava, cel pu\u021bin \u00een ultimii 50 de ani.<\/p>\n<p>Curatoriat\u0103 \u0219i prezentat\u0103 de galeristul, colec\u021bionarul \u0219i expertul de art\u0103 <strong>Damian Florea<\/strong>, expozi\u021bia reune\u0219te <strong>42 de lucr\u0103ri<\/strong> realizate \u00een diferite tehnici \u0219i pe diverse suporturi: flori, peisaje, portrete \u0219i naturi statice. Acestea acoper\u0103 o mare parte din crea\u021bia artistului \u0219i \u00eencearc\u0103 s\u0103 eviden\u021bieze dimensiunea interna\u021bional\u0103 a operei sale.<\/p>\n<p>\u0218tefan Luchian (1868\u20131916), continuator al tradi\u021biei inaugurate de Nicolae Grigorescu \u0219i Ion Andreescu, este considerat un remarcabil reprezentant al artei moderne rom\u00e2ne\u0219ti. Arta sa, rafinat\u0103 \u0219i profund expresiv\u0103, eman\u0103 un umanism cald \u0219i o sensibilitate aparte. Prin opera sa, Luchian a marcat profund pictura rom\u00e2neasc\u0103 de la \u00eenceputul secolului al XX-lea.<\/p>\n<p>\u201eOricum, pictura noastr\u0103 nu se prea deosebe\u0219te de cea str\u0103in\u0103 \u0219i eu cred c\u0103 e aproape fatal s\u0103 fie a\u0219a. Graiul picturii e o limb\u0103 universal\u0103; doar felul de concep\u021bie \u0219i culoarea local\u0103 ne mai deosebesc pu\u021bin \u2013 dar prea pu\u021bin\u201d, afirma marele artist. Cit\u00e2ndu-l, curatorul Damian Florea subliniaz\u0103: \u201ePe de o parte, el recunoa\u0219te apartenen\u021ba la un limbaj universal al picturii \u2013 ceea ce \u00eel plaseaz\u0103 implicit \u00een acela\u0219i c\u00e2mp de legitimitate cu marile direc\u021bii europene. Pe de alt\u0103 parte, introduce acea diferen\u021b\u0103 subtil\u0103, dar esen\u021bial\u0103: &lt;felul de concep\u021bie&gt; \u0219i &lt;culoarea local\u0103&gt;; nu ruptura, nu excep\u021bionalismul ostentativ, ci diferen\u021ba fin\u0103, aproape imperceptibil\u0103 \u2013 acolo se joac\u0103 identitatea.\u201d<\/p>\n<p>Expozi\u021bia va fi \u00eenso\u021bit\u0103 de un catalog bilingv, bine documentat \u0219i bogat ilustrat, semnat de Damian Florea.<\/p>\n<p>Proiectul este aprobat \u0219i finan\u021bat de <strong>Consiliul Jude\u021bean Suceava<\/strong>.<\/p>\n<div class=\"td-a-rec td-a-rec-id-content_bottom  tdi_4 td_block_template_1\"><strong>Intr\u0103 acum \u0219i \u00een grupul de <\/p>\n<div class=\"wp-block-button\"><a class=\"wp-block-button__link wp-element-button\" href=\"https:\/\/t.me\/+TH8wcfnp8fw5NWI0\">Telegram News Bucovina<\/a><\/div>\n<p><\/strong><\/div>\n<\/div>\n<div class=\"td-post-content tagdiv-type\">\n<div class=\"td-a-rec td-a-rec-id-content_top  tdi_3 td_block_template_1\"><strong>Intr\u0103 acum \u0219i \u00een grupul de <\/p>\n<div class=\"wp-block-button\"><a class=\"wp-block-button__link wp-element-button\" href=\"https:\/\/t.me\/+TH8wcfnp8fw5NWI0\">Telegram News Bucovina<\/a><\/div>\n<p><\/strong><\/div>\n<p>Muzeul Na\u021bional al Bucovinei organizeaz\u0103, \u00een colaborare cu unele dintre cele mai prestigioase institu\u021bii muzeale \u0219i galerii din Rom\u00e2nia-Muzeul Na\u021bional de Art\u0103 al Rom\u00e2niei, Complexul Muzeal Na\u021bional \u201eMoldova\u201d Ia\u0219i, Muzeul Na\u021bional Brukenthal, Muzeul Jude\u021bean de Art\u0103 Prahova \u201eIon Ionescu-Quintus\u201d, Funda\u021bia Jean Louis Calderon \u2013 Galeriile Cornel Florea \u0219i Funda\u021bia pentru Art\u0103, Natur\u0103 \u0219i Societate- o expozi\u021bie-eveniment dedicat\u0103 unuia dintre cei mai importan\u021bi pictori rom\u00e2ni: <strong>\u201e\u0218tefan Luchian \u2013 un artist universal\u201d<\/strong>.<\/p>\n<div class=\"wp-block-image\">\n<figure class=\"aligncenter size-large\"><a href=\"https:\/\/cdn.newsbucovina.ro\/wp-content\/uploads\/2026\/04\/afis-Luchian.jpg\"><img loading=\"lazy\" decoding=\"async\" width=\"729\" height=\"1024\" src=\"https:\/\/cdn.newsbucovina.ro\/wp-content\/uploads\/2026\/04\/afis-Luchian-729x1024.jpg\" alt class=\"wp-image-436368\"><\/a><\/figure>\n<\/div>\n<p>Vernisajul va avea loc <strong>miercuri, 22 aprilie 2026, ora 13:00<\/strong>, la sediul Muzeului Na\u021bional al Bucovinei (Muzeul de Istorie Suceava). Expozi\u021bia reprezint\u0103 prima manifestare de o asemenea anvergur\u0103 dedicat\u0103 lui \u0218tefan Luchian la Suceava, cel pu\u021bin \u00een ultimii 50 de ani.<\/p>\n<p>Curatoriat\u0103 \u0219i prezentat\u0103 de galeristul, colec\u021bionarul \u0219i expertul de art\u0103 <strong>Damian Florea<\/strong>, expozi\u021bia reune\u0219te <strong>42 de lucr\u0103ri<\/strong> realizate \u00een diferite tehnici \u0219i pe diverse suporturi: flori, peisaje, portrete \u0219i naturi statice. Acestea acoper\u0103 o mare parte din crea\u021bia artistului \u0219i \u00eencearc\u0103 s\u0103 eviden\u021bieze dimensiunea interna\u021bional\u0103 a operei sale.<\/p>\n<p>\u0218tefan Luchian (1868\u20131916), continuator al tradi\u021biei inaugurate de Nicolae Grigorescu \u0219i Ion Andreescu, este considerat un remarcabil reprezentant al artei moderne rom\u00e2ne\u0219ti. Arta sa, rafinat\u0103 \u0219i profund expresiv\u0103, eman\u0103 un umanism cald \u0219i o sensibilitate aparte. Prin opera sa, Luchian a marcat profund pictura rom\u00e2neasc\u0103 de la \u00eenceputul secolului al XX-lea.<\/p>\n<p>\u201eOricum, pictura noastr\u0103 nu se prea deosebe\u0219te de cea str\u0103in\u0103 \u0219i eu cred c\u0103 e aproape fatal s\u0103 fie a\u0219a. Graiul picturii e o limb\u0103 universal\u0103; doar felul de concep\u021bie \u0219i culoarea local\u0103 ne mai deosebesc pu\u021bin \u2013 dar prea pu\u021bin\u201d, afirma marele artist. Cit\u00e2ndu-l, curatorul Damian Florea subliniaz\u0103: \u201ePe de o parte, el recunoa\u0219te apartenen\u021ba la un limbaj universal al picturii \u2013 ceea ce \u00eel plaseaz\u0103 implicit \u00een acela\u0219i c\u00e2mp de legitimitate cu marile direc\u021bii europene. Pe de alt\u0103 parte, introduce acea diferen\u021b\u0103 subtil\u0103, dar esen\u021bial\u0103: &lt;felul de concep\u021bie&gt; \u0219i &lt;culoarea local\u0103&gt;; nu ruptura, nu excep\u021bionalismul ostentativ, ci diferen\u021ba fin\u0103, aproape imperceptibil\u0103 \u2013 acolo se joac\u0103 identitatea.\u201d<\/p>\n<p>Expozi\u021bia va fi \u00eenso\u021bit\u0103 de un catalog bilingv, bine documentat \u0219i bogat ilustrat, semnat de Damian Florea.<\/p>\n<p>Proiectul este aprobat \u0219i finan\u021bat de <strong>Consiliul Jude\u021bean Suceava<\/strong>.<\/p>\n<div class=\"td-a-rec td-a-rec-id-content_bottom  tdi_4 td_block_template_1\"><strong>Intr\u0103 acum \u0219i \u00een grupul de <\/p>\n<div class=\"wp-block-button\"><a class=\"wp-block-button__link wp-element-button\" href=\"https:\/\/t.me\/+TH8wcfnp8fw5NWI0\">Telegram News Bucovina<\/a><\/div>\n<p><\/strong><\/div>\n<\/div>\n<p>[analyse_source url=&#8221;https:\/\/www.newsbucovina.ro\/evenimente\/436367\/un-vis-devenit-realitate-la-suceava-expozitia-stefan-luchian-un-artist-universal-va-fi-deschisa-publicului-pe-22-aprilie&#8221;]<\/p>\n","protected":false},"excerpt":{"rendered":"<p>[analyse_image type=&#8221;featured&#8221; src=&#8221;https:\/\/www.newsbucovina.ro\/wp-content\/uploads\/2026\/04\/afis-Luchian-1.jpghttps:\/\/cdn.newsbucovina.ro\/wp-content\/uploads\/2026\/04\/afis-Luchian-1.jpg&#8221;] Intr\u0103 acum \u0219i \u00een grupul de Telegram News Bucovina Muzeul Na\u021bional al Bucovinei organizeaz\u0103, \u00een colaborare cu unele dintre cele mai prestigioase institu\u021bii muzeale \u0219i galerii din Rom\u00e2nia-Muzeul Na\u021bional de Art\u0103 al Rom\u00e2niei, Complexul Muzeal Na\u021bional \u201eMoldova\u201d Ia\u0219i, Muzeul Na\u021bional Brukenthal, Muzeul Jude\u021bean de Art\u0103 Prahova \u201eIon Ionescu-Quintus\u201d, Funda\u021bia Jean Louis Calderon [&hellip;]<\/p>\n","protected":false},"author":1,"featured_media":0,"comment_status":"open","ping_status":"","sticky":false,"template":"","format":"standard","meta":{"footnotes":""},"categories":[89],"tags":[226,165],"class_list":["post-1887044","post","type-post","status-publish","format-standard","hentry","category-romania","tag-crawlmanager","tag-newsbucovina-ro"],"_links":{"self":[{"href":"https:\/\/analyse.optim.biz\/index.php?rest_route=\/wp\/v2\/posts\/1887044","targetHints":{"allow":["GET"]}}],"collection":[{"href":"https:\/\/analyse.optim.biz\/index.php?rest_route=\/wp\/v2\/posts"}],"about":[{"href":"https:\/\/analyse.optim.biz\/index.php?rest_route=\/wp\/v2\/types\/post"}],"author":[{"embeddable":true,"href":"https:\/\/analyse.optim.biz\/index.php?rest_route=\/wp\/v2\/users\/1"}],"replies":[{"embeddable":true,"href":"https:\/\/analyse.optim.biz\/index.php?rest_route=%2Fwp%2Fv2%2Fcomments&post=1887044"}],"version-history":[{"count":0,"href":"https:\/\/analyse.optim.biz\/index.php?rest_route=\/wp\/v2\/posts\/1887044\/revisions"}],"wp:attachment":[{"href":"https:\/\/analyse.optim.biz\/index.php?rest_route=%2Fwp%2Fv2%2Fmedia&parent=1887044"}],"wp:term":[{"taxonomy":"category","embeddable":true,"href":"https:\/\/analyse.optim.biz\/index.php?rest_route=%2Fwp%2Fv2%2Fcategories&post=1887044"},{"taxonomy":"post_tag","embeddable":true,"href":"https:\/\/analyse.optim.biz\/index.php?rest_route=%2Fwp%2Fv2%2Ftags&post=1887044"}],"curies":[{"name":"wp","href":"https:\/\/api.w.org\/{rel}","templated":true}]}}