{"id":1887014,"date":"2026-04-17T07:53:18","date_gmt":"2026-04-17T04:53:18","guid":{"rendered":"https:\/\/analyse.optim.biz\/?p=1887014"},"modified":"2026-04-17T07:53:18","modified_gmt":"2026-04-17T04:53:18","slug":"sfarsitul-de-saptamana-sub-semnul-ploilor-torentiale","status":"publish","type":"post","link":"https:\/\/analyse.optim.biz\/?p=1887014","title":{"rendered":"Sf\u00e2r\u0219itul de s\u0103pt\u0103m\u00e2n\u0103, sub semnul ploilor toren\u021biale"},"content":{"rendered":"<p>[analyse_image type=&#8221;featured&#8221; src=&#8221;https:\/\/sansanews.ro\/wp-content\/uploads\/2021\/06\/ploi.jpghttps:\/\/sansanews.ro\/wp-content\/uploads\/2021\/06\/ploi.jpg&#8221;]<\/p>\n<div class=\"entry-content herald-entry-content\">\n<p>Se schimb\u0103<br \/>\nvremea la sf\u00e2r\u0219it de s\u0103pt\u0103m\u00e2n\u0103. Dup\u0103 c\u00e2teva zile cu soare \u0219i temperaturi<br \/>\npl\u0103cute, de ast\u0103zi, 17 aprilie, revin ploile toren\u021biale \u0219i intensific\u0103rile de<br \/>\nv\u00e2nt.<\/p>\n<div class=\"wp-block-image\">\n<figure class=\"alignleft is-resized\"><img loading=\"lazy\" decoding=\"async\" src=\"https:\/\/sansanews.ro\/wp-content\/uploads\/2026\/04\/cod-1.png\" alt class=\"wp-image-119489\" width=\"311\" height=\"222\"><\/figure>\n<\/div>\n<p>Meteorologii<br \/>\nau emis noi avertiz\u0103ri prin care anun\u021b\u0103 astfel de fenomene. \u00cen Buz\u0103u, \u00een<br \/>\naceast\u0103 dup\u0103-amiaz\u0103, sunt a\u0219teptate averse toren\u021biale, chiar vijelii pe<br \/>\nalocuri. \u00centreg jude\u021bul va fi sub cod galben de instabilitate atmosferic\u0103 de la<br \/>\nora 12.00 \u0219i p\u00e2n\u0103 la ora 21.00.<\/p>\n<blockquote class=\"wp-block-quote\">\n<p>\u201c\u00cen jude\u021bele Mehedin\u021bi, Gorj, V\u00e2lcea, Arge\u0219, D\u00e2mbovi\u021ba, Prahova, Buz\u0103u, Vrancea, Bra\u0219ov \u0219i Covasna vor fi perioade cu instabilitate atmosferic\u0103 accentuat\u0103. Aceasta se va manifesta prin averse toren\u021biale, desc\u0103rc\u0103ri electrice, intensific\u0103ri ale v\u00e2ntului (rafale de 50\u202655 km\/h) \u0219i izolat vijelii \u0219i grindin\u0103. \u00cen intervale scurte de timp (1\u20263 ore) cantit\u0103\u021bile de ap\u0103 vor fi de 20\u202625 l\/mp \u0219i izolat de peste 35 l\/mp\u201d, anun\u021b\u0103 ANM.<\/p>\n<\/blockquote>\n<div class=\"wp-block-image\">\n<figure class=\"alignright is-resized\"><img loading=\"lazy\" decoding=\"async\" src=\"https:\/\/sansanews.ro\/wp-content\/uploads\/2026\/04\/vant.png\" alt class=\"wp-image-119488\" width=\"323\" height=\"232\"><\/figure>\n<\/div>\n<p>Pe de<br \/>\nalt\u0103 parte, s\u00e2mb\u0103t\u0103, 18 aprilie, pe tot parcursul zilei, v\u00e2ntul va fi cel care<br \/>\nva crea probleme. O avertizare cod galben va fi valabil\u0103 de la ora 9.00 p\u00e2n\u0103<br \/>\nseara, la 20.00.<\/p>\n<blockquote class=\"wp-block-quote\">\n<p>\u201cPe parcursul zilei de s\u00e2mb\u0103t\u0103, \u00een cea mai mare parte a Moldovei, \u00een Dobrogea \u0219i estul Munteniei, vor fi intensific\u0103ri ale v\u00e2ntului cu viteze de 50\u202665 km\/h. \u00cen zona Carpa\u021bilor de Curbur\u0103 rafalele vor fi de 70\u202680 km\/h.\u201d<\/p>\n<\/blockquote>\n<div class=\"meta-tags\"><span>Etichete<\/span><a href=\"https:\/\/sansanews.ro\/tag\/cod-galben\/\" rel=\"tag\">cod galben<\/a><a href=\"https:\/\/sansanews.ro\/tag\/ploi-torentiale\/\" rel=\"tag\">ploi torentiale<\/a><a href=\"https:\/\/sansanews.ro\/tag\/vijelii\/\" rel=\"tag\">vijelii<\/a><\/div>\n<div class=\"herald-share-content\">\n<div class=\"meks_ess rectangle no-labels outline\"><a class=\"meks_ess-item socicon-facebook\" data-url=\"http:\/\/www.facebook.com\/sharer\/sharer.php?u=https%3A%2F%2Fsansanews.ro%2Fsfarsitul-de-saptamana-sub-semnul-ploilor-torentiale%2F&amp;t=Sf%C3%A2r%C8%99itul%20de%20s%C4%83pt%C4%83m%C3%A2n%C4%83%2C%20sub%20semnul%20ploilor%20toren%C8%9Biale\"><span>Facebook<\/span><\/a><a href=\"https:\/\/api.whatsapp.com\/send?text=Sf%C3%A2r%C8%99itul%20de%20s%C4%83pt%C4%83m%C3%A2n%C4%83%2C%20sub%20semnul%20ploilor%20toren%C8%9Biale%20https%3A%2F%2Fsansanews.ro%2Fsfarsitul-de-saptamana-sub-semnul-ploilor-torentiale%2F\" class=\"meks_ess-item socicon-whatsapp prevent-share-popup\"><span>WhatsApp<\/span><\/a><a class=\"meks_ess-item socicon-twitter\" data-url=\"http:\/\/twitter.com\/intent\/tweet?url=https%3A%2F%2Fsansanews.ro%2Fsfarsitul-de-saptamana-sub-semnul-ploilor-torentiale%2F&amp;text=Sf%C3%A2r%C8%99itul%20de%20s%C4%83pt%C4%83m%C3%A2n%C4%83%2C%20sub%20semnul%20ploilor%20toren%C8%9Biale\"><span>Twitter<\/span><\/a><a class=\"meks_ess-item socicon-pinterest\" data-url=\"http:\/\/pinterest.com\/pin\/create\/button\/?url=https%3A%2F%2Fsansanews.ro%2Fsfarsitul-de-saptamana-sub-semnul-ploilor-torentiale%2F&amp;media=https%3A%2F%2Fsansanews.ro%2Fwp-content%2Fuploads%2F2021%2F06%2Fploi.jpg&amp;description=Sf%C3%A2r%C8%99itul%20de%20s%C4%83pt%C4%83m%C3%A2n%C4%83%2C%20sub%20semnul%20ploilor%20toren%C8%9Biale\"><span>Pinterest<\/span><\/a><\/div>\n<\/div>\n<\/div>\n<div class=\"entry-content herald-entry-content\">\n<p>Se schimb\u0103<br \/>\nvremea la sf\u00e2r\u0219it de s\u0103pt\u0103m\u00e2n\u0103. Dup\u0103 c\u00e2teva zile cu soare \u0219i temperaturi<br \/>\npl\u0103cute, de ast\u0103zi, 17 aprilie, revin ploile toren\u021biale \u0219i intensific\u0103rile de<br \/>\nv\u00e2nt.<\/p>\n<div class=\"wp-block-image\">\n<figure class=\"alignleft is-resized\"><img loading=\"lazy\" decoding=\"async\" src=\"https:\/\/sansanews.ro\/wp-content\/uploads\/2026\/04\/cod-1.png\" alt class=\"wp-image-119489\" width=\"311\" height=\"222\"><\/figure>\n<\/div>\n<p>Meteorologii<br \/>\nau emis noi avertiz\u0103ri prin care anun\u021b\u0103 astfel de fenomene. \u00cen Buz\u0103u, \u00een<br \/>\naceast\u0103 dup\u0103-amiaz\u0103, sunt a\u0219teptate averse toren\u021biale, chiar vijelii pe<br \/>\nalocuri. \u00centreg jude\u021bul va fi sub cod galben de instabilitate atmosferic\u0103 de la<br \/>\nora 12.00 \u0219i p\u00e2n\u0103 la ora 21.00.<\/p>\n<blockquote class=\"wp-block-quote\">\n<p>\u201c\u00cen jude\u021bele Mehedin\u021bi, Gorj, V\u00e2lcea, Arge\u0219, D\u00e2mbovi\u021ba, Prahova, Buz\u0103u, Vrancea, Bra\u0219ov \u0219i Covasna vor fi perioade cu instabilitate atmosferic\u0103 accentuat\u0103. Aceasta se va manifesta prin averse toren\u021biale, desc\u0103rc\u0103ri electrice, intensific\u0103ri ale v\u00e2ntului (rafale de 50\u202655 km\/h) \u0219i izolat vijelii \u0219i grindin\u0103. \u00cen intervale scurte de timp (1\u20263 ore) cantit\u0103\u021bile de ap\u0103 vor fi de 20\u202625 l\/mp \u0219i izolat de peste 35 l\/mp\u201d, anun\u021b\u0103 ANM.<\/p>\n<\/blockquote>\n<div class=\"wp-block-image\">\n<figure class=\"alignright is-resized\"><img loading=\"lazy\" decoding=\"async\" src=\"https:\/\/sansanews.ro\/wp-content\/uploads\/2026\/04\/vant.png\" alt class=\"wp-image-119488\" width=\"323\" height=\"232\"><\/figure>\n<\/div>\n<p>Pe de<br \/>\nalt\u0103 parte, s\u00e2mb\u0103t\u0103, 18 aprilie, pe tot parcursul zilei, v\u00e2ntul va fi cel care<br \/>\nva crea probleme. O avertizare cod galben va fi valabil\u0103 de la ora 9.00 p\u00e2n\u0103<br \/>\nseara, la 20.00.<\/p>\n<blockquote class=\"wp-block-quote\">\n<p>\u201cPe parcursul zilei de s\u00e2mb\u0103t\u0103, \u00een cea mai mare parte a Moldovei, \u00een Dobrogea \u0219i estul Munteniei, vor fi intensific\u0103ri ale v\u00e2ntului cu viteze de 50\u202665 km\/h. \u00cen zona Carpa\u021bilor de Curbur\u0103 rafalele vor fi de 70\u202680 km\/h.\u201d<\/p>\n<\/blockquote>\n<div class=\"meta-tags\"><span>Etichete<\/span><a href=\"https:\/\/sansanews.ro\/tag\/cod-galben\/\" rel=\"tag\">cod galben<\/a><a href=\"https:\/\/sansanews.ro\/tag\/ploi-torentiale\/\" rel=\"tag\">ploi torentiale<\/a><a href=\"https:\/\/sansanews.ro\/tag\/vijelii\/\" rel=\"tag\">vijelii<\/a><\/div>\n<div class=\"herald-share-content\">\n<div class=\"meks_ess rectangle no-labels outline\"><a class=\"meks_ess-item socicon-facebook\" data-url=\"http:\/\/www.facebook.com\/sharer\/sharer.php?u=https%3A%2F%2Fsansanews.ro%2Fsfarsitul-de-saptamana-sub-semnul-ploilor-torentiale%2F&amp;t=Sf%C3%A2r%C8%99itul%20de%20s%C4%83pt%C4%83m%C3%A2n%C4%83%2C%20sub%20semnul%20ploilor%20toren%C8%9Biale\"><span>Facebook<\/span><\/a><a href=\"https:\/\/api.whatsapp.com\/send?text=Sf%C3%A2r%C8%99itul%20de%20s%C4%83pt%C4%83m%C3%A2n%C4%83%2C%20sub%20semnul%20ploilor%20toren%C8%9Biale%20https%3A%2F%2Fsansanews.ro%2Fsfarsitul-de-saptamana-sub-semnul-ploilor-torentiale%2F\" class=\"meks_ess-item socicon-whatsapp prevent-share-popup\"><span>WhatsApp<\/span><\/a><a class=\"meks_ess-item socicon-twitter\" data-url=\"http:\/\/twitter.com\/intent\/tweet?url=https%3A%2F%2Fsansanews.ro%2Fsfarsitul-de-saptamana-sub-semnul-ploilor-torentiale%2F&amp;text=Sf%C3%A2r%C8%99itul%20de%20s%C4%83pt%C4%83m%C3%A2n%C4%83%2C%20sub%20semnul%20ploilor%20toren%C8%9Biale\"><span>Twitter<\/span><\/a><a class=\"meks_ess-item socicon-pinterest\" data-url=\"http:\/\/pinterest.com\/pin\/create\/button\/?url=https%3A%2F%2Fsansanews.ro%2Fsfarsitul-de-saptamana-sub-semnul-ploilor-torentiale%2F&amp;media=https%3A%2F%2Fsansanews.ro%2Fwp-content%2Fuploads%2F2021%2F06%2Fploi.jpg&amp;description=Sf%C3%A2r%C8%99itul%20de%20s%C4%83pt%C4%83m%C3%A2n%C4%83%2C%20sub%20semnul%20ploilor%20toren%C8%9Biale\"><span>Pinterest<\/span><\/a><\/div>\n<\/div>\n<\/div>\n<p>[analyse_source url=&#8221;https:\/\/sansanews.ro\/sfarsitul-de-saptamana-sub-semnul-ploilor-torentiale\/&#8221;]<\/p>\n","protected":false},"excerpt":{"rendered":"<p>[analyse_image type=&#8221;featured&#8221; src=&#8221;https:\/\/sansanews.ro\/wp-content\/uploads\/2021\/06\/ploi.jpghttps:\/\/sansanews.ro\/wp-content\/uploads\/2021\/06\/ploi.jpg&#8221;] Se schimb\u0103 vremea la sf\u00e2r\u0219it de s\u0103pt\u0103m\u00e2n\u0103. Dup\u0103 c\u00e2teva zile cu soare \u0219i temperaturi pl\u0103cute, de ast\u0103zi, 17 aprilie, revin ploile toren\u021biale \u0219i intensific\u0103rile de v\u00e2nt. Meteorologii au emis noi avertiz\u0103ri prin care anun\u021b\u0103 astfel de fenomene. \u00cen Buz\u0103u, \u00een aceast\u0103 dup\u0103-amiaz\u0103, sunt a\u0219teptate averse toren\u021biale, chiar vijelii pe alocuri. \u00centreg jude\u021bul [&hellip;]<\/p>\n","protected":false},"author":1,"featured_media":0,"comment_status":"open","ping_status":"","sticky":false,"template":"","format":"standard","meta":{"footnotes":""},"categories":[2],"tags":[226,51],"class_list":["post-1887014","post","type-post","status-publish","format-standard","hentry","category-politics","tag-crawlmanager","tag-sansanews-ro"],"_links":{"self":[{"href":"https:\/\/analyse.optim.biz\/index.php?rest_route=\/wp\/v2\/posts\/1887014","targetHints":{"allow":["GET"]}}],"collection":[{"href":"https:\/\/analyse.optim.biz\/index.php?rest_route=\/wp\/v2\/posts"}],"about":[{"href":"https:\/\/analyse.optim.biz\/index.php?rest_route=\/wp\/v2\/types\/post"}],"author":[{"embeddable":true,"href":"https:\/\/analyse.optim.biz\/index.php?rest_route=\/wp\/v2\/users\/1"}],"replies":[{"embeddable":true,"href":"https:\/\/analyse.optim.biz\/index.php?rest_route=%2Fwp%2Fv2%2Fcomments&post=1887014"}],"version-history":[{"count":0,"href":"https:\/\/analyse.optim.biz\/index.php?rest_route=\/wp\/v2\/posts\/1887014\/revisions"}],"wp:attachment":[{"href":"https:\/\/analyse.optim.biz\/index.php?rest_route=%2Fwp%2Fv2%2Fmedia&parent=1887014"}],"wp:term":[{"taxonomy":"category","embeddable":true,"href":"https:\/\/analyse.optim.biz\/index.php?rest_route=%2Fwp%2Fv2%2Fcategories&post=1887014"},{"taxonomy":"post_tag","embeddable":true,"href":"https:\/\/analyse.optim.biz\/index.php?rest_route=%2Fwp%2Fv2%2Ftags&post=1887014"}],"curies":[{"name":"wp","href":"https:\/\/api.w.org\/{rel}","templated":true}]}}