{"id":188694,"date":"2015-01-07T15:37:39","date_gmt":"2015-01-07T12:37:39","guid":{"rendered":"https:\/\/analyse.optim.biz\/?p=188694"},"modified":"2015-01-07T15:37:39","modified_gmt":"2015-01-07T12:37:39","slug":"gafa-la-inceput-de-mandat-klaus-iohannis-in-csat-este-ministrul-transporturilor","status":"publish","type":"post","link":"https:\/\/analyse.optim.biz\/?p=188694","title":{"rendered":"Gaf\u0103 la \u00eenceput de mandat. Klaus Iohannis: \u00cen CSAT este ministrul Transporturilor"},"content":{"rendered":"<div class=\"entry data-app-meta data-app-meta-article\" data-embed-base-url-canonical=\"https:\/\/www.digi24.ro\/embed\/stiri\/actualitate\/politica\/gafa-la-inceput-de-mandat-klaus-iohannis-in-csat-este-ministrul-transporturilor-344172\">\n<p data-index=\"1\">\u201e<span>\u00cen <\/span>CSAT este Ministrul Transporturilor. Chiar cred c\u0103 lucrurile de care se ocup\u0103 procurorul general sunt cel pu\u0163in la fel de relevante pentru securitatea na\u0163ional\u0103 cum sunt lucrurile de care se ocup\u0103 ministrul Transporturilor\u201d, a declarat Iohannis la Adev\u0103rul Live.<\/p>\n<p data-index=\"2\">Potrivit legii, din CSAT fac parte, pe l\u00e2ng\u0103 pre\u015fedinte \u015fi premier, mini\u015ftrii Ap\u0103r\u0103rii, Internelor, cel al Afacerilor Externe, al Justi\u0163iei precum \u015fi mini\u015ftrii Economiei \u015fi cel al Finan\u0163elor Publice. Din CSAT mai fac parte directorii SRI \u015fi SIE, \u015feful Statului Major General, consilierul preziden\u0163ial pentru securitate na\u0163ional\u0103 \u015fi secretarul CSAT. Ministrul Transporturilor poate fi cel mult invitat \u00een CSAT, cum s-a \u00eent\u00e2mplat, de altfel, \u00een mandatul fostului pre\u015fedinte Traian B\u0103sescu.<\/p>\n<\/div>\n<p> Source URL: https:\/\/www.digi24.ro\/stiri\/actualitate\/politica\/gafa-la-inceput-de-mandat-klaus-iohannis-in-csat-este-ministrul-transporturilor-344172<\/p>\n","protected":false},"excerpt":{"rendered":"<p>\u201e\u00cen CSAT este Ministrul Transporturilor. Chiar cred c\u0103 lucrurile de care se ocup\u0103 procurorul general sunt cel pu\u0163in la fel de relevante pentru securitatea na\u0163ional\u0103 cum sunt lucrurile de care se ocup\u0103 ministrul Transporturilor\u201d, a declarat Iohannis la Adev\u0103rul Live. Potrivit legii, din CSAT fac parte, pe l\u00e2ng\u0103 pre\u015fedinte \u015fi premier, mini\u015ftrii Ap\u0103r\u0103rii, Internelor, cel [&hellip;]<\/p>\n","protected":false},"author":1,"featured_media":188695,"comment_status":"open","ping_status":"","sticky":false,"template":"","format":"standard","meta":{"footnotes":""},"categories":[2],"tags":[11],"class_list":["post-188694","post","type-post","status-publish","format-standard","has-post-thumbnail","hentry","category-politics","tag-digi24"],"_links":{"self":[{"href":"https:\/\/analyse.optim.biz\/index.php?rest_route=\/wp\/v2\/posts\/188694","targetHints":{"allow":["GET"]}}],"collection":[{"href":"https:\/\/analyse.optim.biz\/index.php?rest_route=\/wp\/v2\/posts"}],"about":[{"href":"https:\/\/analyse.optim.biz\/index.php?rest_route=\/wp\/v2\/types\/post"}],"author":[{"embeddable":true,"href":"https:\/\/analyse.optim.biz\/index.php?rest_route=\/wp\/v2\/users\/1"}],"replies":[{"embeddable":true,"href":"https:\/\/analyse.optim.biz\/index.php?rest_route=%2Fwp%2Fv2%2Fcomments&post=188694"}],"version-history":[{"count":0,"href":"https:\/\/analyse.optim.biz\/index.php?rest_route=\/wp\/v2\/posts\/188694\/revisions"}],"wp:featuredmedia":[{"embeddable":true,"href":"https:\/\/analyse.optim.biz\/index.php?rest_route=\/wp\/v2\/media\/188695"}],"wp:attachment":[{"href":"https:\/\/analyse.optim.biz\/index.php?rest_route=%2Fwp%2Fv2%2Fmedia&parent=188694"}],"wp:term":[{"taxonomy":"category","embeddable":true,"href":"https:\/\/analyse.optim.biz\/index.php?rest_route=%2Fwp%2Fv2%2Fcategories&post=188694"},{"taxonomy":"post_tag","embeddable":true,"href":"https:\/\/analyse.optim.biz\/index.php?rest_route=%2Fwp%2Fv2%2Ftags&post=188694"}],"curies":[{"name":"wp","href":"https:\/\/api.w.org\/{rel}","templated":true}]}}