{"id":1886867,"date":"2026-04-16T11:43:27","date_gmt":"2026-04-16T08:43:27","guid":{"rendered":"https:\/\/analyse.optim.biz\/?p=1886867"},"modified":"2026-04-16T11:43:27","modified_gmt":"2026-04-16T08:43:27","slug":"anul-nicolae-labis-la-chisinau-la-ampla-manifestare-va-fi-prezenta-si-sora-poetului-margareta-labis","status":"publish","type":"post","link":"https:\/\/analyse.optim.biz\/?p=1886867","title":{"rendered":"\u201eAnul Nicolae Labi\u0219\u201d la Chi\u0219in\u0103u. La ampla manifestare va fi prezent\u0103 \u0219i sora poetului Margareta Labi\u0219"},"content":{"rendered":"<p>[analyse_image type=&#8221;featured&#8221; src=&#8221;https:\/\/img.svnews.ro\/foto\/2026\/04\/16\/529490\/445fc281d7c8afac8f6f5ef4d.jpg&#8221;]<\/p>\n<div class=\"entry\"><img loading=\"lazy\" decoding=\"async\" width=\"650\" height=\"325\" src=\"https:\/\/img.svnews.ro\/foto\/2026\/04\/16\/529490\/445fc281d7c8afac8f6f5ef4d06500325.jpg\" alt><\/p>\n<div class=\"entry_content\">\n<p>La 70 de ani de la dispari\u021bia tragic\u0103 a celui pe care Eugen Simion l-a numit \u201ebuzduganul unei genera\u021bii\u201d, 2026 a fost declarat \u201eAnul Nicolae Labi\u0219\u201d. Pentru prima dat\u0103, omagierea Poetului va include \u00eent\u00e2lniri cu poe\u021bi, scriitori, oameni de cultur\u0103, universitari din Rom\u00e2nia, Republica Moldova \u0219i Ucraina.<\/p>\n<p>\u00cen spa\u021biul din afara grani\u021belor Rom\u00e2niei, \u201eAnul Nicolae Labi\u0219\u201d va debuta la Chi\u0219in\u0103u cu evenimentul intitulat \u201e70 de ani de t\u0103cere, 70 de ani de ecou: Nicolae Labi\u0219\u201d, organizat de Biblioteca Central\u0103 a Bibliotecii Municipale \u201eB.P. Ha\u0219deu\u201d, Uniunea Ziari\u0219tilor Profesioni\u0219ti din Rom\u00e2nia UZPR, Filiala Chi\u0219in\u0103u, Cenaclul Literar Artistic \u201eNicolae Labi\u0219\u201d F\u0103lticeni, Cenaclul Literar \u201eMagia cuv\u00e2ntului\u201d, filiala Chi\u0219in\u0103u, sub egida Institutului Patrimoniului Cultural \u0219i a Prim\u0103riei Municipiului Chi\u0219in\u0103u, cu participarea Universit\u0103\u021bii de Stat din Moldova, specializarea \u0218tiin\u021be ale Educa\u021biei.<\/p>\n<p>Manifestarea se va desf\u0103\u0219ura pe data de 27 aprilie 2026, \u00eencep\u00e2nd cu ora 14:00, \u00een Sala cu Coloane a BM \u201eB.P. Ha\u0219deu\u201d\u00a0 Chi\u0219in\u0103u, Bd. \u0218tefan cel Mare \u0219i Sf\u00e2nt 148.<\/p>\n<p>Moderat\u0103 de Victoria Fonari, doctor conferen\u021biar universitar, USM, Pre\u0219edinte al UZPR, Filiala Chi\u0219in\u0103u, ampla manifestarea \u00ee\u0219i propune s\u0103 valorifice transfigurarea mitului rom\u00e2nesc \u00een crea\u021bia lui Nicolae Labi\u0219.\u00a0 Omagierea va include ,,Prezentarea vie\u021bii \u0219i a crea\u021biei lui Nicolae Labi\u0219, imaginea Poetului \u00een spa\u021biul didactic \u00een Republica Moldova\u201d, \u00een sus\u021binerea\u00a0 Marianei Marin, pre\u0219edinta Asocia\u021biei Generale a \u00cenv\u0103\u021b\u0103torilor din Rom\u00e2nia, Filiala Republica Moldova AGIRO MD, precum \u0219i un recital de poezie sus\u021binut de elevi de la Liceul Teoretic \u201eVasile Alecsandri\u201d \u0219i de la Liceul \u201eColumna\u201d din Chi\u0219in\u0103u.<\/p>\n<p>Sub coordonarea Elenei Vorotneac, profesoar\u0103 de limba \u0219i literatura rom\u00e2n\u0103 \u0219i a Tatianei Scobioal\u0103, profesoar\u0103 de art\u0103 teatral\u0103, Liceul Teoretic cu profil de arte \u201eElena Alistar\u201d, programul manifest\u0103rii va include urm\u0103toarele interven\u021bii:<\/p>\n<p>\u2713 Alina Strugaru \u2013 \u201eCoordonate estetice \u00een crea\u021bia lui Nicolae Labi\u0219\u201d;<\/p>\n<p>\u2713 Valeria Turcu \u2013 \u201eNicolae Labi\u0219 \u00eentre mit \u0219i poezie\u201d;<\/p>\n<p>\u2713 Maria Axentiev \u2013 \u201eNicolae Labi\u0219 \u2013 poetul care a schimbat poezia\u201d.<\/p>\n<p>Profesorul Ion Latu va sus\u021bine discursul \u201eAbordarea crea\u021biei lui Nicolae Labi\u0219 din perspectiva manualului de limba \u015fi literatura rom\u00e2n\u0103 pentru clasa a V-a\u201d.<\/p>\n<p>Cu aceast\u0103 ocazie, un recital de poezie va fi sus\u021binut de Violeta Vozniuc, Valeria Gr\u0103chil\u0103 \u0219i elevii Liceului \u201eColumna\u201d.<\/p>\n<p>Expozi\u021bia \u201eOd\u0103 Soarelui\u201d va fi organizat\u0103 de Victoria Rocaciuc, doctor habilitat, artist plastic de la Institutul Cultural din Chi\u0219in\u0103u.<\/p>\n<p>Spa\u021biul rom\u00e2nesc va fi reprezentat de urm\u0103torii oaspe\u021bi: Margareta Labi\u0219, sora Poetului, Sanda-Maria Ardeleanu, profesor universitar dr Universitatea \u201e\u0218tefan cel Mare\u201d Suceava, Niculai Barb\u0103, \u0219ef de lucr\u0103ri univ dr Universitatea \u201e\u0218tefan cel Mare\u201d Suceava, Codrin Ben\u021ba, directorul Colegiului Na\u021bional \u201eNicu Gane\u201d F\u0103lticeni, Constantin Bulboac\u0103, pre\u0219edinte al Cenaclului Literar Artistic \u201eNicolae Labi\u0219\u201d F\u0103lticeni, Maria Cre\u021bu, scriitoare, Puiu Cre\u021bu, muzician, Ion Filipciuc, scriitor, Bogdan Amur\u0103ri\u021bei, actor TMMV Suceava, Adriana Malamciuc, bibliotecar USV, Liviu Timi\u0219, realizator ECO TV.<\/p>\n<p><img loading=\"lazy\" decoding=\"async\" class=\"alignnone size-medium wp-image-529503\" src=\"https:\/\/img.svnews.ro\/foto\/2026\/04\/16\/529490\/eacb64438f809f9e69cca531006500931.jpeg\" alt width=\"650\" height=\"931\"><\/p>\n<\/div>\n<div>\n<div>VN:F [1.9.22_1171]<\/div>\n<div class=\"ratingblock \">\n<div class=\"ratingstars \">\n<div id=\"article_loader_529490\" class=\"ratingloaderarticle\">\n<div class=\"loader arrows \">\n<div class=\"loaderinner\">se actualizeaz\u0103&#8230;<\/div>\n<\/div>\n<\/div>\n<\/div>\n<div class=\"ratingtext \">\n<div id=\"gdr_text_a529490\">Rating: 0.0\/<strong>10<\/strong> (0 votes cast)<\/div>\n<\/div>\n<\/div>\n<\/div>\n<\/div>\n<div class=\"entry_content\">\n<p>La 70 de ani de la dispari\u021bia tragic\u0103 a celui pe care Eugen Simion l-a numit \u201ebuzduganul unei genera\u021bii\u201d, 2026 a fost declarat \u201eAnul Nicolae Labi\u0219\u201d. Pentru prima dat\u0103, omagierea Poetului va include \u00eent\u00e2lniri cu poe\u021bi, scriitori, oameni de cultur\u0103, universitari din Rom\u00e2nia, Republica Moldova \u0219i Ucraina.<\/p>\n<p>\u00cen spa\u021biul din afara grani\u021belor Rom\u00e2niei, \u201eAnul Nicolae Labi\u0219\u201d va debuta la Chi\u0219in\u0103u cu evenimentul intitulat \u201e70 de ani de t\u0103cere, 70 de ani de ecou: Nicolae Labi\u0219\u201d, organizat de Biblioteca Central\u0103 a Bibliotecii Municipale \u201eB.P. Ha\u0219deu\u201d, Uniunea Ziari\u0219tilor Profesioni\u0219ti din Rom\u00e2nia UZPR, Filiala Chi\u0219in\u0103u, Cenaclul Literar Artistic \u201eNicolae Labi\u0219\u201d F\u0103lticeni, Cenaclul Literar \u201eMagia cuv\u00e2ntului\u201d, filiala Chi\u0219in\u0103u, sub egida Institutului Patrimoniului Cultural \u0219i a Prim\u0103riei Municipiului Chi\u0219in\u0103u, cu participarea Universit\u0103\u021bii de Stat din Moldova, specializarea \u0218tiin\u021be ale Educa\u021biei.<\/p>\n<p>Manifestarea se va desf\u0103\u0219ura pe data de 27 aprilie 2026, \u00eencep\u00e2nd cu ora 14:00, \u00een Sala cu Coloane a BM \u201eB.P. Ha\u0219deu\u201d\u00a0 Chi\u0219in\u0103u, Bd. \u0218tefan cel Mare \u0219i Sf\u00e2nt 148.<\/p>\n<p>Moderat\u0103 de Victoria Fonari, doctor conferen\u021biar universitar, USM, Pre\u0219edinte al UZPR, Filiala Chi\u0219in\u0103u, ampla manifestarea \u00ee\u0219i propune s\u0103 valorifice transfigurarea mitului rom\u00e2nesc \u00een crea\u021bia lui Nicolae Labi\u0219.\u00a0 Omagierea va include ,,Prezentarea vie\u021bii \u0219i a crea\u021biei lui Nicolae Labi\u0219, imaginea Poetului \u00een spa\u021biul didactic \u00een Republica Moldova\u201d, \u00een sus\u021binerea\u00a0 Marianei Marin, pre\u0219edinta Asocia\u021biei Generale a \u00cenv\u0103\u021b\u0103torilor din Rom\u00e2nia, Filiala Republica Moldova AGIRO MD, precum \u0219i un recital de poezie sus\u021binut de elevi de la Liceul Teoretic \u201eVasile Alecsandri\u201d \u0219i de la Liceul \u201eColumna\u201d din Chi\u0219in\u0103u.<\/p>\n<p>Sub coordonarea Elenei Vorotneac, profesoar\u0103 de limba \u0219i literatura rom\u00e2n\u0103 \u0219i a Tatianei Scobioal\u0103, profesoar\u0103 de art\u0103 teatral\u0103, Liceul Teoretic cu profil de arte \u201eElena Alistar\u201d, programul manifest\u0103rii va include urm\u0103toarele interven\u021bii:<\/p>\n<p>\u2713 Alina Strugaru \u2013 \u201eCoordonate estetice \u00een crea\u021bia lui Nicolae Labi\u0219\u201d;<\/p>\n<p>\u2713 Valeria Turcu \u2013 \u201eNicolae Labi\u0219 \u00eentre mit \u0219i poezie\u201d;<\/p>\n<p>\u2713 Maria Axentiev \u2013 \u201eNicolae Labi\u0219 \u2013 poetul care a schimbat poezia\u201d.<\/p>\n<p>Profesorul Ion Latu va sus\u021bine discursul \u201eAbordarea crea\u021biei lui Nicolae Labi\u0219 din perspectiva manualului de limba \u015fi literatura rom\u00e2n\u0103 pentru clasa a V-a\u201d.<\/p>\n<p>Cu aceast\u0103 ocazie, un recital de poezie va fi sus\u021binut de Violeta Vozniuc, Valeria Gr\u0103chil\u0103 \u0219i elevii Liceului \u201eColumna\u201d.<\/p>\n<p>Expozi\u021bia \u201eOd\u0103 Soarelui\u201d va fi organizat\u0103 de Victoria Rocaciuc, doctor habilitat, artist plastic de la Institutul Cultural din Chi\u0219in\u0103u.<\/p>\n<p>Spa\u021biul rom\u00e2nesc va fi reprezentat de urm\u0103torii oaspe\u021bi: Margareta Labi\u0219, sora Poetului, Sanda-Maria Ardeleanu, profesor universitar dr Universitatea \u201e\u0218tefan cel Mare\u201d Suceava, Niculai Barb\u0103, \u0219ef de lucr\u0103ri univ dr Universitatea \u201e\u0218tefan cel Mare\u201d Suceava, Codrin Ben\u021ba, directorul Colegiului Na\u021bional \u201eNicu Gane\u201d F\u0103lticeni, Constantin Bulboac\u0103, pre\u0219edinte al Cenaclului Literar Artistic \u201eNicolae Labi\u0219\u201d F\u0103lticeni, Maria Cre\u021bu, scriitoare, Puiu Cre\u021bu, muzician, Ion Filipciuc, scriitor, Bogdan Amur\u0103ri\u021bei, actor TMMV Suceava, Adriana Malamciuc, bibliotecar USV, Liviu Timi\u0219, realizator ECO TV.<\/p>\n<p><img loading=\"lazy\" decoding=\"async\" class=\"alignnone size-medium wp-image-529503\" src=\"https:\/\/img.svnews.ro\/foto\/2026\/04\/16\/529490\/eacb64438f809f9e69cca531006500931.jpeg\" alt width=\"650\" height=\"931\"><\/p>\n<\/div>\n<p>[analyse_source url=&#8221;https:\/\/www.svnews.ro\/anul-nicolae-labis-la-chisinau-la-ampla-manifestare-va-fi-prezenta-si-sora-poetului-margareta-labis\/529490\/&#8221;]<\/p>\n","protected":false},"excerpt":{"rendered":"<p>[analyse_image type=&#8221;featured&#8221; src=&#8221;https:\/\/img.svnews.ro\/foto\/2026\/04\/16\/529490\/445fc281d7c8afac8f6f5ef4d.jpg&#8221;] La 70 de ani de la dispari\u021bia tragic\u0103 a celui pe care Eugen Simion l-a numit \u201ebuzduganul unei genera\u021bii\u201d, 2026 a fost declarat \u201eAnul Nicolae Labi\u0219\u201d. Pentru prima dat\u0103, omagierea Poetului va include \u00eent\u00e2lniri cu poe\u021bi, scriitori, oameni de cultur\u0103, universitari din Rom\u00e2nia, Republica Moldova \u0219i Ucraina. \u00cen spa\u021biul din afara grani\u021belor [&hellip;]<\/p>\n","protected":false},"author":1,"featured_media":0,"comment_status":"open","ping_status":"","sticky":false,"template":"","format":"standard","meta":{"footnotes":""},"categories":[89],"tags":[226,175],"class_list":["post-1886867","post","type-post","status-publish","format-standard","hentry","category-romania","tag-crawlmanager","tag-svnews-ro"],"_links":{"self":[{"href":"https:\/\/analyse.optim.biz\/index.php?rest_route=\/wp\/v2\/posts\/1886867","targetHints":{"allow":["GET"]}}],"collection":[{"href":"https:\/\/analyse.optim.biz\/index.php?rest_route=\/wp\/v2\/posts"}],"about":[{"href":"https:\/\/analyse.optim.biz\/index.php?rest_route=\/wp\/v2\/types\/post"}],"author":[{"embeddable":true,"href":"https:\/\/analyse.optim.biz\/index.php?rest_route=\/wp\/v2\/users\/1"}],"replies":[{"embeddable":true,"href":"https:\/\/analyse.optim.biz\/index.php?rest_route=%2Fwp%2Fv2%2Fcomments&post=1886867"}],"version-history":[{"count":0,"href":"https:\/\/analyse.optim.biz\/index.php?rest_route=\/wp\/v2\/posts\/1886867\/revisions"}],"wp:attachment":[{"href":"https:\/\/analyse.optim.biz\/index.php?rest_route=%2Fwp%2Fv2%2Fmedia&parent=1886867"}],"wp:term":[{"taxonomy":"category","embeddable":true,"href":"https:\/\/analyse.optim.biz\/index.php?rest_route=%2Fwp%2Fv2%2Fcategories&post=1886867"},{"taxonomy":"post_tag","embeddable":true,"href":"https:\/\/analyse.optim.biz\/index.php?rest_route=%2Fwp%2Fv2%2Ftags&post=1886867"}],"curies":[{"name":"wp","href":"https:\/\/api.w.org\/{rel}","templated":true}]}}