{"id":1886849,"date":"2026-04-17T04:56:25","date_gmt":"2026-04-17T01:56:25","guid":{"rendered":"https:\/\/analyse.optim.biz\/?p=1886849"},"modified":"2026-04-17T04:56:25","modified_gmt":"2026-04-17T01:56:25","slug":"start-inscrieri-color-the-village-macedonia-timis","status":"publish","type":"post","link":"https:\/\/analyse.optim.biz\/?p=1886849","title":{"rendered":"Start \u00eenscrieri Color the Village Macedonia (Timi\u0219)"},"content":{"rendered":"<p>[analyse_image type=&#8221;featured&#8221; src=&#8221;&#8221;]<\/p>\n<div class=\"td-post-content td-pb-padding-side\">\n<p><span><span lang=\"ro-RO\"><b>Asocia\u021bia Acas\u0103 \u00een Banat lanseaz\u0103 \u00eenscrierile pentru voluntarii celei de-a opta edi\u021bii Color the Village. \u00cen acest an, inima evenimentului va fi \u00een Timi\u015f, la Macedonia.<\/b><\/span><\/span><\/p>\n<p align=\"justify\"><span><span lang=\"ro-RO\">\u00cen 11, 12 \u015fi 13 iunie 2026 voluntari din toat\u0103 \u021bara se reunesc pentru a da o m\u00e2n\u0103 de ajutor unui alt sat din Banat. Timp de numai trei zile, sute de oameni sunt a\u0219tepta\u021bi pentru a renova \u0219i zugr\u0103vi case din Macedonia, jude\u021bul Timi\u0219, dar \u0219i alte cl\u0103diri sau obiective comunitare din sat.<\/span><\/span><\/p>\n<p align=\"justify\"><span><span lang=\"ro-RO\">Formularul de \u00eenscriere este disponibil aici: <\/span><\/span><span><u><a href=\"https:\/\/luma.com\/hhbrur8s\" target=\"_blank\" rel=\"noopener\"><span><span lang=\"fr-FR\">https:\/\/luma.com\/hhbrur8s<\/span><\/span><\/a><\/u><\/span><\/p>\n<p align=\"justify\"><span><span lang=\"ro-RO\">\u00cen cele trei zile, voluntarii vor lucra \u00eempreun\u0103 pentru a renova 30 de fa\u021bade de case, vor trata lemnul, vor zugr\u0103vi \u0219i vor vopsi, pentru a le p\u0103stra frumuse\u021bea de alt\u0103dat\u0103. <\/span><\/span><span><span lang=\"ro-RO\">Nu este nevoie de experien\u021b\u0103 \u00een construc\u021bii, ci doar de bun\u0103voin\u021b\u0103, energie \u015fi deschiderea de a da o m\u00e2n\u0103 de ajutor acolo unde este nevoie. <\/span><\/span><\/p>\n<p align=\"justify\"><span>\u201e<span><span lang=\"ro-RO\"><i>Voluntarii sunt sufletul acestui proiect. F\u0103r\u0103 ei, Color the Village nu ar putea exista. Motorul evenimentului este aceast\u0103 energie a sute de oameni pus\u0103 laolalt\u0103, puterea de a face bine \u00eempreun\u0103. \u00cen iunie, ne vedem la Macedonia, aici \u00een Timi\u0219, \u00eentr-un sat \u00een care v\u0103 invit\u0103m s\u0103 da\u021bi o m\u00e2n\u0103 de ajutor ca s\u0103 \u00eei punem \u00een valoare frumuse\u021bea.\u201d<\/i><\/span><\/span><\/span><span><span lang=\"ro-RO\"> \u2013 <\/span><\/span><span><span lang=\"ro-RO\">Radu Trifan, pre\u0219edintele Asocia\u021biei Acas\u0103 \u00een Banat.<\/span><\/span><\/p>\n<p align=\"justify\"><span><span lang=\"ro-RO\">\u00censcrierea voluntarilor se poate face p\u00e2n\u0103 \u00een <\/span><\/span><span><span lang=\"ro-RO\"><b>24 mai 2026<\/b><\/span><\/span><span><span lang=\"ro-RO\">. Participan\u021bii pot alege zilele \u00een care vor participa, una, dou\u0103 sau toate trei, le sunt asigurate toate mesele \u0219i materialele de care au nevoie. <\/span><\/span><\/p>\n<p align=\"justify\"><span><span lang=\"ro-RO\">P\u00e2n\u0103 de cur\u00e2nd destul de izolat\u0103, Macedonia (localitate ce apar\u021bine administrativ de ora\u0219ul Ciacova) a fost aleas\u0103 de Asocia\u021bia Acas\u0103 \u00een Banat deoarece mai p\u0103streaz\u0103 case cu fa\u021bade frumoase, cu o arhitectur\u0103 specific\u0103 Banatului de C\u00e2mpie, \u00eens\u0103 foarte multe se degradeaz\u0103 \u0219i risc\u0103 s\u0103 se piard\u0103.<\/span><\/span><\/p>\n<p align=\"justify\"><span><span lang=\"ro-RO\">Proiectul este posibil \u0219i datorit\u0103 partenerilor care \u00eel sus\u021bin: Policolor Rom\u00e2nia, Funda\u021bia Bosch, Hella Rom\u00e2nia, Laptaria cu caimac, BRD Groupe Societe Generale, Linde Global Services Rom\u00e2nia.<\/span><\/span><\/p>\n<p align=\"justify\"><em><span><span lang=\"ro-RO\"><b>Color the Village<\/b><\/span><\/span><\/em><span><span lang=\"ro-RO\"><em> se afl\u0103 la a opta edi\u021bie \u0219i, an de an, are loc \u00eentr-un sat din Banat, alternativ din jude\u021bele Timi\u0219 \u0219i Cara\u0219-Severin. Edi\u021biile precedente au avut loc la Gr\u0103dinari (2025), Altringen (2024), Valeapai (2023), F\u0103r\u0103\u0219e\u0219ti (2022), Ilidia (2021), Racovi\u021ba (2020) \u0219i Eftimie Murgu (2019). Proiectul Asocia\u021biei Acas\u0103 \u00een Banat este unic \u00een \u021bar\u0103 \u0219i \u00ee\u0219i propune s\u0103 pune \u00een valoare arhitectura tipic\u0103 din aceast\u0103 zon\u0103. \u00cen cele trei zile, sute de voluntari muncesc contra cronometru pentru a reu\u0219i s\u0103 \u00ee\u0219i ating\u0103 \u021binta.<\/em><\/span><\/span><\/p>\n<\/div>\n<p>[analyse_source url=&#8221;https:\/\/timisplus.ro\/start-inscrieri-color-the-village-macedonia-timis\/&#8221;]<\/p>\n","protected":false},"excerpt":{"rendered":"<p>[analyse_image type=&#8221;featured&#8221; src=&#8221;&#8221;] Asocia\u021bia Acas\u0103 \u00een Banat lanseaz\u0103 \u00eenscrierile pentru voluntarii celei de-a opta edi\u021bii Color the Village. \u00cen acest an, inima evenimentului va fi \u00een Timi\u015f, la Macedonia. \u00cen 11, 12 \u015fi 13 iunie 2026 voluntari din toat\u0103 \u021bara se reunesc pentru a da o m\u00e2n\u0103 de ajutor unui alt sat din Banat. Timp [&hellip;]<\/p>\n","protected":false},"author":1,"featured_media":0,"comment_status":"open","ping_status":"","sticky":false,"template":"","format":"standard","meta":{"footnotes":""},"categories":[89],"tags":[226,195],"class_list":["post-1886849","post","type-post","status-publish","format-standard","hentry","category-romania","tag-crawlmanager","tag-timisplus-ro"],"_links":{"self":[{"href":"https:\/\/analyse.optim.biz\/index.php?rest_route=\/wp\/v2\/posts\/1886849","targetHints":{"allow":["GET"]}}],"collection":[{"href":"https:\/\/analyse.optim.biz\/index.php?rest_route=\/wp\/v2\/posts"}],"about":[{"href":"https:\/\/analyse.optim.biz\/index.php?rest_route=\/wp\/v2\/types\/post"}],"author":[{"embeddable":true,"href":"https:\/\/analyse.optim.biz\/index.php?rest_route=\/wp\/v2\/users\/1"}],"replies":[{"embeddable":true,"href":"https:\/\/analyse.optim.biz\/index.php?rest_route=%2Fwp%2Fv2%2Fcomments&post=1886849"}],"version-history":[{"count":0,"href":"https:\/\/analyse.optim.biz\/index.php?rest_route=\/wp\/v2\/posts\/1886849\/revisions"}],"wp:attachment":[{"href":"https:\/\/analyse.optim.biz\/index.php?rest_route=%2Fwp%2Fv2%2Fmedia&parent=1886849"}],"wp:term":[{"taxonomy":"category","embeddable":true,"href":"https:\/\/analyse.optim.biz\/index.php?rest_route=%2Fwp%2Fv2%2Fcategories&post=1886849"},{"taxonomy":"post_tag","embeddable":true,"href":"https:\/\/analyse.optim.biz\/index.php?rest_route=%2Fwp%2Fv2%2Ftags&post=1886849"}],"curies":[{"name":"wp","href":"https:\/\/api.w.org\/{rel}","templated":true}]}}