{"id":1886486,"date":"2026-04-14T12:15:12","date_gmt":"2026-04-14T09:15:12","guid":{"rendered":"https:\/\/analyse.optim.biz\/?p=1886486"},"modified":"2026-04-14T12:15:12","modified_gmt":"2026-04-14T09:15:12","slug":"biletele-de-tratament-balnear-cu-2-luni-intarziere","status":"publish","type":"post","link":"https:\/\/analyse.optim.biz\/?p=1886486","title":{"rendered":"BILETELE DE TRATAMENT BALNEAR, CU 2 LUNI \u00ceNT\u00c2RZIERE"},"content":{"rendered":"<p>[analyse_image type=&#8221;featured&#8221; src=&#8221;https:\/\/newss.ro\/wp-content\/uploads\/2016\/04\/statiune-pensionari.jpg&#8221;]<\/p>\n<div class=\"td-post-content\">\n<div class=\"td-post-featured-image\"><a href=\"https:\/\/newss.ro\/wp-content\/uploads\/2016\/04\/statiune-pensionari.jpg\" data-caption><img loading=\"lazy\" decoding=\"async\" width=\"696\" height=\"457\" class=\"entry-thumb td-modal-image\" src=\"https:\/\/newss.ro\/wp-content\/uploads\/2016\/04\/statiune-pensionari-696x457.jpg\" alt title=\"statiune pensionari\"><\/a><\/div>\n<p>Pensionarii din Buz\u0103u vor primi, \u00een acest an, biletele de tratament balnear, cu aproape dou\u0103 luni \u00eent\u00e2rziere fa\u021b\u0103 de calendarul obi\u0219nuit. Dac\u0103 \u00een anii anteriori primele serii de pacien\u021bi plecau la tratamente \u00eenc\u0103 din luna martie, anul acesta primii beneficiari ar putea ajunge la sta\u021biuni abia la finalul acestei luni.<\/p>\n<p>Potrivit reprezentan\u021bilor Casei de Pensii Buz\u0103u, situa\u021bia a fost cauzat\u0103 de aprobarea cu \u00eent\u00e2rziere a bugetului na\u021bional \u0219i al asigur\u0103rilor sociale de stat pentru 2026.<\/p>\n<p>Lista de a\u0219teptare num\u0103r\u0103, la Buz\u0103u, deja 2.000 de beneficiari, cei mai mul\u021bi v\u00e2rstnici cu venituri mici, pentru care aceste sejururi sunt singura \u0219ans\u0103 de a-\u0219i ameliora afec\u021biunile medicale. Anul trecut, un bilet de tratament balnear, pentru 16 zile, prin casele de pensii varia \u00eentre 3.156 \u0219i 3.348 lei.<\/p>\n<p>Pensionarii pl\u0103tesc 50% din pensia brut\u0103, iar restul este subven\u021bionat, \u00een timp ce asigura\u021bii pl\u0103tesc biletele integral. Sejururile includ cazare, mas\u0103 \u0219i tratament timp de 12 zile \u00een sta\u021biuni balneare.<\/p>\n<\/div>\n<div class=\"td-post-content\">\n<div class=\"td-post-featured-image\"><a href=\"https:\/\/newss.ro\/wp-content\/uploads\/2016\/04\/statiune-pensionari.jpg\" data-caption><img loading=\"lazy\" decoding=\"async\" width=\"696\" height=\"457\" class=\"entry-thumb td-modal-image\" src=\"https:\/\/newss.ro\/wp-content\/uploads\/2016\/04\/statiune-pensionari-696x457.jpg\" alt title=\"statiune pensionari\"><\/a><\/div>\n<p>Pensionarii din Buz\u0103u vor primi, \u00een acest an, biletele de tratament balnear, cu aproape dou\u0103 luni \u00eent\u00e2rziere fa\u021b\u0103 de calendarul obi\u0219nuit. Dac\u0103 \u00een anii anteriori primele serii de pacien\u021bi plecau la tratamente \u00eenc\u0103 din luna martie, anul acesta primii beneficiari ar putea ajunge la sta\u021biuni abia la finalul acestei luni.<\/p>\n<p>Potrivit reprezentan\u021bilor Casei de Pensii Buz\u0103u, situa\u021bia a fost cauzat\u0103 de aprobarea cu \u00eent\u00e2rziere a bugetului na\u021bional \u0219i al asigur\u0103rilor sociale de stat pentru 2026.<\/p>\n<p>Lista de a\u0219teptare num\u0103r\u0103, la Buz\u0103u, deja 2.000 de beneficiari, cei mai mul\u021bi v\u00e2rstnici cu venituri mici, pentru care aceste sejururi sunt singura \u0219ans\u0103 de a-\u0219i ameliora afec\u021biunile medicale. Anul trecut, un bilet de tratament balnear, pentru 16 zile, prin casele de pensii varia \u00eentre 3.156 \u0219i 3.348 lei.<\/p>\n<p>Pensionarii pl\u0103tesc 50% din pensia brut\u0103, iar restul este subven\u021bionat, \u00een timp ce asigura\u021bii pl\u0103tesc biletele integral. Sejururile includ cazare, mas\u0103 \u0219i tratament timp de 12 zile \u00een sta\u021biuni balneare.<\/p>\n<\/div>\n<p>[analyse_source url=&#8221;https:\/\/newss.ro\/2026\/04\/14\/biletele-de-tratament-balnear-cu-2-luni-intarziere\/&#8221;]<\/p>\n","protected":false},"excerpt":{"rendered":"<p>[analyse_image type=&#8221;featured&#8221; src=&#8221;https:\/\/newss.ro\/wp-content\/uploads\/2016\/04\/statiune-pensionari.jpg&#8221;] Pensionarii din Buz\u0103u vor primi, \u00een acest an, biletele de tratament balnear, cu aproape dou\u0103 luni \u00eent\u00e2rziere fa\u021b\u0103 de calendarul obi\u0219nuit. Dac\u0103 \u00een anii anteriori primele serii de pacien\u021bi plecau la tratamente \u00eenc\u0103 din luna martie, anul acesta primii beneficiari ar putea ajunge la sta\u021biuni abia la finalul acestei luni. Potrivit reprezentan\u021bilor [&hellip;]<\/p>\n","protected":false},"author":1,"featured_media":0,"comment_status":"open","ping_status":"","sticky":false,"template":"","format":"standard","meta":{"footnotes":""},"categories":[2],"tags":[226,73],"class_list":["post-1886486","post","type-post","status-publish","format-standard","hentry","category-politics","tag-crawlmanager","tag-newss-ro"],"_links":{"self":[{"href":"https:\/\/analyse.optim.biz\/index.php?rest_route=\/wp\/v2\/posts\/1886486","targetHints":{"allow":["GET"]}}],"collection":[{"href":"https:\/\/analyse.optim.biz\/index.php?rest_route=\/wp\/v2\/posts"}],"about":[{"href":"https:\/\/analyse.optim.biz\/index.php?rest_route=\/wp\/v2\/types\/post"}],"author":[{"embeddable":true,"href":"https:\/\/analyse.optim.biz\/index.php?rest_route=\/wp\/v2\/users\/1"}],"replies":[{"embeddable":true,"href":"https:\/\/analyse.optim.biz\/index.php?rest_route=%2Fwp%2Fv2%2Fcomments&post=1886486"}],"version-history":[{"count":0,"href":"https:\/\/analyse.optim.biz\/index.php?rest_route=\/wp\/v2\/posts\/1886486\/revisions"}],"wp:attachment":[{"href":"https:\/\/analyse.optim.biz\/index.php?rest_route=%2Fwp%2Fv2%2Fmedia&parent=1886486"}],"wp:term":[{"taxonomy":"category","embeddable":true,"href":"https:\/\/analyse.optim.biz\/index.php?rest_route=%2Fwp%2Fv2%2Fcategories&post=1886486"},{"taxonomy":"post_tag","embeddable":true,"href":"https:\/\/analyse.optim.biz\/index.php?rest_route=%2Fwp%2Fv2%2Ftags&post=1886486"}],"curies":[{"name":"wp","href":"https:\/\/api.w.org\/{rel}","templated":true}]}}